{"end_date": "2026-09-01", "name": "TV MONACO", "info_url": "https://epg.pw/channels/557750/20260831.html", "country": "France", "description": null, "error_message": "", "provider": "", "source_url": "https://epg.pw/api/epg.json?channel_id=557750&date=20260831&timezone=None", "epg_list": [{"desc": "En 2010, le journaliste d'investigation Don Van Natta Jr. r\u00e9v\u00e8le de nouveaux \u00e9l\u00e9ments autour des pol\u00e9miques et des critiques suscit\u00e9es par l'annonce de LeBron James de quitter les Cleveland Cavaliers pour rejoindre le Miami Heat.", "start_date": "2026-08-31T00:20:00+00:00", "title": "Backstory - La d\u00e9cision"}, {"desc": "Un bulletin m\u00e9t\u00e9o plein de bonne humeur, capable de repousser les nuages et d'illuminer le ciel gris.", "start_date": "2026-08-31T01:12:00+00:00", "title": "La mou\u00e9t\u00e9o"}, {"desc": "Lance Armstrong fut tour \u00e0 tour l'un des sportifs les plus adul\u00e9s de l'histoire, puis l'un des plus d\u00e9cri\u00e9s. Dans ce documentaire, l'int\u00e9ress\u00e9 raconte lui-m\u00eame son ascension et sa chute. L'ancien champion cycliste d\u00e9voile comment il s'est fray\u00e9 un chemin vers la gloire - gagnant sept fois le Tour de France -, comment il a vaincu le cancer, et comment il a fait face au scandale de dopage qui l'a im", "start_date": "2026-08-31T01:15:00+00:00", "title": "Lance : la chute d un champion"}, {"desc": "Lance Armstrong fut tour \u00e0 tour l'un des sportifs les plus adul\u00e9s de l'histoire, puis l'un des plus d\u00e9cri\u00e9s. Dans ce documentaire, l'int\u00e9ress\u00e9 raconte lui-m\u00eame son ascension et sa chute. L'ancien champion cycliste d\u00e9voile comment il s'est fray\u00e9 un chemin vers la gloire - gagnant sept fois le Tour de France -, comment il a vaincu le cancer, et comment il a fait face au scandale de dopage qui l'a im", "start_date": "2026-08-31T02:50:00+00:00", "title": "Lance : La chute d'un champion"}, {"desc": "Un programme contemplatif qui invite les t\u00e9l\u00e9spectateurs \u00e0 d\u00e9couvrir la r\u00e9gion et la nature des environs de Monaco \u00e0 travers une approche immersive et apaisante.", "start_date": "2026-08-31T04:45:00+00:00", "title": "Slow TV R\u00e9gion"}, {"desc": "Un magazine sportif qui manifeste la volont\u00e9 de mettre en avant tous les sports, dont le handisport. L'objectif ? Aborder le sport avec s\u00e9rieux sans se prendre au s\u00e9rieux.", "start_date": "2026-08-31T05:00:00+00:00", "title": "\u00c7a matche"}, {"desc": "Chaque semaine, l'animateur re\u00e7oit une personnalit\u00e9 du sport, champion de sa discipline ou entra\u00eeneur, pour revenir sur une comp\u00e9tition, une carri\u00e8re ou un moment de vie.", "start_date": "2026-08-31T06:10:00+00:00", "title": "Le match dans le match"}, {"desc": "Un bulletin m\u00e9t\u00e9o plein de bonne humeur, capable de repousser les nuages et d'illuminer le ciel gris.", "start_date": "2026-08-31T06:36:00+00:00", "title": "La mou\u00e9t\u00e9o"}, {"desc": "L'alerte sonne dans Cerveau City : M\u00e9mo et Erreur partent identifier les d\u00e9terminants, ces petits mots essentiels qui accompagnent le nom et pr\u00e9cisent son sens !", "start_date": "2026-08-31T06:41:00+00:00", "title": "My Class"}, {"desc": "MC Solaar nous offre un nouveau projet nomm\u00e9 Tryptique. C'est une r\u00e9f\u00e9rence \u00e0 l'art graphique en g\u00e9n\u00e9ral, et sp\u00e9cifiquement au Street Art qui a toujours passionn\u00e9 MC Solaar d'ou son nom de sc\u00e8ne. Le premier EP de ce projet se nomme \\ Lueurs C\u00e9lestes \\ car l'\u00e9toile est le symbole de l'artiste. Constitu\u00e9 de 7 titres tous enregistr\u00e9s en France mais mix\u00e9s et masteris\u00e9s en France, au Canada et aux Etat", "start_date": "2026-08-31T06:55:00+00:00", "title": "B\u00e2timent B"}, {"desc": null, "start_date": "2026-08-31T07:45:00+00:00", "title": "Wilfred Owen, la plume et le fusil"}, {"desc": "La r\u00e9serve \u00e9cologique de Los Yaltes, au nord de l'\u00c9quateur, est en danger. Depuis 25 ans, le cin\u00e9aste fran\u00e7ais Philippe Molins m\u00e8ne de front recherche scientifique et combat \u00e9cologique pour sauver de la d\u00e9forestation ce sanctuaire de biodiversit\u00e9 unique au monde.", "start_date": "2026-08-31T08:40:00+00:00", "title": "Le secret de la for\u00eat de nuages"}, {"desc": "De Tarifa au Cap Nord, Fabien a parcouru 8000 kilom\u00e8tres \u00e0 v\u00e9lo en essayant de se lib\u00e9rer de tout emballage plastique et invite \u00e0 revoir les modes de consommation.", "start_date": "2026-08-31T09:30:00+00:00", "title": "Un monde sous vide"}, {"desc": "Un bulletin m\u00e9t\u00e9o plein de bonne humeur, capable de repousser les nuages et d'illuminer le ciel gris.", "start_date": "2026-08-31T10:25:00+00:00", "title": "La mou\u00e9t\u00e9o"}, {"desc": "Aujourd'hui, Capucine pr\u00e9pare un dessert hivernal : une tarte aux poires poch\u00e9es et ganache au chocolat.", "start_date": "2026-08-31T10:30:00+00:00", "title": "La table du march\u00e9 hiver"}, {"desc": "Aujourd'hui, Capucine pr\u00e9pare une recette hivernale : des Saint Jacques, sabayon au prosecco et pommes de terre farcies.", "start_date": "2026-08-31T10:40:00+00:00", "title": "La table du march\u00e9 hiver"}, {"desc": "Aujourd'hui, Capucine pr\u00e9pare un dessert printanier : des palets au chocolat avec une ganache au chocolat et nougatine.", "start_date": "2026-08-31T10:55:00+00:00", "title": "La table du march\u00e9 printemps"}, {"desc": "Aujourd'hui, Capucine pr\u00e9pare une recette printani\u00e8re : une panna cotta aux petits pois, menthe et crevettes poch\u00e9es.", "start_date": "2026-08-31T11:05:00+00:00", "title": "La table du march\u00e9 printemps"}, {"desc": null, "start_date": "2026-08-31T11:20:00+00:00", "title": "Traqueurs de serpents"}, {"desc": "Arles d\u00e9ploie ses pierres antiques et ses ruelles baign\u00e9es de lumi\u00e8re, o\u00f9 dialoguent pass\u00e9 mill\u00e9naire et cr\u00e9ation contemporaine. Des ar\u00e8nes romaines \u00e0 la Fondation Luma, du souffle de Van Gogh aux \u00e9clats de la photographie, la ville tisse une fresque unique, entre h\u00e9ritage et innovation.", "start_date": "2026-08-31T12:15:00+00:00", "title": "Collection Riviera"}, {"desc": "N\u00eemes d\u00e9voile ses tr\u00e9sors : ses ar\u00e8nes, bien s\u00fbr, mais aussi ses jardins, ses tours et ses march\u00e9s, qui refl\u00e8tent l'\u00e2me de ses habitants, m\u00ealant convivialit\u00e9 et traditions.", "start_date": "2026-08-31T13:10:00+00:00", "title": "Collection Riviera"}, {"desc": "Aux confins du Massif central, sommeille un refuge qui promet l'authenticit\u00e9 \u00e0 qui foulera ses chemins traversant autant d'\u00e9cosyst\u00e8mes qui, par leur g\u00e9ologie, leur faune et leur flore, fa\u00e7onnent les traditions et l'identit\u00e9 profonde de ce territoire unique : le parc national des C\u00e9vennes.", "start_date": "2026-08-31T14:00:00+00:00", "title": "Collection Riviera"}, {"desc": null, "start_date": "2026-08-31T14:55:00+00:00", "title": "Collection Riviera"}, {"desc": "L'alerte sonne dans Cerveau City : M\u00e9mo et Erreur partent identifier les d\u00e9terminants, ces petits mots essentiels qui accompagnent le nom et pr\u00e9cisent son sens !", "start_date": "2026-08-31T15:50:00+00:00", "title": "My Class"}, {"desc": "A l'heure du petit-d\u00e9jeuner, avec sa bande de chroniqueurs, Sebastien Serrano pr\u00e9sente tout ce qui se fait de mieux sur la Riviera et dans la Principaut\u00e9 de Monaco.", "start_date": "2026-08-31T16:05:00+00:00", "title": "\u00c7a va l'faire !"}, {"desc": "Le journal de TVMONACO : les temps forts de la semaine.", "start_date": "2026-08-31T17:00:00+00:00", "title": "L'actu"}, {"desc": "Un bulletin m\u00e9t\u00e9o plein de bonne humeur, capable de repousser les nuages et d'illuminer le ciel gris.", "start_date": "2026-08-31T17:20:00+00:00", "title": "La mou\u00e9t\u00e9o"}, {"desc": "Un conteneur rempli de bois rouge\u00e2tre a \u00e9t\u00e9 d\u00e9couvert dans le port de San Francisco, en Californie. Par pur hasard, un employ\u00e9 a reconnu l'essence de ce bois : l'alerce, l'une des esp\u00e8ces prot\u00e9g\u00e9es les plus pr\u00e9cieuses de la plan\u00e8te. Ce bois ne pouvait provenir que d'un seul endroit : le sud du Chili, o\u00f9 l'exploitation ill\u00e9gale a conduit cet arbre mill\u00e9naire end\u00e9mique au bord de l'extinction.", "start_date": "2026-08-31T17:25:00+00:00", "title": "Commerce Illicite"}, {"desc": "Le gigantesque business des compl\u00e9ments alimentaires s'est structur\u00e9 autour d'un d\u00e9sir que nous partageons tous : celui de booster son syst\u00e8me immunitaire pour mieux faire face \u00e0 la maladie. Mais les preuves d'efficacit\u00e9 des compl\u00e9ments alimentaires sont tr\u00e8s faibles. En revanche, le r\u00f4le b\u00e9n\u00e9fique de l'activit\u00e9 physique est lui toujours plus d\u00e9montr\u00e9. Plong\u00e9e dans la magie de notre syst\u00e8me immuni", "start_date": "2026-08-31T18:20:00+00:00", "title": "Le business des compl\u00e9ments alimentaires : stimuler son syst\u00e8me immunitaire"}, {"desc": "La consommation de produits anabolisants a pris des proportions alarmantes chez les jeunes hommes passionn\u00e9s de musculation, au nom d'une beaut\u00e9 masculine id\u00e9alis\u00e9e.", "start_date": "2026-08-31T18:50:00+00:00", "title": "Adonis, dop\u00e9s \u00e0 la muscu"}, {"desc": null, "start_date": "2026-08-31T19:40:00+00:00", "title": "La r\u00e9volution crispr - L'\u00e9dition du g\u00e9nome"}, {"desc": "Accus\u00e9 de harc\u00e8lement et d'agressions sexuels, le surpuissant producteur de cin\u00e9ma Harvey Weinstein est \u00e0 l'origine d'une affaire qui a conduit Hollywood \u00e0 faire le point sur la mani\u00e8re dont les femmes pouvaient \u00eatre d\u00e9consid\u00e9r\u00e9es par des individus sans vergogne. La pol\u00e9mique qui en a d\u00e9coul\u00e9 a abouti au d\u00e9clenchement du mouvement  plan\u00e9taire #MeToo.", "start_date": "2026-08-31T20:35:00+00:00", "title": "Abus sexuels \u00e0 Hollywood"}, {"desc": "Le journal de TVMONACO : les temps forts de la semaine.", "start_date": "2026-08-31T22:00:00+00:00", "title": "L'actu"}, {"desc": "Un bulletin m\u00e9t\u00e9o plein de bonne humeur, capable de repousser les nuages et d'illuminer le ciel gris.", "start_date": "2026-08-31T22:20:00+00:00", "title": "La mou\u00e9t\u00e9o"}, {"desc": "Form\u00e9 \u00e0 Londres en 2009 autour de Dave McLean et Vinny Neff, Django Django est un condens\u00e9 des innombrables influences de ses fondateurs. Gardant toujours un pied dans la musique club, leurs compositions n'h\u00e9sitent en revanche jamais \u00e0 aller lorgner du c\u00f4t\u00e9 de l'indie rock, du psych\u00e9 ou encore du breakbeat pour fa\u00e7onner un son qui leur est caract\u00e9ristique.", "start_date": "2026-08-31T22:25:00+00:00", "title": "Ground Control : Django Django"}, {"desc": "Les robots deviennent de plus en plus humains : les algorithmes leur permettent d'apprendre. Parall\u00e8lement, de plus en plus de d\u00e9cisions sont confi\u00e9es \u00e0 l'intelligence artificielle. Mais qu'est-ce qui distingue les processus de pens\u00e9e des humains et des machines ? D\u00e9couvrez les opportunit\u00e9s et les dangers de l'intelligence artificielle.", "start_date": "2026-08-31T23:25:00+00:00", "title": "Le nouveau Dieu - Comment l'intelligence artificielle est en train de changer le monde"}, {"desc": "Le chanteur, auteur et compositeur danois Lukas Forchhammer est le chanteur du groupe Lukas Graham, qui a acc\u00e9d\u00e9 \u00e0 la c\u00e9l\u00e9brit\u00e9 gr\u00e2ce aux titres 7 years et Love Someone, entre autres. Le groupe se produit depuis le d\u00e9but des ann\u00e9es 2010 sur les plus grandes sc\u00e8nes internationales. Mais l'ascension vers la c\u00e9l\u00e9brit\u00e9 n'est pas forc\u00e9ment un long chemin tranquille...", "start_date": "2026-09-01T00:26:00+00:00", "title": "7 years of Lukas Graham"}, {"desc": "Le journal de TVMONACO : les temps forts de la semaine.", "start_date": "2026-09-01T01:30:00+00:00", "title": "L'actu"}, {"desc": "Un bulletin m\u00e9t\u00e9o plein de bonne humeur, capable de repousser les nuages et d'illuminer le ciel gris.", "start_date": "2026-09-01T01:50:00+00:00", "title": "La mou\u00e9t\u00e9o"}, {"desc": "Quand l'aurore doucement \u00e9claire la m\u00e9diterran\u00e9e, une cit\u00e9 aux milles couleurs \u00e9merge de l'ombre, lov\u00e9e entre ciel et mer, la muse pr\u00e9f\u00e9r\u00e9e des \u00e2mes cr\u00e9atrices que sont Jean Cocteau, Picasso ou encore Dali\u2026 Bienvenue \u00e0 Menton, perle color\u00e9e de la Riviera. Ici les ruelles caboss\u00e9es content des histoires d'antan, leurs pav\u00e9s t\u00e9moins des inspir\u00e9s venus d'ailleurs qui ont travers\u00e9 ce lieu d'effervesce", "start_date": "2026-09-01T01:55:00+00:00", "title": "Collection Riviera"}, {"desc": "documentaire qui sensibilise aux dangers des microplastiques et de la pollution.", "start_date": "2026-09-01T02:50:00+00:00", "title": "Plastiques, menace plan\u00e9taire"}, {"desc": "\u00c0 38 ans, le c\u0153ur d'Elmar Sprink s'est soudainement arr\u00eat\u00e9. R\u00e9animation, soins intensifs, puis une greffe cardiaque qui lui sauve la vie. En moyenne, un c\u0153ur transplant\u00e9 bat pendant dix ans. Elmar, lui, fait tout pour prolonger ce d\u00e9lai. \u00c0 peine un an apr\u00e8s son op\u00e9ration, il s'entra\u00eene intensivement et participe \u00e0 un IRONMAN.", "start_date": "2026-09-01T03:45:00+00:00", "title": "Coeur d'acier"}, {"desc": "Un programme contemplatif qui invite les t\u00e9l\u00e9spectateurs \u00e0 d\u00e9couvrir la r\u00e9gion et la nature des environs de Monaco \u00e0 travers une approche immersive et apaisante.", "start_date": "2026-09-01T04:45:00+00:00", "title": "Slow TV R\u00e9gion"}, {"desc": "Un programme contemplatif qui invite les t\u00e9l\u00e9spectateurs \u00e0 d\u00e9couvrir la r\u00e9gion et la nature des environs de Monaco \u00e0 travers une approche immersive et apaisante.", "start_date": "2026-09-01T05:00:00+00:00", "title": "Slow TV R\u00e9gion"}, {"desc": "Un programme contemplatif qui invite les t\u00e9l\u00e9spectateurs \u00e0 d\u00e9couvrir la r\u00e9gion et la nature des environs de Monaco \u00e0 travers une approche immersive et apaisante.", "start_date": "2026-09-01T05:10:00+00:00", "title": "Slow TV R\u00e9gion"}, {"desc": "Un programme contemplatif qui invite les t\u00e9l\u00e9spectateurs \u00e0 d\u00e9couvrir la r\u00e9gion et la nature des environs de Monaco \u00e0 travers une approche immersive et apaisante.", "start_date": "2026-09-01T05:25:00+00:00", "title": "Slow TV R\u00e9gion"}, {"desc": "L'alerte sonne dans Cerveau City : M\u00e9mo et Erreur partent identifier les d\u00e9terminants, ces petits mots essentiels qui accompagnent le nom et pr\u00e9cisent son sens !", "start_date": "2026-09-01T05:40:00+00:00", "title": "My Class"}, {"desc": "Le journal de TVMONACO : les temps forts de la semaine.", "start_date": "2026-09-01T05:55:00+00:00", "title": "L'actu"}, {"desc": "Un bulletin m\u00e9t\u00e9o plein de bonne humeur, capable de repousser les nuages et d'illuminer le ciel gris.", "start_date": "2026-09-01T06:25:00+00:00", "title": "La mou\u00e9t\u00e9o"}, {"desc": "Comme un carnet de voyages, The Traveler est articul\u00e9 autour d'\u0153uvres de Camille Saint-Sa\u00ebns inspir\u00e9es de ses voyages m\u00e9diterran\u00e9ens, en Italie et surtout en Alg\u00e9rie. Lorsqu'il s\u00e9journait \u00e0 Alger, Camille Saint-Sa\u00ebns se rendait discr\u00e8tement dans les caf\u00e9s de la Casbah pour y entendre des musiciens arabes, tout comme \u00e0 Alexandrie et \u00e0 Isma\u00eflia.", "start_date": "2026-09-01T06:30:00+00:00", "title": "Saint-Sa\u00ebns : Le voyageur - Orchestre symphonique divertimento, Zahia Ziouani"}, {"desc": null, "start_date": "2026-09-01T07:15:00+00:00", "title": "Collection Riviera"}, {"desc": "Comment explorer les strat\u00e9gies de survie des parasites, qui vont au-del\u00e0 du parasitisme pour s'accomplir dans la symbiose, et examiner l'impact des activit\u00e9s humaines sur l'\u00e9cosyst\u00e8me. Une plong\u00e9e fascinante dans le monde m\u00e9connu des parasites et leurs relations avec la vie qui les entoure.", "start_date": "2026-09-01T08:10:00+00:00", "title": "Parasite 2"}, {"desc": "Comment explorer les strat\u00e9gies de survie des parasites, qui vont au-del\u00e0 du parasitisme pour s'accomplir dans la symbiose, et examiner l'impact des activit\u00e9s humaines sur l'\u00e9cosyst\u00e8me. Une plong\u00e9e fascinante dans le monde m\u00e9connu des parasites et leurs relations avec la vie qui les entoure.", "start_date": "2026-09-01T08:55:00+00:00", "title": "Parasite 2"}, {"desc": "Comment explorer les strat\u00e9gies de survie des parasites, qui vont au-del\u00e0 du parasitisme pour s'accomplir dans la symbiose, et examiner l'impact des activit\u00e9s humaines sur l'\u00e9cosyst\u00e8me. Une plong\u00e9e fascinante dans le monde m\u00e9connu des parasites et leurs relations avec la vie qui les entoure.", "start_date": "2026-09-01T09:45:00+00:00", "title": "Parasite 2"}, {"desc": "Un bulletin m\u00e9t\u00e9o plein de bonne humeur, capable de repousser les nuages et d'illuminer le ciel gris.", "start_date": "2026-09-01T10:30:00+00:00", "title": "La mou\u00e9t\u00e9o"}, {"desc": "Aujourd'hui, Capucine pr\u00e9pare un dessert printanier : des palets au chocolat avec une ganache au chocolat et nougatine.", "start_date": "2026-09-01T10:35:00+00:00", "title": "La table du march\u00e9 printemps"}, {"desc": "Aujourd'hui, Capucine pr\u00e9pare une recette printani\u00e8re : une panna cotta aux petits pois, menthe et crevettes poch\u00e9es.", "start_date": "2026-09-01T10:45:00+00:00", "title": "La table du march\u00e9 printemps"}, {"desc": "LA TABLE DU MARCHE propose au spectateur de d\u00e9couvrir les march\u00e9s les plus charmants/typiques/insolites de la Riviera au travers de portraits rapides et de recettes gourmandes et de saison.", "start_date": "2026-09-01T11:00:00+00:00", "title": "La table du march\u00e9 printemps"}, {"desc": "LA TABLE DU MARCHE propose au spectateur de d\u00e9couvrir les march\u00e9s les plus charmants/typiques/insolites de la Riviera au travers de portraits rapides et de recettes gourmandes et de saison.", "start_date": "2026-09-01T11:10:00+00:00", "title": "La table du march\u00e9 printemps"}, {"desc": null, "start_date": "2026-09-01T11:25:00+00:00", "title": "Traqueurs de serpents"}, {"desc": "D\u00e8s le XVIIe si\u00e8cle, les objets chinois \u00e9blouissent les rois de France et s'invitent dans les int\u00e9rieurs du ch\u00e2teau de Versailles. R\u00e9ciproquement, tapisseries et instruments d'astronomie fran\u00e7ais impressionnent la Chine de l'empereur Kangxi. Entre fascination, imitation et transformation, ces chefs-d'oeuvre de leur temps ont nourri un dialogue incessant entre les deux cultures, suivant l'\u00e9volution", "start_date": "2026-09-01T12:20:00+00:00", "title": "Chine - France, l'art en partage"}, {"desc": null, "start_date": "2026-09-01T13:10:00+00:00", "title": "Herbert Traube, le destin fran\u00e7ais d'un ind\u00e9sirable"}, {"desc": null, "start_date": "2026-09-01T14:40:00+00:00", "title": "A la poursuite de Rembrandt"}, {"desc": "Aujourd'hui, Capucine pr\u00e9pare une recette automnale : un moelleux aux figues et sa glace \u00e0 la feuille de figuier et aux amandes.", "start_date": "2026-09-01T15:35:00+00:00", "title": "La table du march\u00e9 automne"}, {"desc": "Tout juste sorti de chantier, le nouveau bateau du skipper Boris Herrmann se d\u00e9voile pour la premi\u00e8re fois. Partez \u00e0 la d\u00e9couverte de ce nouveau g\u00e9ant des mers du Yacht Club de Monaco.", "start_date": "2026-09-01T15:50:00+00:00", "title": "Team Malizia : Un nouveau d\u00e9part"}, {"desc": "L'Ocean Race Atlantic 2026 est une course transatlantique \u00e0 grande vitesse, avec \u00e9quipage complet, r\u00e9serv\u00e9e \u00e0 la classe IMOCA \u00e0 foils, qui fera ses d\u00e9buts en septembre 2026 en tant que premi\u00e8re course point \u00e0 point de nos 50 ans d'histoire.", "start_date": "2026-09-01T16:00:00+00:00", "title": "D\u00e9part de la course"}, {"desc": "Un bulletin m\u00e9t\u00e9o plein de bonne humeur, capable de repousser les nuages et d'illuminer le ciel gris.", "start_date": "2026-09-01T17:14:00+00:00", "title": "La mou\u00e9t\u00e9o"}, {"desc": null, "start_date": "2026-09-01T17:20:00+00:00", "title": "Commerce Illicite"}, {"desc": "Glaciers en p\u00e9ril : \u00e7a fait pr\u00e8s de 150 ans que les scientifiques observent le glacier du Rh\u00f4ne, et jamais ils n'avaient observ\u00e9 une fonte d'une telle ampleur, avec notamment d'\u00e9normes cavit\u00e9s qui se forment sous les glaciers et dont on vous livre les images impressionnantes. Les scientifiques estiment que la totalit\u00e9 des glaciers suisses pourrait avoir disparu d'ici la fin du si\u00e8cle si nous ne li", "start_date": "2026-09-01T18:10:00+00:00", "title": "Etudier les glaciers des Alpes avant leur disparition"}, {"desc": "Le journal de TVMONACO : les temps forts de la semaine.", "start_date": "2026-09-01T18:30:00+00:00", "title": "L'actu"}, {"desc": "Nombreux sont les documents qui montrent ces soldats d'\u00e9lite en train de sauter, de ramper, de s'entra\u00eener en Guyane ou ailleurs. Peu, voire aucun ne montre ces \u00e9trangers dans des moments de calme, de recul. Ce film s'est pr\u00e9cis\u00e9ment construit sur la parole de ces soldats \u00e9trangers, effa\u00e7ant volontairement celle des officiers fran\u00e7ais. Les l\u00e9gionnaires racontent ainsi leur histoire souvent caboss\u00e9", "start_date": "2026-09-01T18:50:00+00:00", "title": "Legionnaires"}, {"desc": "Dans les ann\u00e9es 1960, les possibilit\u00e9s offertes aux femmes en Am\u00e9rique sont fondamentalement limit\u00e9es. Mais lorsque le mouvement des droits civiques r\u00e9v\u00e8le une nouvelle voie vers le progr\u00e8s, la cr\u00e9ativit\u00e9 et la d\u00e9termination d'un petit groupe conduisent \u00e0 l'adoption de l'amendement Title IX, une loi que peu de gens ont vu venir.", "start_date": "2026-09-01T19:55:00+00:00", "title": "37 Words"}, {"desc": "Dans les ann\u00e9es 1970, port\u00e9e par l'amendement IX, la premi\u00e8re g\u00e9n\u00e9ration de b\u00e9n\u00e9ficiaires de la nouvelle l\u00e9gislation s'efforce de faire de son noble langage juridique une r\u00e9alit\u00e9. Parfois \u00e0 leurs d\u00e9pens, ces femmes transforment la promesse de 37 Words en un v\u00e9ritable progr\u00e8s.", "start_date": "2026-09-01T20:45:00+00:00", "title": "37 Words"}, {"desc": "Le journal de TVMONACO : les temps forts de la semaine.", "start_date": "2026-09-01T21:40:00+00:00", "title": "L'actu"}, {"desc": "Un bulletin m\u00e9t\u00e9o plein de bonne humeur, capable de repousser les nuages et d'illuminer le ciel gris.", "start_date": "2026-09-01T21:56:00+00:00", "title": "La mou\u00e9t\u00e9o"}, {"desc": null, "start_date": "2026-09-01T22:00:00+00:00", "title": "Hatik"}, {"desc": "De l'enfance \u00e0 la retraite, nous d\u00e9couvrons la vie d'un joueur de basket-ball \u00e9toile, Dwyane Wade.. A travers ses hauts et ses bas, la vie de sportif professionnel ne se r\u00e9sume pas au basket-ball et \u00e0 ses lumi\u00e8res.", "start_date": "2026-09-01T22:35:00+00:00", "title": "D. Wade : Une vie inattendue"}], "offset": "+00:00", "timezone": "UTC", "error_code": -1, "start_date": "2026-08-31", "icon": ""}