{"end_date": "2026-09-02", "name": "TV MONACO", "info_url": "https://epg.pw/channels/557750/20260901.html", "country": "France", "description": null, "error_message": "", "provider": "", "source_url": "https://epg.pw/api/epg.json?channel_id=557750&date=20260901&timezone=None", "epg_list": [{"desc": "Le chanteur, auteur et compositeur danois Lukas Forchhammer est le chanteur du groupe Lukas Graham, qui a acc\u00e9d\u00e9 \u00e0 la c\u00e9l\u00e9brit\u00e9 gr\u00e2ce aux titres 7 years et Love Someone, entre autres. Le groupe se produit depuis le d\u00e9but des ann\u00e9es 2010 sur les plus grandes sc\u00e8nes internationales. Mais l'ascension vers la c\u00e9l\u00e9brit\u00e9 n'est pas forc\u00e9ment un long chemin tranquille...", "start_date": "2026-09-01T00:26:00+00:00", "title": "7 years of Lukas Graham"}, {"desc": "Le journal de TVMONACO : les temps forts de la semaine.", "start_date": "2026-09-01T01:30:00+00:00", "title": "L'actu"}, {"desc": "Un bulletin m\u00e9t\u00e9o plein de bonne humeur, capable de repousser les nuages et d'illuminer le ciel gris.", "start_date": "2026-09-01T01:50:00+00:00", "title": "La mou\u00e9t\u00e9o"}, {"desc": "Quand l'aurore doucement \u00e9claire la m\u00e9diterran\u00e9e, une cit\u00e9 aux milles couleurs \u00e9merge de l'ombre, lov\u00e9e entre ciel et mer, la muse pr\u00e9f\u00e9r\u00e9e des \u00e2mes cr\u00e9atrices que sont Jean Cocteau, Picasso ou encore Dali\u2026 Bienvenue \u00e0 Menton, perle color\u00e9e de la Riviera. Ici les ruelles caboss\u00e9es content des histoires d'antan, leurs pav\u00e9s t\u00e9moins des inspir\u00e9s venus d'ailleurs qui ont travers\u00e9 ce lieu d'effervesce", "start_date": "2026-09-01T01:55:00+00:00", "title": "Collection Riviera"}, {"desc": "documentaire qui sensibilise aux dangers des microplastiques et de la pollution.", "start_date": "2026-09-01T02:50:00+00:00", "title": "Plastiques, menace plan\u00e9taire"}, {"desc": "\u00c0 38 ans, le c\u0153ur d'Elmar Sprink s'est soudainement arr\u00eat\u00e9. R\u00e9animation, soins intensifs, puis une greffe cardiaque qui lui sauve la vie. En moyenne, un c\u0153ur transplant\u00e9 bat pendant dix ans. Elmar, lui, fait tout pour prolonger ce d\u00e9lai. \u00c0 peine un an apr\u00e8s son op\u00e9ration, il s'entra\u00eene intensivement et participe \u00e0 un IRONMAN.", "start_date": "2026-09-01T03:45:00+00:00", "title": "Coeur d'acier"}, {"desc": "Un programme contemplatif qui invite les t\u00e9l\u00e9spectateurs \u00e0 d\u00e9couvrir la r\u00e9gion et la nature des environs de Monaco \u00e0 travers une approche immersive et apaisante.", "start_date": "2026-09-01T04:45:00+00:00", "title": "Slow TV R\u00e9gion"}, {"desc": "Un programme contemplatif qui invite les t\u00e9l\u00e9spectateurs \u00e0 d\u00e9couvrir la r\u00e9gion et la nature des environs de Monaco \u00e0 travers une approche immersive et apaisante.", "start_date": "2026-09-01T05:00:00+00:00", "title": "Slow TV R\u00e9gion"}, {"desc": "Un programme contemplatif qui invite les t\u00e9l\u00e9spectateurs \u00e0 d\u00e9couvrir la r\u00e9gion et la nature des environs de Monaco \u00e0 travers une approche immersive et apaisante.", "start_date": "2026-09-01T05:10:00+00:00", "title": "Slow TV R\u00e9gion"}, {"desc": "Un programme contemplatif qui invite les t\u00e9l\u00e9spectateurs \u00e0 d\u00e9couvrir la r\u00e9gion et la nature des environs de Monaco \u00e0 travers une approche immersive et apaisante.", "start_date": "2026-09-01T05:25:00+00:00", "title": "Slow TV R\u00e9gion"}, {"desc": "L'alerte sonne dans Cerveau City : M\u00e9mo et Erreur partent identifier les d\u00e9terminants, ces petits mots essentiels qui accompagnent le nom et pr\u00e9cisent son sens !", "start_date": "2026-09-01T05:40:00+00:00", "title": "My Class"}, {"desc": "Le journal de TVMONACO : les temps forts de la semaine.", "start_date": "2026-09-01T05:55:00+00:00", "title": "L'actu"}, {"desc": "Un bulletin m\u00e9t\u00e9o plein de bonne humeur, capable de repousser les nuages et d'illuminer le ciel gris.", "start_date": "2026-09-01T06:25:00+00:00", "title": "La mou\u00e9t\u00e9o"}, {"desc": "Comme un carnet de voyages, The Traveler est articul\u00e9 autour d'\u0153uvres de Camille Saint-Sa\u00ebns inspir\u00e9es de ses voyages m\u00e9diterran\u00e9ens, en Italie et surtout en Alg\u00e9rie. Lorsqu'il s\u00e9journait \u00e0 Alger, Camille Saint-Sa\u00ebns se rendait discr\u00e8tement dans les caf\u00e9s de la Casbah pour y entendre des musiciens arabes, tout comme \u00e0 Alexandrie et \u00e0 Isma\u00eflia.", "start_date": "2026-09-01T06:30:00+00:00", "title": "Saint-Sa\u00ebns : Le voyageur - Orchestre symphonique divertimento, Zahia Ziouani"}, {"desc": null, "start_date": "2026-09-01T07:15:00+00:00", "title": "Collection Riviera"}, {"desc": "Comment explorer les strat\u00e9gies de survie des parasites, qui vont au-del\u00e0 du parasitisme pour s'accomplir dans la symbiose, et examiner l'impact des activit\u00e9s humaines sur l'\u00e9cosyst\u00e8me. Une plong\u00e9e fascinante dans le monde m\u00e9connu des parasites et leurs relations avec la vie qui les entoure.", "start_date": "2026-09-01T08:10:00+00:00", "title": "Parasite 2"}, {"desc": "Comment explorer les strat\u00e9gies de survie des parasites, qui vont au-del\u00e0 du parasitisme pour s'accomplir dans la symbiose, et examiner l'impact des activit\u00e9s humaines sur l'\u00e9cosyst\u00e8me. Une plong\u00e9e fascinante dans le monde m\u00e9connu des parasites et leurs relations avec la vie qui les entoure.", "start_date": "2026-09-01T08:55:00+00:00", "title": "Parasite 2"}, {"desc": "Comment explorer les strat\u00e9gies de survie des parasites, qui vont au-del\u00e0 du parasitisme pour s'accomplir dans la symbiose, et examiner l'impact des activit\u00e9s humaines sur l'\u00e9cosyst\u00e8me. Une plong\u00e9e fascinante dans le monde m\u00e9connu des parasites et leurs relations avec la vie qui les entoure.", "start_date": "2026-09-01T09:45:00+00:00", "title": "Parasite 2"}, {"desc": "Un bulletin m\u00e9t\u00e9o plein de bonne humeur, capable de repousser les nuages et d'illuminer le ciel gris.", "start_date": "2026-09-01T10:30:00+00:00", "title": "La mou\u00e9t\u00e9o"}, {"desc": "Aujourd'hui, Capucine pr\u00e9pare un dessert printanier : des palets au chocolat avec une ganache au chocolat et nougatine.", "start_date": "2026-09-01T10:35:00+00:00", "title": "La table du march\u00e9 printemps"}, {"desc": "Aujourd'hui, Capucine pr\u00e9pare une recette printani\u00e8re : une panna cotta aux petits pois, menthe et crevettes poch\u00e9es.", "start_date": "2026-09-01T10:45:00+00:00", "title": "La table du march\u00e9 printemps"}, {"desc": "LA TABLE DU MARCHE propose au spectateur de d\u00e9couvrir les march\u00e9s les plus charmants/typiques/insolites de la Riviera au travers de portraits rapides et de recettes gourmandes et de saison.", "start_date": "2026-09-01T11:00:00+00:00", "title": "La table du march\u00e9 printemps"}, {"desc": "LA TABLE DU MARCHE propose au spectateur de d\u00e9couvrir les march\u00e9s les plus charmants/typiques/insolites de la Riviera au travers de portraits rapides et de recettes gourmandes et de saison.", "start_date": "2026-09-01T11:10:00+00:00", "title": "La table du march\u00e9 printemps"}, {"desc": null, "start_date": "2026-09-01T11:25:00+00:00", "title": "Traqueurs de serpents"}, {"desc": "D\u00e8s le XVIIe si\u00e8cle, les objets chinois \u00e9blouissent les rois de France et s'invitent dans les int\u00e9rieurs du ch\u00e2teau de Versailles. R\u00e9ciproquement, tapisseries et instruments d'astronomie fran\u00e7ais impressionnent la Chine de l'empereur Kangxi. Entre fascination, imitation et transformation, ces chefs-d'oeuvre de leur temps ont nourri un dialogue incessant entre les deux cultures, suivant l'\u00e9volution", "start_date": "2026-09-01T12:20:00+00:00", "title": "Chine - France, l'art en partage"}, {"desc": null, "start_date": "2026-09-01T13:10:00+00:00", "title": "Herbert Traube, le destin fran\u00e7ais d'un ind\u00e9sirable"}, {"desc": null, "start_date": "2026-09-01T14:40:00+00:00", "title": "A la poursuite de Rembrandt"}, {"desc": "Aujourd'hui, Capucine pr\u00e9pare une recette automnale : un moelleux aux figues et sa glace \u00e0 la feuille de figuier et aux amandes.", "start_date": "2026-09-01T15:35:00+00:00", "title": "La table du march\u00e9 automne"}, {"desc": "Tout juste sorti de chantier, le nouveau bateau du skipper Boris Herrmann se d\u00e9voile pour la premi\u00e8re fois. Partez \u00e0 la d\u00e9couverte de ce nouveau g\u00e9ant des mers du Yacht Club de Monaco.", "start_date": "2026-09-01T15:50:00+00:00", "title": "Team Malizia : Un nouveau d\u00e9part"}, {"desc": "L'Ocean Race Atlantic 2026 est une course transatlantique \u00e0 grande vitesse, avec \u00e9quipage complet, r\u00e9serv\u00e9e \u00e0 la classe IMOCA \u00e0 foils, qui fera ses d\u00e9buts en septembre 2026 en tant que premi\u00e8re course point \u00e0 point de nos 50 ans d'histoire.", "start_date": "2026-09-01T16:00:00+00:00", "title": "D\u00e9part de la course"}, {"desc": "Un bulletin m\u00e9t\u00e9o plein de bonne humeur, capable de repousser les nuages et d'illuminer le ciel gris.", "start_date": "2026-09-01T17:14:00+00:00", "title": "La mou\u00e9t\u00e9o"}, {"desc": null, "start_date": "2026-09-01T17:20:00+00:00", "title": "Commerce Illicite"}, {"desc": "Glaciers en p\u00e9ril : \u00e7a fait pr\u00e8s de 150 ans que les scientifiques observent le glacier du Rh\u00f4ne, et jamais ils n'avaient observ\u00e9 une fonte d'une telle ampleur, avec notamment d'\u00e9normes cavit\u00e9s qui se forment sous les glaciers et dont on vous livre les images impressionnantes. Les scientifiques estiment que la totalit\u00e9 des glaciers suisses pourrait avoir disparu d'ici la fin du si\u00e8cle si nous ne li", "start_date": "2026-09-01T18:10:00+00:00", "title": "Etudier les glaciers des Alpes avant leur disparition"}, {"desc": "Le journal de TVMONACO : les temps forts de la semaine.", "start_date": "2026-09-01T18:30:00+00:00", "title": "L'actu"}, {"desc": "Nombreux sont les documents qui montrent ces soldats d'\u00e9lite en train de sauter, de ramper, de s'entra\u00eener en Guyane ou ailleurs. Peu, voire aucun ne montre ces \u00e9trangers dans des moments de calme, de recul. Ce film s'est pr\u00e9cis\u00e9ment construit sur la parole de ces soldats \u00e9trangers, effa\u00e7ant volontairement celle des officiers fran\u00e7ais. Les l\u00e9gionnaires racontent ainsi leur histoire souvent caboss\u00e9", "start_date": "2026-09-01T18:50:00+00:00", "title": "Legionnaires"}, {"desc": "Dans les ann\u00e9es 1960, les possibilit\u00e9s offertes aux femmes en Am\u00e9rique sont fondamentalement limit\u00e9es. Mais lorsque le mouvement des droits civiques r\u00e9v\u00e8le une nouvelle voie vers le progr\u00e8s, la cr\u00e9ativit\u00e9 et la d\u00e9termination d'un petit groupe conduisent \u00e0 l'adoption de l'amendement Title IX, une loi que peu de gens ont vu venir.", "start_date": "2026-09-01T19:55:00+00:00", "title": "37 Words"}, {"desc": "Dans les ann\u00e9es 1970, port\u00e9e par l'amendement IX, la premi\u00e8re g\u00e9n\u00e9ration de b\u00e9n\u00e9ficiaires de la nouvelle l\u00e9gislation s'efforce de faire de son noble langage juridique une r\u00e9alit\u00e9. Parfois \u00e0 leurs d\u00e9pens, ces femmes transforment la promesse de 37 Words en un v\u00e9ritable progr\u00e8s.", "start_date": "2026-09-01T20:45:00+00:00", "title": "37 Words"}, {"desc": "Le journal de TVMONACO : les temps forts de la semaine.", "start_date": "2026-09-01T21:40:00+00:00", "title": "L'actu"}, {"desc": "Un bulletin m\u00e9t\u00e9o plein de bonne humeur, capable de repousser les nuages et d'illuminer le ciel gris.", "start_date": "2026-09-01T21:56:00+00:00", "title": "La mou\u00e9t\u00e9o"}, {"desc": null, "start_date": "2026-09-01T22:00:00+00:00", "title": "Hatik"}, {"desc": "De l'enfance \u00e0 la retraite, nous d\u00e9couvrons la vie d'un joueur de basket-ball \u00e9toile, Dwyane Wade.. A travers ses hauts et ses bas, la vie de sportif professionnel ne se r\u00e9sume pas au basket-ball et \u00e0 ses lumi\u00e8res.", "start_date": "2026-09-01T22:35:00+00:00", "title": "D. Wade : Une vie inattendue"}, {"desc": "Don Van Natta Jr. examine les sanctions inflig\u00e9es par la Major League Baseball \u00e0 Shoeless Joe Jackson et Pete Rose \u00e0 travers de nouvelles enqu\u00eates et des interviews in\u00e9dites, explorant ce qui a chang\u00e9 depuis leur interdiction dans le sport.", "start_date": "2026-09-02T00:15:00+00:00", "title": "Backstory : banni \u00e0 vie"}, {"desc": "Le journal de TVMONACO : les temps forts de la semaine.", "start_date": "2026-09-02T01:10:00+00:00", "title": "L'actu"}, {"desc": "Un bulletin m\u00e9t\u00e9o plein de bonne humeur, capable de repousser les nuages et d'illuminer le ciel gris.", "start_date": "2026-09-02T01:30:00+00:00", "title": "La mou\u00e9t\u00e9o"}, {"desc": "Ce film a \u00e9t\u00e9 tourn\u00e9 en automne 2021 dans le cadre d'un voyage d'une semaine - L'\u00c9chapp\u00e9e rose - organis\u00e9 par l'association tourangelle Au Sein des Femmes de Touraine. Cette troisi\u00e8me \u00e9dition s'est d\u00e9roul\u00e9e dans les...", "start_date": "2026-09-02T01:35:00+00:00", "title": "L'\u00e9chapp\u00e9e 20 femmes en r\u00e9mission du cancer du sein"}, {"desc": null, "start_date": "2026-09-02T02:20:00+00:00", "title": "No Limits"}, {"desc": "Jusqu'o\u00f9 iriez-vous \u00e0 la recherche de quelque chose qui n'existe peut-\u00eatre pas ?", "start_date": "2026-09-02T03:10:00+00:00", "title": "La folie des vagues"}, {"desc": "Un programme contemplatif qui invite les t\u00e9l\u00e9spectateurs \u00e0 d\u00e9couvrir la r\u00e9gion et la nature des environs de Monaco \u00e0 travers une approche immersive et apaisante.", "start_date": "2026-09-02T04:45:00+00:00", "title": "Slow TV R\u00e9gion"}, {"desc": "Un programme contemplatif qui invite les t\u00e9l\u00e9spectateurs \u00e0 d\u00e9couvrir la r\u00e9gion et la nature des environs de Monaco \u00e0 travers une approche immersive et apaisante.", "start_date": "2026-09-02T05:00:00+00:00", "title": "Slow TV R\u00e9gion"}, {"desc": "L'alerte sonne dans Cerveau City : M\u00e9mo et Erreur partent identifier les d\u00e9terminants, ces petits mots essentiels qui accompagnent le nom et pr\u00e9cisent son sens !", "start_date": "2026-09-02T05:45:00+00:00", "title": "My Class"}, {"desc": "Le journal de TVMONACO : les temps forts de la semaine.", "start_date": "2026-09-02T06:00:00+00:00", "title": "L'actu"}, {"desc": "Un bulletin m\u00e9t\u00e9o plein de bonne humeur, capable de repousser les nuages et d'illuminer le ciel gris.", "start_date": "2026-09-02T06:20:00+00:00", "title": "La mou\u00e9t\u00e9o"}, {"desc": "Po\u00e8te, conteur, \u00e9crivain et musicien, Anthony Joseph combine ces disciplines entre spoken word, jazz, funk et soul pour d\u00e9livrer \u00e0 son public une musique envo\u00fbtante et percutante depuis la sc\u00e8ne de Jazz \u00e0 la Villette.", "start_date": "2026-09-02T06:25:00+00:00", "title": "Anthony Joseph"}, {"desc": "Jardin animalier Rainier III, r\u00e9serve des monts d'Azur, hippodrome de Cagnes-sur-Mer, chien d'aveugles : avec Christophe Ollivier, retour sur les meilleurs moments de l'\u00e9mission.", "start_date": "2026-09-02T07:45:00+00:00", "title": "100% pur poils"}, {"desc": "A Pierrelatte, pr\u00e8s d'Avignon, la Ferme aux crocodiles abrite sous une grande serre chauff\u00e9e des centaines de sp\u00e9cimens. Christophe Ollivier la visite avec Samuel Martin.", "start_date": "2026-09-02T08:10:00+00:00", "title": "100% pur poils"}, {"desc": "Jardin animalier Rainier III, r\u00e9serve des monts d'Azur, hippodrome de Cagnes-sur-Mer, chien d'aveugles : avec Christophe Ollivier, retour sur les meilleurs moments de l'\u00e9mission.", "start_date": "2026-09-02T08:35:00+00:00", "title": "100% pur poils"}, {"desc": "Jardin animalier Rainier III, r\u00e9serve des monts d'Azur, hippodrome de Cagnes-sur-Mer, chien d'aveugles : avec Christophe Ollivier, retour sur les meilleurs moments de l'\u00e9mission.", "start_date": "2026-09-02T09:00:00+00:00", "title": "100% pur poils"}, {"desc": "Le ma\u00eetre de la photographie sous-marine et cin\u00e9aste Andr\u00e9 Musgrove se lance le d\u00e9fi de red\u00e9couvrir l'\u00eele de Bimini \u00e0 travers son objectif. Il choisit d'emmener son \u00e9quipe sous l'eau afin de r\u00e9v\u00e9ler des \u00e9paves spectaculaires, une faune marine exceptionnelle et des images saisissantes, tout en photographiant la championne d'apn\u00e9e Sophia Palvachinni dans ces d\u00e9cors uniques.", "start_date": "2026-09-02T09:30:00+00:00", "title": "Couleurs Des \u00celes : Les Cara\u00efbes En Images"}, {"desc": "La photographe de mode pour Vogue Robyn Damianos et le ma\u00eetre du portrait Scharad Lightbourne, choisissent leur muse pour donner vie \u00e0 leur vision de \\ Creative Nassau \\.", "start_date": "2026-09-02T09:55:00+00:00", "title": "Couleurs Des \u00celes : Les Cara\u00efbes En Images"}, {"desc": "Un bulletin m\u00e9t\u00e9o plein de bonne humeur, capable de repousser les nuages et d'illuminer le ciel gris.", "start_date": "2026-09-02T10:25:00+00:00", "title": "La mou\u00e9t\u00e9o"}, {"desc": "LA TABLE DU MARCHE propose au spectateur de d\u00e9couvrir les march\u00e9s les plus charmants/typiques/insolites de la Riviera au travers de portraits rapides et de recettes gourmandes et de saison.", "start_date": "2026-09-02T10:30:00+00:00", "title": "La table du march\u00e9 printemps"}, {"desc": "LA TABLE DU MARCHE propose au spectateur de d\u00e9couvrir les march\u00e9s les plus charmants/typiques/insolites de la Riviera au travers de portraits rapides et de recettes gourmandes et de saison.", "start_date": "2026-09-02T10:40:00+00:00", "title": "La table du march\u00e9 printemps"}, {"desc": "LA TABLE DU MARCHE propose au spectateur de d\u00e9couvrir les march\u00e9s les plus charmants/typiques/insolites de la Riviera au travers de portraits rapides et de recettes gourmandes et de saison.", "start_date": "2026-09-02T10:55:00+00:00", "title": "La table du march\u00e9 printemps"}, {"desc": "decouvrez les marches les plus charmant de la Riviera au travers de portraits rapides et de recettes gourmandes et de saison.", "start_date": "2026-09-02T11:05:00+00:00", "title": "La table du march\u00e9 \u00e9t\u00e9"}, {"desc": null, "start_date": "2026-09-02T11:20:00+00:00", "title": "Traqueurs de serpents"}, {"desc": null, "start_date": "2026-09-02T12:15:00+00:00", "title": "I Hate Christian Laettner"}, {"desc": "Dans le sillage de la pand\u00e9mie de Covid-19, la saison 2020 de la WNBA s'est d\u00e9roul\u00e9e \u00e0 Bradenton, en Floride ; 144 joueuses de 12 \u00e9quipes ont pass\u00e9 l'\u00e9t\u00e9 dans une bulle. 144 est l'histoire int\u00e9rieure de ce qui s'est pass\u00e9 sur et en dehors du terrain au cours de cette saison tumultueuse de deux mois et demi, tir\u00e9e de la couverture extensive et exclusive des cam\u00e9ras d'ESPN.", "start_date": "2026-09-02T13:35:00+00:00", "title": "144"}, {"desc": "En d\u00e9pit des promesses de la technologie de nous lib\u00e9rer du temps, nous sommes plus occup\u00e9s que jamais, travaillant plus d'heures et constamment connect\u00e9s. Le documentaire examine pourquoi nous travaillons toujours plus et propose des solutions, en nous inspirant des cultures du pass\u00e9 et du monde entier pour r\u00e9apprendre \u00e0 pr\u00e9server notre bien.", "start_date": "2026-09-02T14:50:00+00:00", "title": "Burnout : La v\u00e9rit\u00e9 sur le travail"}, {"desc": "L'alerte sonne dans Cerveau City : M\u00e9mo et Erreur partent identifier les d\u00e9terminants, ces petits mots essentiels qui accompagnent le nom et pr\u00e9cisent son sens !", "start_date": "2026-09-02T15:45:00+00:00", "title": "My Class"}, {"desc": "L'alerte sonne dans Cerveau City : M\u00e9mo et Erreur partent identifier les d\u00e9terminants, ces petits mots essentiels qui accompagnent le nom et pr\u00e9cisent son sens !", "start_date": "2026-09-02T15:55:00+00:00", "title": "My Class"}, {"desc": "A l'heure du petit-d\u00e9jeuner, avec sa bande de chroniqueurs, Sebastien Serrano pr\u00e9sente tout ce qui se fait de mieux sur la Riviera et dans la Principaut\u00e9 de Monaco.", "start_date": "2026-09-02T16:05:00+00:00", "title": "\u00c7a va l'faire !"}, {"desc": "Le journal de TVMONACO : les temps forts de la semaine.", "start_date": "2026-09-02T17:00:00+00:00", "title": "L'actu"}, {"desc": "Un bulletin m\u00e9t\u00e9o plein de bonne humeur, capable de repousser les nuages et d'illuminer le ciel gris.", "start_date": "2026-09-02T17:20:00+00:00", "title": "La mou\u00e9t\u00e9o"}, {"desc": null, "start_date": "2026-09-02T17:25:00+00:00", "title": "Un No\u00ebl dans la maison imp\u00e9riale de Habsbourg"}, {"desc": "Le Club Francophone, nouveau magazine culturel hebdomadaire consacr\u00e9 \u00e0 la litt\u00e9rature, \u00e0 la culture et \u00e0 celles et ceux qui les font vivre \u00e0 travers la francophonie.", "start_date": "2026-09-02T18:20:00+00:00", "title": "Le Club Francophone"}, {"desc": "Un groupe de personne part pour une exp\u00e9dition de trois semaines au N\u00e9pal, afin de r\u00e9aliser une premi\u00e8re mondiale rider en e-foil sur un des plus hauts lacs glaciaires de la plan\u00e8te, au pied de l'Everest.", "start_date": "2026-09-02T18:50:00+00:00", "title": "Projet Icare"}, {"desc": "L'id\u00e9e de la s\u00e9rie vient des journalistes d'ESPN Bill Simmons et Connor Schell. L'objectif des deux hommes est de produire 30 films d'une heure pour le trenti\u00e8me anniversaire de la cha\u00eene, en d\u00e9veloppant les trente plus importantes histoires diffus\u00e9es sur ESPN, par trente directeurs diff\u00e9rents. Il s'agit de r\u00e9aliser des films diff\u00e9rents et non une r\u00e9trospective de l'histoire sportive am\u00e9ricaine.", "start_date": "2026-09-02T19:40:00+00:00", "title": "30 For 30"}, {"desc": "Un regard sans tabou et sans concession sur la vie et la carri\u00e8re de Dennis Rodman.", "start_date": "2026-09-02T20:36:00+00:00", "title": "Pour le meilleur et pour le pire"}, {"desc": "Le journal de TVMONACO : les temps forts de la semaine.", "start_date": "2026-09-02T22:20:00+00:00", "title": "L'actu"}, {"desc": "Un bulletin m\u00e9t\u00e9o plein de bonne humeur, capable de repousser les nuages et d'illuminer le ciel gris.", "start_date": "2026-09-02T22:40:00+00:00", "title": "La mou\u00e9t\u00e9o"}, {"desc": "Le groupe Black Rebel Motorcycle Club, qui f\u00eate ses 20 ans d'existence, a sorti son huiti\u00e8me album, Wrong Creatures, au d\u00e9but de l'ann\u00e9e. Avec un catalogue \u00e0 couper le souffle, qu'y a-t-il \u00e0 ne pas aimer ?", "start_date": "2026-09-02T22:45:00+00:00", "title": "Black Rebel Motorcycle Club"}, {"desc": "Arnaud Rebotini & Le Don Van Club jouent la soundtrack c\u00e9saris\u00e9e du film de Robin Campillo 120 Battements Par Minute.", "start_date": "2026-09-02T23:30:00+00:00", "title": "Arnaud Rebotini - 120 Beats A Minute"}], "offset": "+00:00", "timezone": "UTC", "error_code": -1, "start_date": "2026-09-01", "icon": ""}