{"end_date": "2026-09-03", "name": "TV MONACO", "info_url": "https://epg.pw/channels/557750/20260902.html", "country": "France", "description": null, "error_message": "", "provider": "", "source_url": "https://epg.pw/api/epg.json?channel_id=557750&date=20260902&timezone=None", "epg_list": [{"desc": "Don Van Natta Jr. examine les sanctions inflig\u00e9es par la Major League Baseball \u00e0 Shoeless Joe Jackson et Pete Rose \u00e0 travers de nouvelles enqu\u00eates et des interviews in\u00e9dites, explorant ce qui a chang\u00e9 depuis leur interdiction dans le sport.", "start_date": "2026-09-02T00:15:00+00:00", "title": "Backstory : banni \u00e0 vie"}, {"desc": "Le journal de TVMONACO : les temps forts de la semaine.", "start_date": "2026-09-02T01:10:00+00:00", "title": "L'actu"}, {"desc": "Un bulletin m\u00e9t\u00e9o plein de bonne humeur, capable de repousser les nuages et d'illuminer le ciel gris.", "start_date": "2026-09-02T01:30:00+00:00", "title": "La mou\u00e9t\u00e9o"}, {"desc": "Ce film a \u00e9t\u00e9 tourn\u00e9 en automne 2021 dans le cadre d'un voyage d'une semaine - L'\u00c9chapp\u00e9e rose - organis\u00e9 par l'association tourangelle Au Sein des Femmes de Touraine. Cette troisi\u00e8me \u00e9dition s'est d\u00e9roul\u00e9e dans les...", "start_date": "2026-09-02T01:35:00+00:00", "title": "L'\u00e9chapp\u00e9e 20 femmes en r\u00e9mission du cancer du sein"}, {"desc": null, "start_date": "2026-09-02T02:20:00+00:00", "title": "No Limits"}, {"desc": "Jusqu'o\u00f9 iriez-vous \u00e0 la recherche de quelque chose qui n'existe peut-\u00eatre pas ?", "start_date": "2026-09-02T03:10:00+00:00", "title": "La folie des vagues"}, {"desc": "Un programme contemplatif qui invite les t\u00e9l\u00e9spectateurs \u00e0 d\u00e9couvrir la r\u00e9gion et la nature des environs de Monaco \u00e0 travers une approche immersive et apaisante.", "start_date": "2026-09-02T04:45:00+00:00", "title": "Slow TV R\u00e9gion"}, {"desc": "Un programme contemplatif qui invite les t\u00e9l\u00e9spectateurs \u00e0 d\u00e9couvrir la r\u00e9gion et la nature des environs de Monaco \u00e0 travers une approche immersive et apaisante.", "start_date": "2026-09-02T05:00:00+00:00", "title": "Slow TV R\u00e9gion"}, {"desc": "L'alerte sonne dans Cerveau City : M\u00e9mo et Erreur partent identifier les d\u00e9terminants, ces petits mots essentiels qui accompagnent le nom et pr\u00e9cisent son sens !", "start_date": "2026-09-02T05:45:00+00:00", "title": "My Class"}, {"desc": "Le journal de TVMONACO : les temps forts de la semaine.", "start_date": "2026-09-02T06:00:00+00:00", "title": "L'actu"}, {"desc": "Un bulletin m\u00e9t\u00e9o plein de bonne humeur, capable de repousser les nuages et d'illuminer le ciel gris.", "start_date": "2026-09-02T06:20:00+00:00", "title": "La mou\u00e9t\u00e9o"}, {"desc": "Po\u00e8te, conteur, \u00e9crivain et musicien, Anthony Joseph combine ces disciplines entre spoken word, jazz, funk et soul pour d\u00e9livrer \u00e0 son public une musique envo\u00fbtante et percutante depuis la sc\u00e8ne de Jazz \u00e0 la Villette.", "start_date": "2026-09-02T06:25:00+00:00", "title": "Anthony Joseph"}, {"desc": "Jardin animalier Rainier III, r\u00e9serve des monts d'Azur, hippodrome de Cagnes-sur-Mer, chien d'aveugles : avec Christophe Ollivier, retour sur les meilleurs moments de l'\u00e9mission.", "start_date": "2026-09-02T07:45:00+00:00", "title": "100% pur poils"}, {"desc": "A Pierrelatte, pr\u00e8s d'Avignon, la Ferme aux crocodiles abrite sous une grande serre chauff\u00e9e des centaines de sp\u00e9cimens. Christophe Ollivier la visite avec Samuel Martin.", "start_date": "2026-09-02T08:10:00+00:00", "title": "100% pur poils"}, {"desc": "Jardin animalier Rainier III, r\u00e9serve des monts d'Azur, hippodrome de Cagnes-sur-Mer, chien d'aveugles : avec Christophe Ollivier, retour sur les meilleurs moments de l'\u00e9mission.", "start_date": "2026-09-02T08:35:00+00:00", "title": "100% pur poils"}, {"desc": "Jardin animalier Rainier III, r\u00e9serve des monts d'Azur, hippodrome de Cagnes-sur-Mer, chien d'aveugles : avec Christophe Ollivier, retour sur les meilleurs moments de l'\u00e9mission.", "start_date": "2026-09-02T09:00:00+00:00", "title": "100% pur poils"}, {"desc": "Le ma\u00eetre de la photographie sous-marine et cin\u00e9aste Andr\u00e9 Musgrove se lance le d\u00e9fi de red\u00e9couvrir l'\u00eele de Bimini \u00e0 travers son objectif. Il choisit d'emmener son \u00e9quipe sous l'eau afin de r\u00e9v\u00e9ler des \u00e9paves spectaculaires, une faune marine exceptionnelle et des images saisissantes, tout en photographiant la championne d'apn\u00e9e Sophia Palvachinni dans ces d\u00e9cors uniques.", "start_date": "2026-09-02T09:30:00+00:00", "title": "Couleurs Des \u00celes : Les Cara\u00efbes En Images"}, {"desc": "La photographe de mode pour Vogue Robyn Damianos et le ma\u00eetre du portrait Scharad Lightbourne, choisissent leur muse pour donner vie \u00e0 leur vision de \\ Creative Nassau \\.", "start_date": "2026-09-02T09:55:00+00:00", "title": "Couleurs Des \u00celes : Les Cara\u00efbes En Images"}, {"desc": "Un bulletin m\u00e9t\u00e9o plein de bonne humeur, capable de repousser les nuages et d'illuminer le ciel gris.", "start_date": "2026-09-02T10:25:00+00:00", "title": "La mou\u00e9t\u00e9o"}, {"desc": "LA TABLE DU MARCHE propose au spectateur de d\u00e9couvrir les march\u00e9s les plus charmants/typiques/insolites de la Riviera au travers de portraits rapides et de recettes gourmandes et de saison.", "start_date": "2026-09-02T10:30:00+00:00", "title": "La table du march\u00e9 printemps"}, {"desc": "LA TABLE DU MARCHE propose au spectateur de d\u00e9couvrir les march\u00e9s les plus charmants/typiques/insolites de la Riviera au travers de portraits rapides et de recettes gourmandes et de saison.", "start_date": "2026-09-02T10:40:00+00:00", "title": "La table du march\u00e9 printemps"}, {"desc": "LA TABLE DU MARCHE propose au spectateur de d\u00e9couvrir les march\u00e9s les plus charmants/typiques/insolites de la Riviera au travers de portraits rapides et de recettes gourmandes et de saison.", "start_date": "2026-09-02T10:55:00+00:00", "title": "La table du march\u00e9 printemps"}, {"desc": "decouvrez les marches les plus charmant de la Riviera au travers de portraits rapides et de recettes gourmandes et de saison.", "start_date": "2026-09-02T11:05:00+00:00", "title": "La table du march\u00e9 \u00e9t\u00e9"}, {"desc": null, "start_date": "2026-09-02T11:20:00+00:00", "title": "Traqueurs de serpents"}, {"desc": null, "start_date": "2026-09-02T12:15:00+00:00", "title": "I Hate Christian Laettner"}, {"desc": "Dans le sillage de la pand\u00e9mie de Covid-19, la saison 2020 de la WNBA s'est d\u00e9roul\u00e9e \u00e0 Bradenton, en Floride ; 144 joueuses de 12 \u00e9quipes ont pass\u00e9 l'\u00e9t\u00e9 dans une bulle. 144 est l'histoire int\u00e9rieure de ce qui s'est pass\u00e9 sur et en dehors du terrain au cours de cette saison tumultueuse de deux mois et demi, tir\u00e9e de la couverture extensive et exclusive des cam\u00e9ras d'ESPN.", "start_date": "2026-09-02T13:35:00+00:00", "title": "144"}, {"desc": "En d\u00e9pit des promesses de la technologie de nous lib\u00e9rer du temps, nous sommes plus occup\u00e9s que jamais, travaillant plus d'heures et constamment connect\u00e9s. Le documentaire examine pourquoi nous travaillons toujours plus et propose des solutions, en nous inspirant des cultures du pass\u00e9 et du monde entier pour r\u00e9apprendre \u00e0 pr\u00e9server notre bien.", "start_date": "2026-09-02T14:50:00+00:00", "title": "Burnout : La v\u00e9rit\u00e9 sur le travail"}, {"desc": "L'alerte sonne dans Cerveau City : M\u00e9mo et Erreur partent identifier les d\u00e9terminants, ces petits mots essentiels qui accompagnent le nom et pr\u00e9cisent son sens !", "start_date": "2026-09-02T15:45:00+00:00", "title": "My Class"}, {"desc": "L'alerte sonne dans Cerveau City : M\u00e9mo et Erreur partent identifier les d\u00e9terminants, ces petits mots essentiels qui accompagnent le nom et pr\u00e9cisent son sens !", "start_date": "2026-09-02T15:55:00+00:00", "title": "My Class"}, {"desc": "A l'heure du petit-d\u00e9jeuner, avec sa bande de chroniqueurs, Sebastien Serrano pr\u00e9sente tout ce qui se fait de mieux sur la Riviera et dans la Principaut\u00e9 de Monaco.", "start_date": "2026-09-02T16:05:00+00:00", "title": "\u00c7a va l'faire !"}, {"desc": "Le journal de TVMONACO : les temps forts de la semaine.", "start_date": "2026-09-02T17:00:00+00:00", "title": "L'actu"}, {"desc": "Un bulletin m\u00e9t\u00e9o plein de bonne humeur, capable de repousser les nuages et d'illuminer le ciel gris.", "start_date": "2026-09-02T17:20:00+00:00", "title": "La mou\u00e9t\u00e9o"}, {"desc": null, "start_date": "2026-09-02T17:25:00+00:00", "title": "Un No\u00ebl dans la maison imp\u00e9riale de Habsbourg"}, {"desc": "Le Club Francophone, nouveau magazine culturel hebdomadaire consacr\u00e9 \u00e0 la litt\u00e9rature, \u00e0 la culture et \u00e0 celles et ceux qui les font vivre \u00e0 travers la francophonie.", "start_date": "2026-09-02T18:20:00+00:00", "title": "Le Club Francophone"}, {"desc": "Un groupe de personne part pour une exp\u00e9dition de trois semaines au N\u00e9pal, afin de r\u00e9aliser une premi\u00e8re mondiale rider en e-foil sur un des plus hauts lacs glaciaires de la plan\u00e8te, au pied de l'Everest.", "start_date": "2026-09-02T18:50:00+00:00", "title": "Projet Icare"}, {"desc": "L'id\u00e9e de la s\u00e9rie vient des journalistes d'ESPN Bill Simmons et Connor Schell. L'objectif des deux hommes est de produire 30 films d'une heure pour le trenti\u00e8me anniversaire de la cha\u00eene, en d\u00e9veloppant les trente plus importantes histoires diffus\u00e9es sur ESPN, par trente directeurs diff\u00e9rents. Il s'agit de r\u00e9aliser des films diff\u00e9rents et non une r\u00e9trospective de l'histoire sportive am\u00e9ricaine.", "start_date": "2026-09-02T19:40:00+00:00", "title": "30 For 30"}, {"desc": "Un regard sans tabou et sans concession sur la vie et la carri\u00e8re de Dennis Rodman.", "start_date": "2026-09-02T20:36:00+00:00", "title": "Pour le meilleur et pour le pire"}, {"desc": "Le journal de TVMONACO : les temps forts de la semaine.", "start_date": "2026-09-02T22:20:00+00:00", "title": "L'actu"}, {"desc": "Un bulletin m\u00e9t\u00e9o plein de bonne humeur, capable de repousser les nuages et d'illuminer le ciel gris.", "start_date": "2026-09-02T22:40:00+00:00", "title": "La mou\u00e9t\u00e9o"}, {"desc": "Le groupe Black Rebel Motorcycle Club, qui f\u00eate ses 20 ans d'existence, a sorti son huiti\u00e8me album, Wrong Creatures, au d\u00e9but de l'ann\u00e9e. Avec un catalogue \u00e0 couper le souffle, qu'y a-t-il \u00e0 ne pas aimer ?", "start_date": "2026-09-02T22:45:00+00:00", "title": "Black Rebel Motorcycle Club"}, {"desc": "Arnaud Rebotini & Le Don Van Club jouent la soundtrack c\u00e9saris\u00e9e du film de Robin Campillo 120 Battements Par Minute.", "start_date": "2026-09-02T23:30:00+00:00", "title": "Arnaud Rebotini - 120 Beats A Minute"}, {"desc": "Tout l'\u00e9t\u00e9 depuis Monaco, revivez les grandes s\u00e9quences de votre \u00e9mission consacr\u00e9e aux livres et \u00e0 la francophonie.", "start_date": "2026-09-03T00:45:00+00:00", "title": "Le Club Francophone de l'\u00e9t\u00e9"}, {"desc": "Le journal de TVMONACO : les temps forts de la semaine.", "start_date": "2026-09-03T01:20:00+00:00", "title": "L'actu"}, {"desc": "Un bulletin m\u00e9t\u00e9o plein de bonne humeur, capable de repousser les nuages et d'illuminer le ciel gris.", "start_date": "2026-09-03T01:40:00+00:00", "title": "La mou\u00e9t\u00e9o"}, {"desc": "La r\u00e9serve \u00e9cologique de Los Yaltes, au nord de l'\u00c9quateur, est en danger. Depuis 25 ans, le cin\u00e9aste fran\u00e7ais Philippe Molins m\u00e8ne de front recherche scientifique et combat \u00e9cologique pour sauver de la d\u00e9forestation ce sanctuaire de biodiversit\u00e9 unique au monde.", "start_date": "2026-09-03T01:45:00+00:00", "title": "Le secret de la for\u00eat de nuages"}, {"desc": null, "start_date": "2026-09-03T02:30:00+00:00", "title": "Fratrie du cirque"}, {"desc": null, "start_date": "2026-09-03T03:20:00+00:00", "title": "Garibaldi"}, {"desc": "Sophie Jovillard part \u00e0 la d\u00e9couverte des plus somptueuses villas et des ch\u00e2teaux d'exception de la Riviera fran\u00e7aise, de Nice \u00e0 Menton, en passant par Monaco.", "start_date": "2026-09-03T04:15:00+00:00", "title": "Les tr\u00e9sors de la Riviera fran\u00e7aise"}, {"desc": "Un programme contemplatif qui invite les t\u00e9l\u00e9spectateurs \u00e0 d\u00e9couvrir la r\u00e9gion et la nature des environs de Monaco \u00e0 travers une approche immersive et apaisante.", "start_date": "2026-09-03T04:45:00+00:00", "title": "Slow TV R\u00e9gion"}, {"desc": "Un programme contemplatif qui invite les t\u00e9l\u00e9spectateurs \u00e0 d\u00e9couvrir la r\u00e9gion et la nature des environs de Monaco \u00e0 travers une approche immersive et apaisante.", "start_date": "2026-09-03T05:00:00+00:00", "title": "Slow TV R\u00e9gion"}, {"desc": "L'alerte sonne dans Cerveau City : M\u00e9mo et Erreur partent identifier les d\u00e9terminants, ces petits mots essentiels qui accompagnent le nom et pr\u00e9cisent son sens !", "start_date": "2026-09-03T05:45:00+00:00", "title": "My Class"}, {"desc": "Le journal de TVMONACO : les temps forts de la semaine.", "start_date": "2026-09-03T06:00:00+00:00", "title": "L'actu"}, {"desc": "Un bulletin m\u00e9t\u00e9o plein de bonne humeur, capable de repousser les nuages et d'illuminer le ciel gris.", "start_date": "2026-09-03T06:20:00+00:00", "title": "La mou\u00e9t\u00e9o"}, {"desc": "Le c\u00e9l\u00e8bre quintet nous emm\u00e8ne dans un univers magique. Compos\u00e9 en grande partie de leur album \\ Brotherhood \\ et de \\ Naima \\ de John Coltrane, le Belmondo Quintet envoute l'auditoire.", "start_date": "2026-09-03T06:25:00+00:00", "title": "Belmondo Quintet - Concert Radio France"}, {"desc": "La photographe de renom du magazine Ebony, Melissa Alcena, parcourt l'\u00eele d'Eleuthera de bout en bout, jusqu'\u00e0 Harbour Island, \u00e0 la recherche de l'inspiration pour son travail.", "start_date": "2026-09-03T07:50:00+00:00", "title": "Couleurs Des \u00celes : Les Cara\u00efbes En Images"}, {"desc": "D\u00e9couvrez les Cara\u00efbes \u00e0 travers les regards uniques de photographes locaux. Ces artistes capturent l'essence culturelle de leurs \u00eeles, des \u00e9paves sous-marines aux Bahamas jusqu'\u00e0 la premi\u00e8re femme ma\u00eetre assembleuse de rhum \u00e0 la Barbade. Plongez dans des paysages \u00e9poustouflants de plages roses et eaux cristallines.", "start_date": "2026-09-03T08:15:00+00:00", "title": "Couleurs Des \u00celes : Les Cara\u00efbes En Images"}, {"desc": "Jusqu'o\u00f9 iriez-vous \u00e0 la recherche de quelque chose qui n'existe peut-\u00eatre pas ?", "start_date": "2026-09-03T08:45:00+00:00", "title": "La folie des vagues"}, {"desc": "Un bulletin m\u00e9t\u00e9o plein de bonne humeur, capable de repousser les nuages et d'illuminer le ciel gris.", "start_date": "2026-09-03T10:25:00+00:00", "title": "La mou\u00e9t\u00e9o"}, {"desc": "LA TABLE DU MARCHE propose au spectateur de d\u00e9couvrir les march\u00e9s les plus charmants/typiques/insolites de la Riviera au travers de portraits rapides et de recettes gourmandes et de saison.", "start_date": "2026-09-03T10:30:00+00:00", "title": "La table du march\u00e9 printemps"}, {"desc": "decouvrez les marches les plus charmant de la Riviera au travers de portraits rapides et de recettes gourmandes et de saison.", "start_date": "2026-09-03T10:40:00+00:00", "title": "La table du march\u00e9 \u00e9t\u00e9"}, {"desc": "decouvrez les marches les plus charmant de la Riviera au travers de portraits rapides et de recettes gourmandes et de saison.", "start_date": "2026-09-03T10:55:00+00:00", "title": "La table du march\u00e9 \u00e9t\u00e9"}, {"desc": "decouvrez les marches les plus charmant de la Riviera au travers de portraits rapides et de recettes gourmandes et de saison.", "start_date": "2026-09-03T11:05:00+00:00", "title": "La table du march\u00e9 \u00e9t\u00e9"}, {"desc": null, "start_date": "2026-09-03T11:20:00+00:00", "title": "Traqueurs de serpents"}, {"desc": null, "start_date": "2026-09-03T12:15:00+00:00", "title": "Personn'elles"}, {"desc": "Pierre, fra\u00eechement dipl\u00f4m\u00e9 d'\u00e9tudes agricoles, prend en main l'exploitation familiale de vaches laiti\u00e8res. Quand l'une de ses t\u00eates de b\u00e9tail est touch\u00e9e par la maladie de la vache folle, Pierre pr\u00e9f\u00e8re sacrifier lui-m\u00eame sa b\u00eate par crainte que les services v\u00e9t\u00e9rinaires ne suppriment tout son cheptel...", "start_date": "2026-09-03T14:00:00+00:00", "title": "Petit Paysan"}, {"desc": null, "start_date": "2026-09-03T15:15:00+00:00", "title": "Pourquoi Nous Dansons"}, {"desc": "A l'heure du petit-d\u00e9jeuner, avec sa bande de chroniqueurs, Sebastien Serrano pr\u00e9sente tout ce qui se fait de mieux sur la Riviera et dans la Principaut\u00e9 de Monaco.", "start_date": "2026-09-03T16:05:00+00:00", "title": "\u00c7a va l'faire !"}, {"desc": "Le journal de TVMONACO : les temps forts de la semaine.", "start_date": "2026-09-03T17:00:00+00:00", "title": "L'actu"}, {"desc": "Un bulletin m\u00e9t\u00e9o plein de bonne humeur, capable de repousser les nuages et d'illuminer le ciel gris.", "start_date": "2026-09-03T17:20:00+00:00", "title": "La mou\u00e9t\u00e9o"}, {"desc": "L'histoire tragique de Louis Sockalexis, le premier Am\u00e9rindien \u00e0 jouer en Ligue majeure de baseball, et la fa\u00e7on dont son h\u00e9ritage mythique et controvers\u00e9 soul\u00e8ve encore aujourd'hui des questions sur les pr\u00e9jug\u00e9s et les traditions dans ce sport.", "start_date": "2026-09-03T17:26:00+00:00", "title": "Deerfoot Of the Diamond"}, {"desc": "Bienvenue \u00e0 Melaka, \u00e9tat malais dans la r\u00e9gion sud de la p\u00e9ninsule dont la capitale, Melacca est \u00e9galement inscrite au patrimoine mondial de l'UNESCO depuis juillet 2008.", "start_date": "2026-09-03T17:55:00+00:00", "title": "Melaka International Marathon 2023"}, {"desc": "Dans la deuxi\u00e8me saison, David Gross voyage du Danemark \u00e0 travers l'Europe jusqu'en Roumanie, toujours avec sa cuisine anti-gaspillage pour transformer les d\u00e9chets en une exp\u00e9rience culinaire. David pr\u00e9pare des plats cr\u00e9atifs visant \u00e0 lutter contre le gaspillage, notre soci\u00e9t\u00e9 de consommation, et remet en question quelles recettes de cuisine et de vie ont du sens en temps de crise.", "start_date": "2026-09-03T18:20:00+00:00", "title": "Cuisine anti-gaspillage"}, {"desc": "Le Programme est consacr\u00e9 \u00e0 la Principaut\u00e9 de Monaco pendant la Seconde Guerre Mondiale. Il \u00e9voque de mani\u00e8re tr\u00e8s document\u00e9e des conditions de vie en Principaut\u00e9 entre 1939 et 1945. L'\u00e9motion des diff\u00e9rents t\u00e9moins, la qualit\u00e9 du montage et sa port\u00e9e symbolique en font un t\u00e9moignage captivant du lien de Monaco avec cette p\u00e9riode de l'Histoire mondiale. Plus de 4 (quatre) ans de travail auront \u00e9t\u00e9", "start_date": "2026-09-03T18:50:00+00:00", "title": "Monaco occup\u00e9... Monaco lib\u00e9r\u00e9"}, {"desc": "Le Programme est consacr\u00e9 \u00e0 la Principaut\u00e9 de Monaco pendant la Seconde Guerre Mondiale. Il \u00e9voque de mani\u00e8re tr\u00e8s document\u00e9e des conditions de vie en Principaut\u00e9 entre 1939 et 1945. L'\u00e9motion des diff\u00e9rents t\u00e9moins, la qualit\u00e9 du montage et sa port\u00e9e symbolique en font un t\u00e9moignage captivant du lien de Monaco avec cette p\u00e9riode de l'Histoire mondiale. Plus de 4 (quatre) ans de travail auront \u00e9t\u00e9", "start_date": "2026-09-03T19:41:00+00:00", "title": "Monaco occup\u00e9... Monaco lib\u00e9r\u00e9"}, {"desc": "Suivez le parcours extraordinaire de Zohra, le premier orchestre f\u00e9minin d'Afghanistan, acclam\u00e9 dans le monde entier. Face \u00e0 la menace grandissante des talibans, les musiciennes luttent pour leur survie et celle de leur art. Entre cachettes et campagnes internationales pour sauver leurs camarades, leur combat pour pr\u00e9server la musique r\u00e9sonne avec force. Avec des t\u00e9moignages exclusifs des musicien", "start_date": "2026-09-03T20:35:00+00:00", "title": "Faire vivre la musique"}, {"desc": "Suivez le parcours extraordinaire de Zohra, le premier orchestre f\u00e9minin d'Afghanistan, acclam\u00e9 dans le monde entier. Face \u00e0 la menace grandissante des talibans, les musiciennes luttent pour leur survie et celle de leur art. Entre cachettes et campagnes internationales pour sauver leurs camarades, leur combat pour pr\u00e9server la musique r\u00e9sonne avec force. Avec des t\u00e9moignages exclusifs des musicien", "start_date": "2026-09-03T21:20:00+00:00", "title": "Faire vivre la musique"}, {"desc": "Le journal de TVMONACO : les temps forts de la semaine.", "start_date": "2026-09-03T22:15:00+00:00", "title": "L'actu"}, {"desc": "Un bulletin m\u00e9t\u00e9o plein de bonne humeur, capable de repousser les nuages et d'illuminer le ciel gris.", "start_date": "2026-09-03T22:35:00+00:00", "title": "La mou\u00e9t\u00e9o"}, {"desc": "MC Solaar nous offre un nouveau projet nomm\u00e9 Tryptique. C'est une r\u00e9f\u00e9rence \u00e0 l'art graphique en g\u00e9n\u00e9ral, et sp\u00e9cifiquement au Street Art qui a toujours passionn\u00e9 MC Solaar d'ou son nom de sc\u00e8ne. Le premier EP de ce projet se nomme \\ Lueurs C\u00e9lestes \\ car l'\u00e9toile est le symbole de l'artiste. Constitu\u00e9 de 7 titres tous enregistr\u00e9s en France mais mix\u00e9s et masteris\u00e9s en France, au Canada et aux Etat", "start_date": "2026-09-03T22:40:00+00:00", "title": "B\u00e2timent B"}, {"desc": "Les Celtics et les Lakers ont disput\u00e9 trois finales NBA passionnantes en l'espace de quatre ans, au milieu des ann\u00e9es 1980, ce qui a aliment\u00e9 la popularit\u00e9 de la ligue et ouvert la voie \u00e0 la croissance ph\u00e9nom\u00e9nale et \u00e0 la notori\u00e9t\u00e9 dont la NBA b\u00e9n\u00e9ficie aujourd'hui.", "start_date": "2026-09-03T23:35:00+00:00", "title": "Celtics / Lakers : Les meilleurs des ennemis"}], "offset": "+00:00", "timezone": "UTC", "error_code": -1, "start_date": "2026-09-02", "icon": ""}