{"end_date": "2026-04-27", "name": "RAI STORIA", "info_url": "https://epg.pw/channels/55805/20260426.html", "country": "France", "description": null, "error_message": "", "provider": "", "source_url": "https://epg.pw/api/epg.json?channel_id=55805&date=20260426&timezone=None", "epg_list": [{"desc": "La grande sfida - L'uomo e l'ambiente 1800-1972 - La storia dell'ambientalismo dalla prima rivoluzione industriale al 1972: le conseguenze dello sviluppo economico moderno, la nascita dei movimenti ambient - alisti, le prime leggi contro l'inquinamento, la questione della salute pubblica... - un programma di Clemente Volpini e di Fabrizio Marini e Ilaria Dassi con Carla Oppo produttore esecutivo M", "start_date": "2026-04-26T01:20:00+00:00", "title": "La grande sfida: L'uomo e l'ambiente 1800-1972"}, {"desc": null, "start_date": "2026-04-26T02:15:00+00:00", "title": "La grande sfida"}, {"desc": "I ragazzi di tre scuole di Torino, Roma e Napoli, insieme a storici, antropologi ed esperti, ripercorrono alcuni importanti temi storici.", "start_date": "2026-04-26T03:05:00+00:00", "title": "W La storia"}, {"desc": "La rubrica Orizzonti Lontani.Viaggiatori ed esploratori italiani, in collaborazione con la Societ\u00e0 Geografica Italiana:la storia di straordinari \"viaggiatori dell'ignoto\", a cavallo tra Ottocento e Novecento.", "start_date": "2026-04-26T03:25:00+00:00", "title": "Ricerca Archivio Memoria"}, {"desc": "Persone, eventi e ricorrenze del 26 aprile 2026.", "start_date": "2026-04-26T03:40:00+00:00", "title": "Il giorno e la storia"}, {"desc": "La Liberazione di Genova, sugellata il 25 aprile del 1945 dalla firma del generale G\u00fcnther Meinhold sull'atto di resa delle truppe tedesche, \u00e8 considerata un caso unico in Europa per la capacit\u00e0 dimostrata delle formazioni partigiane di insorgere e liberarsi con le proprie forze.", "start_date": "2026-04-26T04:00:00+00:00", "title": "Passato e presente"}, {"desc": "Italic Guglielmo Marconi un visionario in Inghilterra - Nel 1896 un giovane inventore italiano parte per l'Inghilterra, in compagnia di sua madre e di una valigetta piena di fili, batterie e aggeggi elettr - ici. Il suo nome \u00e8 Guglielmo Marconi ed \u00e8 l'inventore del telegrafo senza fili. - Conduce Giorgio Zanchini Un programma di Andrea Felici Produttore esecutivo Valentina Tassini Regia Davide Fra", "start_date": "2026-04-26T04:40:00+00:00", "title": "Italic carattere italiano"}, {"desc": "Persone, eventi e ricorrenze del 26 aprile 2026.", "start_date": "2026-04-26T06:25:00+00:00", "title": "Il giorno e la storia"}, {"desc": "Giovanni Paolo Fontana intervista scrittori, giornalisti e testimoni. L'archivista e storico Francesco Failla ricostruisce gli ultimi decenni del Cinquecento in Cina, quando numerosi religiosi chiedono di essere inviati nella Indie Orientali per diventare protagonisti della conquista spirituale invocata dal Concilio di Trento.", "start_date": "2026-04-26T06:45:00+00:00", "title": "Scritto, letto, detto"}, {"desc": "La Liberazione di Genova, sugellata il 25 aprile del 1945 dalla firma del generale G\u00fcnther Meinhold sull'atto di resa delle truppe tedesche, \u00e8 considerata un caso unico in Europa per la capacit\u00e0 dimostrata delle formazioni partigiane di insorgere e liberarsi con le proprie forze.", "start_date": "2026-04-26T06:55:00+00:00", "title": "Passato e presente"}, {"desc": "Un documentario per celebrare una figura centrale della cultura e dell'arte italiana ed europea del '700, sia dal punto di vista stilistico che culturale. Prendendo spunto da rovine Romane e fondendo lo spirito barocco con il gusto neoclassico, Piranesi invent\u00f2 anche carceri oscure e inquietanti, piene di anfratti e strumenti di tortura, cappi, levatoi e ruote dentate.", "start_date": "2026-04-26T07:35:00+00:00", "title": "Piranesi. Un illuminista inquieto"}, {"desc": null, "start_date": "2026-04-26T08:25:00+00:00", "title": "Quelque chose qui vit et br\u00fble"}, {"desc": "Persone, eventi e ricorrenze del 26 aprile 2026.", "start_date": "2026-04-26T09:45:00+00:00", "title": "Il giorno e la storia"}, {"desc": "Viaggio in Italia - Sicilia - Pupi, vare e frutta martorana - Un omaggio al ricco e famoso folklore siciliano: dai pupi siciliani, alle tradizioni religiose, alla cucina e all'artigianato..", "start_date": "2026-04-26T10:05:00+00:00", "title": "Viaggio in Italia"}, {"desc": "Boncompagni intervista il gruppo olandese degli Champagne, nonostante sia impossibile capirsi per evidenti ostacoli linguistici. Dopo l'intervista al cantautore canadese Gino Vannelli quella a Chris Davis, chitarrista de I Nomadi. Dietro al sipario il maestro di musica, pianista e arrangiatore Paolo Olmi. A grande richiesta del pubblico, sul palco di Discoring Orietta Berti.", "start_date": "2026-04-26T10:45:00+00:00", "title": "Formidabile Discoring"}, {"desc": "In occasione della ricorrenza della fondazione del corpo di Polizia dello Stato, il 10 aprile, Rai Cultura dedica uno Speciale alle vicende di alcuni personaggi che, con le loro azioni valorose, si distinsero per aver partecipato e contribuito significativamente alla Resistenza Italiana: Maurizio Giglio, Francesco Romeo e Angelo De Fiore.", "start_date": "2026-04-26T11:25:00+00:00", "title": "La scelta giusta: Polizia nella Resistenza"}, {"desc": "Persone, eventi e ricorrenze del 26 aprile 2026.", "start_date": "2026-04-26T11:45:00+00:00", "title": "Il giorno e la storia"}, {"desc": "La Liberazione di Genova, sugellata il 25 aprile del 1945 dalla firma del generale G\u00fcnther Meinhold sull'atto di resa delle truppe tedesche, \u00e8 considerata un caso unico in Europa per la capacit\u00e0 dimostrata delle formazioni partigiane di insorgere e liberarsi con le proprie forze.", "start_date": "2026-04-26T12:05:00+00:00", "title": "Passato e presente"}, {"desc": "Papa Francesco, dalle immagini di Piazza San Pietro del giorno delle elezioni del Santo Padre il 13 marzo 2013. Le tappe importanti della sua vita pastorale fino alla morte del 21 aprile 2025.", "start_date": "2026-04-26T12:45:00+00:00", "title": "Papa Francesco (2013 - 2025)"}, {"desc": "Volti dei Vangeli. Gli incontri di Ges\u00f9 raccontati da Papa Francesco Terza puntata Prima TV per Rai - Lo stupore e il mistero. Papa Francesco parla delle Parabole.", "start_date": "2026-04-26T13:25:00+00:00", "title": "Volti dei Vangeli"}, {"desc": "Il racconto di un lungo e complesso cammino che port\u00f2 alla stesura di un documento fondamentale nella storia della Chiesa, la Regola di San Francesco.", "start_date": "2026-04-26T14:00:00+00:00", "title": "La Regola di San Francesco: 29 novembre 1223"}, {"desc": "Gli insediamenti umani nelle catene montuose che cominciano nella linea di frontiera tra il Pakistan, l'Afghanistan e proseguono fino al Tibet.", "start_date": "2026-04-26T14:45:00+00:00", "title": "Le montagne del mondo"}, {"desc": "Alberto Arbasino discute con Moravia e Sanguineti del ruolo degli intellettuali, sul quale cerca di intavolare un discorso pragmatico, lontano dagli astrattismi coi quali si \u00e8 soliti riferirsi alla categoria: Moravia sottolinea da subito che un intellettuale, per essere tale, non pu\u00f2 considerarsi avulso dalla societ\u00e0, ma deve impegnarsi al massimo per cambiarla in base ai propri ideali.", "start_date": "2026-04-26T15:50:00+00:00", "title": "Match: Domande incrociate"}, {"desc": null, "start_date": "2026-04-26T16:35:00+00:00", "title": "Rai News Giorno"}, {"desc": "Documentario del 25 aprile 1961 che ripercorre le tappe principali della Resistenza italiana, dall'armistizio dell'8 settembre 1943 fino alla Liberazione del nostro Paese dal nazifascismo avvenuta il 25 aprile 1945.. - di Corrado Guerzoni e Giuseppe Baghdikian (1961).", "start_date": "2026-04-26T16:40:00+00:00", "title": "Documenti della Resistenza"}, {"desc": null, "start_date": "2026-04-26T17:30:00+00:00", "title": "Oggi \u00e8"}, {"desc": "Persone, eventi e ricorrenze del 26 aprile 2026.", "start_date": "2026-04-26T18:00:00+00:00", "title": "Il giorno e la storia"}, {"desc": "Giovanni Paolo Fontana intervista scrittori, giornalisti e testimoni. L'archivista e storico Francesco Failla ricostruisce gli ultimi decenni del Cinquecento in Cina, quando numerosi religiosi chiedono di essere inviati nella Indie Orientali per diventare protagonisti della conquista spirituale invocata dal Concilio di Trento.", "start_date": "2026-04-26T18:20:00+00:00", "title": "Scritto, letto, detto"}, {"desc": "Tra la fine dell'800 e l'inizio del '900 in Italia nasce e si afferma l'industria cinematografica. Tra i pionieri c'\u00e8 Giovanni Pastrone, un ''tuttofare'' dei tempi.", "start_date": "2026-04-26T18:30:00+00:00", "title": "Passato e presente"}, {"desc": "In occasione degli 80 anni dal referendum del 2 giugno 1946, un viaggio nella storia dell'Italia repubblicana attraverso i suoi Presidenti. In questa puntata: l'elezione e il settennato di Sandro Pertini, presidente della Repubblica dal 1978 al 1985.", "start_date": "2026-04-26T19:15:00+00:00", "title": "Buonasera presidente"}, {"desc": "In occasione dell'80 Anniversario della Liberazione d'Italia, il racconto degli eventi che precedettero e seguirono il 25 aprile 1945.", "start_date": "2026-04-26T21:15:00+00:00", "title": "A 80 anni dalla Liberazione"}, {"desc": null, "start_date": "2026-04-26T22:05:00+00:00", "title": "Rai News Notte"}, {"desc": "Persone, eventi e ricorrenze del 27 aprile 2026.", "start_date": "2026-04-26T22:10:00+00:00", "title": "Il giorno e la storia"}, {"desc": "Tra la fine dell'800 e l'inizio del '900 in Italia nasce e si afferma l'industria cinematografica. Tra i pionieri c'\u00e8 Giovanni Pastrone, un ''tuttofare'' dei tempi.", "start_date": "2026-04-26T22:30:00+00:00", "title": "Passato e presente"}, {"desc": null, "start_date": "2026-04-26T23:10:00+00:00", "title": "Milano in guerra"}, {"desc": null, "start_date": "2026-04-27T00:05:00+00:00", "title": "Oggi \u00e8"}, {"desc": "Gli insediamenti umani nelle catene montuose che cominciano nella linea di frontiera tra il Pakistan, l'Afghanistan e proseguono fino al Tibet.", "start_date": "2026-04-27T00:40:00+00:00", "title": "Le montagne del mondo"}, {"desc": "Documentario del 25 aprile 1961 che ripercorre le tappe principali della Resistenza italiana, dall'armistizio dell'8 settembre 1943 fino alla Liberazione del nostro Paese dal nazifascismo avvenuta il 25 aprile 1945.. - di Corrado Guerzoni e Giuseppe Baghdikian (1961).", "start_date": "2026-04-27T01:45:00+00:00", "title": "Documenti della Resistenza"}, {"desc": "In questa puntata dedicata al Costruire ripercorreremo la storia dei mestieri e ne sveleremo i segreti.. - Di Alessia Crocini e Maurizio Carta. Regia di Michele Imperio.", "start_date": "2026-04-27T02:35:00+00:00", "title": "W La storia"}, {"desc": "Boncompagni intervista il gruppo olandese degli Champagne, nonostante sia impossibile capirsi per evidenti ostacoli linguistici. Dopo l'intervista al cantautore canadese Gino Vannelli quella a Chris Davis, chitarrista de I Nomadi. Dietro al sipario il maestro di musica, pianista e arrangiatore Paolo Olmi. A grande richiesta del pubblico, sul palco di Discoring Orietta Berti.", "start_date": "2026-04-27T03:00:00+00:00", "title": "Formidabile Discoring"}, {"desc": "Persone, eventi e ricorrenze del 27 aprile 2026.", "start_date": "2026-04-27T03:40:00+00:00", "title": "Il giorno e la storia"}, {"desc": "Tra la fine dell'800 e l'inizio del '900 in Italia nasce e si afferma l'industria cinematografica. Tra i pionieri c'\u00e8 Giovanni Pastrone, un ''tuttofare'' dei tempi.", "start_date": "2026-04-27T04:00:00+00:00", "title": "Passato e presente"}, {"desc": null, "start_date": "2026-04-27T04:40:00+00:00", "title": "Quelque chose qui vit et br\u00fble"}, {"desc": "Restore L'Africa cambia - Il pi\u00f9 piccolo \u00e8 il Togo - Un viaggio alla scoperta del Togo, uno dei pi\u00f9 piccoli stati dell'Africa occidentale, non solo dal punto di vista del territorio ma anche della sua stor - ia: ex colonia francese che ha ottenuto l'indipendenza il 27 aprile del 1960. - di Gian Gaspare Napolitano (1960).", "start_date": "2026-04-27T05:55:00+00:00", "title": "L'Africa cambia: Il pi\u00f9 piccolo \u00e8 il Togo"}, {"desc": "Persone, eventi e ricorrenze del 27 aprile 2026.", "start_date": "2026-04-27T06:30:00+00:00", "title": "Il giorno e la storia"}, {"desc": "Tra la fine dell'800 e l'inizio del '900 in Italia nasce e si afferma l'industria cinematografica. Tra i pionieri c'\u00e8 Giovanni Pastrone, un ''tuttofare'' dei tempi.", "start_date": "2026-04-27T06:50:00+00:00", "title": "Passato e presente"}, {"desc": "Six \"aventures\" donc six moments diff\u00e9rents, tous particuliers, et quelques destins broy\u00e9s lors de la Seconde Guerre mondiale, en une Italie qui souffre.", "start_date": "2026-04-27T07:35:00+00:00", "title": "Pa\u00efsa"}, {"desc": null, "start_date": "2026-04-27T09:35:00+00:00", "title": "Oggi \u00e8"}, {"desc": null, "start_date": "2026-04-27T10:05:00+00:00", "title": "Speciale TG1"}, {"desc": "Persone, eventi e ricorrenze del 27 aprile 2026.", "start_date": "2026-04-27T10:10:00+00:00", "title": "Il giorno e la storia"}, {"desc": "Viaggio in Italia-Sicilia Donne in Sicilia - Una puntata dedicata alle donne siciliane, alla loro forza e ai loro problemi..", "start_date": "2026-04-27T10:30:00+00:00", "title": "Viaggio in Italia"}, {"desc": "Loredana Bert\u00e9, in partenza il giorno successivo per una tourn\u00e9e, apre la puntata di Discoring con la canzone \"Fiabe\". Il gruppo \"I Collage\" canta una ninna nanna in sardo; con Antonella, la classifica dei 33 giri pi\u00f9 venduti della settimana. La sorpresa della puntata \u00e8 Afric Simone, col quale Boncompagni finge di parlare in africano.", "start_date": "2026-04-27T11:25:00+00:00", "title": "Formidabile Discoring"}, {"desc": "Persone, eventi e ricorrenze del 27 aprile 2026.", "start_date": "2026-04-27T12:05:00+00:00", "title": "Il giorno e la storia"}, {"desc": "Tra la fine dell'800 e l'inizio del '900 in Italia nasce e si afferma l'industria cinematografica. Tra i pionieri c'\u00e8 Giovanni Pastrone, un ''tuttofare'' dei tempi.", "start_date": "2026-04-27T12:25:00+00:00", "title": "Passato e presente"}, {"desc": "Un approfondimento sui settanta anni della Corte costituzionale, con le conclusioni del Presidente della Corte costituzionale Giovanni Amoroso.", "start_date": "2026-04-27T13:05:00+00:00", "title": "1956-2026: I settanta anni della Corte costituzionale Garante dei diritti e delle istituzioni repubb"}, {"desc": null, "start_date": "2026-04-27T13:30:00+00:00", "title": "a.C.d.C."}, {"desc": "Napoli dall'anima colta e popolare, raccontata dalle inchieste del Tg1 e il Tg2 tra il 1976, stretta dalla morsa della criminalit\u00e0 organizzata, e il 1980, quando viene sconvolta dal terremoto dell'Irpinia.", "start_date": "2026-04-27T14:25:00+00:00", "title": "RAInchieste"}, {"desc": "Le caratteristiche della muraglia di montagne lunga quasi ottomila chilometri che delimita ad Ovest l'America del sud, che prende il nome di cordigliera delle Ande.", "start_date": "2026-04-27T15:20:00+00:00", "title": "Le montagne del mondo"}, {"desc": "Il raccconto di una delle esplorazioni oceaniche pi\u00f9 ardite, estenuanti e pericolose, il primo viaggio into - rno al mondo compiuto dalla flotta comandata da Magellano. Un'incredibile impresa durata tre anni tra acque e terre sconosciute.", "start_date": "2026-04-27T16:25:00+00:00", "title": "5000 anni e pi\u00f9. La lunga storia dell'umanit\u00e0"}, {"desc": null, "start_date": "2026-04-27T17:25:00+00:00", "title": "Rai News Giorno"}, {"desc": "Giovani, moda, canzoni e cronaca negli sessanta, quando gli italiani abbandonano le piazze e ricercano 'l'evasione'.", "start_date": "2026-04-27T17:30:00+00:00", "title": "Filler: Come eravamo giovani"}, {"desc": "\"La storia del sindacato contadino \u00e8 una storia di sconfitte\": nella prima puntata, Giorgio Bocca affronta il tema del brigantaggio nell'Italia meridionale dopo l'unit\u00e0, fenomeno nato anche dal mancato ottenimento, da parte delle masse contadine del Sud, di quelle terre per cui Garibaldi aveva lottato.", "start_date": "2026-04-27T17:40:00+00:00", "title": "Lotte contadine"}, {"desc": null, "start_date": "2026-04-27T18:05:00+00:00", "title": "Speciale TG1"}, {"desc": "Persone, eventi e ricorrenze del 27 aprile 2026.", "start_date": "2026-04-27T18:10:00+00:00", "title": "Il giorno e la storia"}, {"desc": null, "start_date": "2026-04-27T18:30:00+00:00", "title": "Passato e presente"}, {"desc": null, "start_date": "2026-04-27T19:10:00+00:00", "title": "Cronache Sparta: La storia e il mito"}, {"desc": null, "start_date": "2026-04-27T20:10:00+00:00", "title": "Storia delle nostre citt\u00e0"}, {"desc": "Papa Francesco, dalle immagini di Piazza San Pietro del giorno delle elezioni del Santo Padre il 13 marzo 2013. Le tappe importanti della sua vita pastorale fino alla morte del 21 aprile 2025.", "start_date": "2026-04-27T21:05:00+00:00", "title": "Papa Francesco (2013 - 2025)"}, {"desc": "Volti dei Vangeli. Gli incontri di Ges\u00f9 raccontati da Papa Francesco Terza puntata Prima TV per Rai - Lo stupore e il mistero. Papa Francesco parla delle Parabole.", "start_date": "2026-04-27T21:40:00+00:00", "title": "Volti dei Vangeli"}, {"desc": null, "start_date": "2026-04-27T22:15:00+00:00", "title": "Rai News Notte"}, {"desc": "Persone, eventi e ricorrenze del 28 aprile 2026.", "start_date": "2026-04-27T22:20:00+00:00", "title": "Il giorno e la storia"}, {"desc": null, "start_date": "2026-04-27T22:40:00+00:00", "title": "Passato e presente"}, {"desc": "Il racconto di un lungo e complesso cammino che port\u00f2 alla stesura di un documento fondamentale nella storia della Chiesa, la Regola di San Francesco.", "start_date": "2026-04-27T23:15:00+00:00", "title": "La Regola di San Francesco: 29 novembre 1223"}], "offset": "+00:00", "timezone": "UTC", "error_code": -1, "start_date": "2026-04-26", "icon": ""}