{"end_date": "2026-08-31", "name": "France 2", "info_url": "https://epg.pw/channels/55812/20260830.html", "country": "France", "description": null, "error_message": "", "provider": "", "source_url": "https://epg.pw/api/epg.json?channel_id=55812&date=20260830&timezone=None", "epg_list": [{"desc": "Laurent Delahousse emm\u00e8ne Muriel Robin en balade dans Paris. La com\u00e9dienne et humoriste se livre sur son histoire, ses engagements et ses rencontres essentielles.", "start_date": "2026-08-30T18:30:00+00:00", "title": "20h30, le dimanche"}, {"desc": null, "start_date": "2026-08-30T19:00:00+00:00", "title": "Journal M\u00e9t\u00e9o Climat"}, {"desc": null, "start_date": "2026-08-30T19:05:00+00:00", "title": "M\u00e9t\u00e9o des plages"}, {"desc": null, "start_date": "2026-08-30T19:07:00+00:00", "title": "R\u00e9flexe !"}, {"desc": "Apr\u00e8s avoir fui le domicile conjugal, une femme victime d'adult\u00e8re retrouve le sourire en accompagnant sa soeur, qui l'h\u00e9berge, \u00e0 des cours de danse.", "start_date": "2026-08-30T19:10:00+00:00", "title": "Alors on danse"}, {"desc": "En 1928, \u00e0 Paris. Sollicit\u00e9 par une c\u00e9l\u00e8bre danseuse, Maurice Ravel, un illustre compositeur, s'inspire de ses \u00e9checs pour \u00e9crire la musique d'un ballet.", "start_date": "2026-08-30T20:40:00+00:00", "title": "Bolero"}, {"desc": "Le corps calcin\u00e9 d'une lyc\u00e9enne r\u00e9v\u00e8le sa vie secr\u00e8te li\u00e9e \u00e0 l'\u00e9sot\u00e9risme. Quand d'autres suspects s'enflamment, l'enqu\u00eate oscille entre croyances et r\u00e9alit\u00e9.", "start_date": "2026-08-30T22:40:00+00:00", "title": "A l'instinct"}, {"desc": "Sous le choc, Hana tente de r\u00e9agir apr\u00e8s avoir d\u00e9couvert les v\u00e9ritables raisons qui ont pouss\u00e9 les autorit\u00e9s chinoises \u00e0 r\u00e9clamer l'extradition de Matthew.", "start_date": "2026-08-31T00:10:00+00:00", "title": "Code Rouge"}, {"desc": "Les masques sont tomb\u00e9s, et tous sont d\u00e9sormais au fait des dessous de l'arrestation de Matthew. Hana et Madeline mettent au point un plan pour d\u00e9jouer la conspiration.", "start_date": "2026-08-31T00:55:00+00:00", "title": "Code Rouge"}, {"desc": "A la d\u00e9couverte des spectaculaires paysages naturels que rencontrent les voyageurs qui s'aventurent dans l'Ouest am\u00e9ricain, immortalis\u00e9 par de nombreux westerns.", "start_date": "2026-08-31T01:40:00+00:00", "title": "Les grands espaces de l'Ouest am\u00e9ricain"}, {"desc": "La ville du Cap, en Afrique du Sud, racont\u00e9e par des fran\u00e7ais install\u00e9s sur place.", "start_date": "2026-08-31T02:35:00+00:00", "title": "Le go\u00fbt du Cap"}, {"desc": null, "start_date": "2026-08-31T03:00:00+00:00", "title": "Pays et march\u00e9s du monde"}, {"desc": "Quiz de culture g\u00e9n\u00e9rale au cours duquel 6 candidats vont tenter chaque jour de d\u00e9loger le champion en titre (qui accumule les gains d'\u00e9mission en \u00e9mission) et de prendre sa place. Les 2 premi\u00e8res manches, \"les qualifs\", et \"la comp\u00e8t'\" d\u00e9signent le challenger qui rel\u00e8ve \"le d\u00e9fi\" de d\u00e9tr\u00f4ner le champion en titre. C'est le champion en titre qui choisit le th\u00e8me des questions en finale.", "start_date": "2026-08-31T03:10:00+00:00", "title": "Tout le monde veut prendre sa place"}, {"desc": null, "start_date": "2026-08-31T04:00:00+00:00", "title": "Le 6h info"}, {"desc": null, "start_date": "2026-08-31T04:35:00+00:00", "title": "T\u00e9l\u00e9matin"}, {"desc": null, "start_date": "2026-08-31T06:00:00+00:00", "title": "Journal 08h00"}, {"desc": null, "start_date": "2026-08-31T06:30:00+00:00", "title": "T\u00e9l\u00e9matin"}, {"desc": null, "start_date": "2026-08-31T07:15:00+00:00", "title": "T\u00e9l\u00e9matin, la suite"}, {"desc": null, "start_date": "2026-08-31T08:41:00+00:00", "title": "Journal M\u00e9t\u00e9o climat outre-mer"}, {"desc": null, "start_date": "2026-08-31T08:45:00+00:00", "title": "Chacun son tour"}, {"desc": null, "start_date": "2026-08-31T09:25:00+00:00", "title": "Chacun son tour"}, {"desc": "Quiz de culture g\u00e9n\u00e9rale au cours duquel 6 candidats vont tenter chaque jour de d\u00e9loger le champion en titre (qui accumule les gains d'\u00e9mission en \u00e9mission) et de prendre sa place. Les 2 premi\u00e8res manches, \"les qualifs\", et \"la comp\u00e8t'\" d\u00e9signent le challenger qui rel\u00e8ve \"le d\u00e9fi\" de d\u00e9tr\u00f4ner le champion en titre. C'est le champion en titre qui choisit le th\u00e8me des questions en finale.", "start_date": "2026-08-31T09:55:00+00:00", "title": "Tout le monde veut prendre sa place"}, {"desc": null, "start_date": "2026-08-31T10:55:00+00:00", "title": "Journal M\u00e9t\u00e9o Climat"}, {"desc": null, "start_date": "2026-08-31T11:00:00+00:00", "title": "Journal 13h00"}, {"desc": null, "start_date": "2026-08-31T11:40:00+00:00", "title": "Journal M\u00e9t\u00e9o Climat"}, {"desc": null, "start_date": "2026-08-31T11:45:00+00:00", "title": "La p'tite librairie"}, {"desc": "Tous les jours, Faustine BOLLAERT accueille sur le plateau de \\\" Ca commence aujourd'hui \\\" des hommes et des femmes qui viennent t\u00e9moigner sur une p\u00e9riode de leur vie, un drame, une \u00e9preuve, un cap \u00e0 passer ou un changement, et qui font souvent \u00e9cho \u00e0 de grands sujets de soci\u00e9t\u00e9. Entour\u00e9e d'experts : psychologues, psychiatres, avocats, gyn\u00e9cologue, Faustine aide les t\u00e9moins et les t\u00e9l\u00e9spectateurs", "start_date": "2026-08-31T11:55:00+00:00", "title": "\u00c7a commence aujourd'hui"}, {"desc": "Faustine Bollaert re\u00e7oit sur le plateau de \"\u00c7a commence aujourd'hui\" des invit\u00e9es dont la vie est devenue infernale \u00e0 cause de leur ex-conjoint.", "start_date": "2026-08-31T13:05:00+00:00", "title": "\u00c7a commence aujourd'hui"}, {"desc": "Chaque jour, revenons sur l'histoire d'un objet embl\u00e9matique de l'\u00e9mission, acquis par l'un de nos acheteurs.", "start_date": "2026-08-31T14:10:00+00:00", "title": "Affaire conclue : la vie des objets"}, {"desc": null, "start_date": "2026-08-31T14:20:00+00:00", "title": "Affaire conclue, tout le monde a quelque chose \u00e0 vendre"}, {"desc": null, "start_date": "2026-08-31T15:15:00+00:00", "title": "Affaire conclue, tout le monde a quelque chose \u00e0 vendre"}, {"desc": "\u00c9mission quotidienne pour jouer avec la langue fran\u00e7aise et enrichir sa culture g\u00e9n\u00e9rale. Autour de Sidonie Bonnec et Bruno Guillon, 2 \u00e9quipes jouent en r\u00e9pondant \u00e0 des questions. Chacune est constitu\u00e9e d'un candidat, \u00e9paul\u00e9 par 2 personnalit\u00e9s : humoristes, com\u00e9diens, journalistes...", "start_date": "2026-08-31T16:05:00+00:00", "title": "Tout le monde a son mot \u00e0 dire"}, {"desc": "Les candidats chantent en karaok\u00e9 accompagn\u00e9s par un orchestre. Quand les mots s'effacent, seuls gagnent ceux qui se souviennent de toutes les paroles.", "start_date": "2026-08-31T16:40:00+00:00", "title": "N'oubliez pas les paroles"}, {"desc": "Les candidats chantent en karaok\u00e9 accompagn\u00e9s par un orchestre. Quand les mots s'effacent, seuls gagnent ceux qui se souviennent de toutes les paroles.", "start_date": "2026-08-31T17:15:00+00:00", "title": "N'oubliez pas les paroles"}, {"desc": null, "start_date": "2026-08-31T17:55:00+00:00", "title": "Journal M\u00e9t\u00e9o Climat"}, {"desc": null, "start_date": "2026-08-31T18:00:00+00:00", "title": "Journal 20h00"}, {"desc": null, "start_date": "2026-08-31T18:55:00+00:00", "title": "Journal M\u00e9t\u00e9o Climat"}, {"desc": null, "start_date": "2026-08-31T19:00:00+00:00", "title": "R\u00e9flexe !"}, {"desc": "Coup de projecteur sur l'actualit\u00e9 musicale, dans un format dynamique et accessible.", "start_date": "2026-08-31T19:05:00+00:00", "title": "Basique, l'essentiel de la musique"}, {"desc": "En 1828, la monarchie restaur\u00e9e vacille, une nouvelle r\u00e9volution gronde. Dans cette France troubl\u00e9e, un pauvre fils de charpentier est pr\u00eat \u00e0 tout pour s'\u00e9lever socialement.", "start_date": "2026-08-31T19:10:00+00:00", "title": "Le Rouge et le Noir"}, {"desc": "Le marquis de La Mole remarque l'intelligence de Julien, qui fait \u00e9galement la connaissance de Mathilde, la fille du marquis, une personnalit\u00e9 remarquable et remarqu\u00e9e.", "start_date": "2026-08-31T19:55:00+00:00", "title": "Le Rouge et le Noir"}, {"desc": "Apr\u00e8s son mariage avec le duc de Luynes, conseiller du roi Louis XIII, Marie de Rohan, une jeune femme libre d'esprit, est introduite \u00e0 la cour aupr\u00e8s de la jeune reine Anne.", "start_date": "2026-08-31T20:40:00+00:00", "title": "Une amiti\u00e9 dangereuse"}, {"desc": "Les conseils de Marie ont port\u00e9 leurs fruits, et le couple royal s'est retrouv\u00e9. La reine tombe enceinte. Cette nouvelle ravit presque toute la cour.", "start_date": "2026-08-31T21:35:00+00:00", "title": "Une amiti\u00e9 dangereuse"}, {"desc": null, "start_date": "2026-08-31T22:30:00+00:00", "title": "Expression directe"}, {"desc": "Au coeur de la Renaissance, une femme chevauche en t\u00eate dans la course aux honneurs : Diane de Poitiers, dont la beaut\u00e9 inalt\u00e9rable alimente nombre de rumeurs et l\u00e9gendes.", "start_date": "2026-08-31T22:35:00+00:00", "title": "Diane de Poitiers"}], "offset": "+00:00", "timezone": "UTC", "error_code": -1, "start_date": "2026-08-30", "icon": ""}