{"end_date": "2026-09-05", "name": "France 2", "info_url": "https://epg.pw/channels/55812/20260904.html", "country": "France", "description": null, "error_message": "", "provider": "", "source_url": "https://epg.pw/api/epg.json?channel_id=55812&date=20260904&timezone=None", "epg_list": [{"desc": "Damien V\u00e9ron se rend au Japon dans l'espoir d'obtenir la r\u00e9ouverture des investigations sur la disparition de sa soeur, Tiphaine, en 2018.", "start_date": "2026-09-04T00:15:00+00:00", "title": "13h15, le samedi..."}, {"desc": null, "start_date": "2026-09-04T00:45:00+00:00", "title": "Journal M\u00e9t\u00e9o climat outre-mer"}, {"desc": "Tous les jours, Faustine BOLLAERT accueille sur le plateau de \\\" Ca commence aujourd'hui \\\" des hommes et des femmes qui viennent t\u00e9moigner sur une p\u00e9riode de leur vie, un drame, une \u00e9preuve, un cap \u00e0 passer ou un changement, et qui font souvent \u00e9cho \u00e0 de grands sujets de soci\u00e9t\u00e9. Entour\u00e9e d'experts : psychologues, psychiatres, avocats, gyn\u00e9cologue, Faustine aide les t\u00e9moins et les t\u00e9l\u00e9spectateurs", "start_date": "2026-09-04T00:50:00+00:00", "title": "\u00c7a commence aujourd'hui"}, {"desc": null, "start_date": "2026-09-04T01:50:00+00:00", "title": "Affaire conclue, tout le monde a quelque chose \u00e0 vendre"}, {"desc": "Retour sur certains m\u00e9tiers, souvent m\u00e9connus, mais toujours indispensables.", "start_date": "2026-09-04T02:30:00+00:00", "title": "Les travailleurs de l'ombre"}, {"desc": null, "start_date": "2026-09-04T03:00:00+00:00", "title": "Pays et march\u00e9s du monde"}, {"desc": "Quiz de culture g\u00e9n\u00e9rale au cours duquel 6 candidats vont tenter chaque jour de d\u00e9loger le champion en titre (qui accumule les gains d'\u00e9mission en \u00e9mission) et de prendre sa place. Les 2 premi\u00e8res manches, \"les qualifs\", et \"la comp\u00e8t'\" d\u00e9signent le challenger qui rel\u00e8ve \"le d\u00e9fi\" de d\u00e9tr\u00f4ner le champion en titre. C'est le champion en titre qui choisit le th\u00e8me des questions en finale.", "start_date": "2026-09-04T03:10:00+00:00", "title": "Tout le monde veut prendre sa place"}, {"desc": null, "start_date": "2026-09-04T04:00:00+00:00", "title": "Le 6h info"}, {"desc": null, "start_date": "2026-09-04T04:30:00+00:00", "title": "T\u00e9l\u00e9matin"}, {"desc": null, "start_date": "2026-09-04T06:00:00+00:00", "title": "Journal 08h00"}, {"desc": null, "start_date": "2026-09-04T06:30:00+00:00", "title": "T\u00e9l\u00e9matin"}, {"desc": "En septembre : un rendez-vous premium chaque semaine sur France 2 Au programme : t\u00e9moignages, d\u00e9cryptages, conseils pratiques, experts et grandes conversations autour de tous les sujets qui traversent la vie des familles.", "start_date": "2026-09-04T07:30:00+00:00", "title": "La maison des Maternelles"}, {"desc": null, "start_date": "2026-09-04T08:40:00+00:00", "title": "Journal M\u00e9t\u00e9o climat outre-mer"}, {"desc": null, "start_date": "2026-09-04T08:45:00+00:00", "title": "Chacun son tour"}, {"desc": null, "start_date": "2026-09-04T09:25:00+00:00", "title": "Chacun son tour"}, {"desc": "Quiz de culture g\u00e9n\u00e9rale au cours duquel 6 candidats vont tenter chaque jour de d\u00e9loger le champion en titre (qui accumule les gains d'\u00e9mission en \u00e9mission) et de prendre sa place. Les 2 premi\u00e8res manches, \"les qualifs\", et \"la comp\u00e8t'\" d\u00e9signent le challenger qui rel\u00e8ve \"le d\u00e9fi\" de d\u00e9tr\u00f4ner le champion en titre. C'est le champion en titre qui choisit le th\u00e8me des questions en finale.", "start_date": "2026-09-04T09:55:00+00:00", "title": "Tout le monde veut prendre sa place"}, {"desc": null, "start_date": "2026-09-04T10:55:00+00:00", "title": "Journal M\u00e9t\u00e9o Climat"}, {"desc": null, "start_date": "2026-09-04T11:00:00+00:00", "title": "Journal 13h00"}, {"desc": null, "start_date": "2026-09-04T11:40:00+00:00", "title": "Journal M\u00e9t\u00e9o Climat"}, {"desc": "Romans, essais, classiques ou encore bandes dessin\u00e9es, Fran\u00e7ois Busnel vous propose chaque jour de d\u00e9couvrir ou red\u00e9couvrir une \u0153uvre fran\u00e7aise ou \u00e9trang\u00e8re : du lundi au dimanche sur toutes les antennes du groupe France T\u00e9l\u00e9visions !", "start_date": "2026-09-04T11:45:00+00:00", "title": "La p'tite librairie"}, {"desc": "Tous les jours, Faustine BOLLAERT accueille sur le plateau de \\\" Ca commence aujourd'hui \\\" des hommes et des femmes qui viennent t\u00e9moigner sur une p\u00e9riode de leur vie, un drame, une \u00e9preuve, un cap \u00e0 passer ou un changement, et qui font souvent \u00e9cho \u00e0 de grands sujets de soci\u00e9t\u00e9. Entour\u00e9e d'experts : psychologues, psychiatres, avocats, gyn\u00e9cologue, Faustine aide les t\u00e9moins et les t\u00e9l\u00e9spectateurs", "start_date": "2026-09-04T11:55:00+00:00", "title": "\u00c7a commence aujourd'hui"}, {"desc": "Faustine Bollaert re\u00e7oit sur le plateau de \"\u00c7a commence aujourd'hui\" des invit\u00e9es dont le conjoint a \u00e9t\u00e9 infid\u00e8le au pire moment : grossesse, accouchement, ou encore en lune de miel !Marine \u00e9tait en couple depuis 10 ans lorsqu'elle est tomb\u00e9e enceinte. Pour suivre sa grossesse, elle \u00e9tait accompagn\u00e9e par une parente, sage-femme, dont elle \u00e9tait ...", "start_date": "2026-09-04T13:05:00+00:00", "title": "\u00c7a commence aujourd'hui"}, {"desc": null, "start_date": "2026-09-04T14:20:00+00:00", "title": "Affaire conclue, tout le monde a quelque chose \u00e0 vendre"}, {"desc": null, "start_date": "2026-09-04T15:15:00+00:00", "title": "Affaire conclue, tout le monde a quelque chose \u00e0 vendre"}, {"desc": "Mot de passe - Le Duel est un jeu qui consiste \u00e0 faire deviner des mots \u00e0 un partenaire de jeu en donnant des mots indices. Il se joue avec deux candidats face \u00e0 deux c\u00e9l\u00e9brit\u00e9s. Du lundi au jeudi, ce sont les Duels et la Finale se joue en fin de semaine, le vendredi, avec le meilleur des 2 candidats et les deux c\u00e9l\u00e9brit\u00e9s.", "start_date": "2026-09-04T16:01:00+00:00", "title": "Mot de passe : le duel"}, {"desc": "\u00c9mission quotidienne pour jouer avec la langue fran\u00e7aise et enrichir sa culture g\u00e9n\u00e9rale. Autour de Sidonie Bonnec et Bruno Guillon, 2 \u00e9quipes jouent en r\u00e9pondant \u00e0 des questions. Chacune est constitu\u00e9e d'un candidat, \u00e9paul\u00e9 par 2 personnalit\u00e9s : humoristes, com\u00e9diens, journalistes...", "start_date": "2026-09-04T16:05:00+00:00", "title": "Tout le monde a son mot \u00e0 dire"}, {"desc": "Les candidats chantent en karaok\u00e9 accompagn\u00e9s par un orchestre. Quand les mots s'effacent, seuls gagnent ceux qui se souviennent de toutes les paroles.", "start_date": "2026-09-04T16:40:00+00:00", "title": "N'oubliez pas les paroles"}, {"desc": "Les candidats chantent en karaok\u00e9 accompagn\u00e9s par un orchestre. Quand les mots s'effacent, seuls gagnent ceux qui se souviennent de toutes les paroles.", "start_date": "2026-09-04T17:15:00+00:00", "title": "N'oubliez pas les paroles"}, {"desc": null, "start_date": "2026-09-04T17:55:00+00:00", "title": "Journal M\u00e9t\u00e9o Climat"}, {"desc": null, "start_date": "2026-09-04T18:00:00+00:00", "title": "Journal 20h00"}, {"desc": null, "start_date": "2026-09-04T18:35:00+00:00", "title": "20h30 le vendredi"}, {"desc": null, "start_date": "2026-09-04T18:55:00+00:00", "title": "Journal M\u00e9t\u00e9o Climat"}, {"desc": null, "start_date": "2026-09-04T19:00:00+00:00", "title": "R\u00e9flexe !"}, {"desc": null, "start_date": "2026-09-04T19:05:00+00:00", "title": "Basique, l'essentiel de la musique"}, {"desc": "Deux corps sont d\u00e9couverts dans le jardin d'une famille d'accueil : le cadavre du p\u00e8re de famille et celui d'un d'adolescent, quasi-int\u00e9gralement d\u00e9compos\u00e9.", "start_date": "2026-09-04T19:10:00+00:00", "title": "A l'instinct"}, {"desc": "Le corps calcin\u00e9 d'une lyc\u00e9enne r\u00e9v\u00e8le sa vie secr\u00e8te li\u00e9e \u00e0 l'\u00e9sot\u00e9risme. Quand d'autres suspects s'enflamment, l'enqu\u00eate oscille entre croyances et r\u00e9alit\u00e9.", "start_date": "2026-09-04T20:45:00+00:00", "title": "A l'instinct"}, {"desc": "Un lieutenant de police guyanais se rend en m\u00e9tropole pour enqu\u00eater, aid\u00e9 par une capitaine au caract\u00e8re affirm\u00e9, sur les causes de la mort d'une jeune fille.", "start_date": "2026-09-04T22:20:00+00:00", "title": "A l'instinct"}, {"desc": null, "start_date": "2026-09-04T23:45:00+00:00", "title": "Journal M\u00e9t\u00e9o climat outre-mer"}, {"desc": "Tous les jours, Faustine BOLLAERT accueille sur le plateau de \\\" Ca commence aujourd'hui \\\" des hommes et des femmes qui viennent t\u00e9moigner sur une p\u00e9riode de leur vie, un drame, une \u00e9preuve, un cap \u00e0 passer ou un changement, et qui font souvent \u00e9cho \u00e0 de grands sujets de soci\u00e9t\u00e9. Entour\u00e9e d'experts : psychologues, psychiatres, avocats, gyn\u00e9cologue, Faustine aide les t\u00e9moins et les t\u00e9l\u00e9spectateurs", "start_date": "2026-09-04T23:50:00+00:00", "title": "\u00c7a commence aujourd'hui"}, {"desc": null, "start_date": "2026-09-05T00:45:00+00:00", "title": "Affaire conclue, tout le monde a quelque chose \u00e0 vendre"}, {"desc": null, "start_date": "2026-09-05T01:30:00+00:00", "title": "Affaire conclue, tout le monde a quelque chose \u00e0 vendre"}, {"desc": "Dans le Pacifique, le lagon des \u00eeles Truk abrite un grand nombre d'\u00e9paves de navires de guerre japonais suite \u00e0 l'op\u00e9ration Hailstone, men\u00e9e par les Am\u00e9ricains en 1944.", "start_date": "2026-09-05T02:15:00+00:00", "title": "Truk Lagoon : le grand cimeti\u00e8re sous la mer"}, {"desc": null, "start_date": "2026-09-05T02:55:00+00:00", "title": "Pays et march\u00e9s du monde"}, {"desc": "Quiz de culture g\u00e9n\u00e9rale au cours duquel 6 candidats vont tenter chaque jour de d\u00e9loger le champion en titre (qui accumule les gains d'\u00e9mission en \u00e9mission) et de prendre sa place. Les 2 premi\u00e8res manches, \"les qualifs\", et \"la comp\u00e8t'\" d\u00e9signent le challenger qui rel\u00e8ve \"le d\u00e9fi\" de d\u00e9tr\u00f4ner le champion en titre. C'est le champion en titre qui choisit le th\u00e8me des questions en finale.", "start_date": "2026-09-05T03:10:00+00:00", "title": "Tout le monde veut prendre sa place"}, {"desc": null, "start_date": "2026-09-05T04:00:00+00:00", "title": "Le 6h info"}, {"desc": null, "start_date": "2026-09-05T04:35:00+00:00", "title": "T\u00e9l\u00e9matin"}, {"desc": null, "start_date": "2026-09-05T06:00:00+00:00", "title": "Journal 08h00"}, {"desc": null, "start_date": "2026-09-05T06:30:00+00:00", "title": "T\u00e9l\u00e9matin"}, {"desc": "Emission de bien-\u00eatre d\u00e9di\u00e9e \u00e0 l'am\u00e9lioration de la vie quotidienne, de la sant\u00e9, de la psychologie et du d\u00e9veloppement personnel. Conseils et informations pour mieux vivre et prendre soin aussi bien de soi que des autres.", "start_date": "2026-09-05T07:30:00+00:00", "title": "Bel et bien"}, {"desc": null, "start_date": "2026-09-05T08:45:00+00:00", "title": "Chacun son tour"}, {"desc": null, "start_date": "2026-09-05T09:25:00+00:00", "title": "Chacun son tour"}, {"desc": "Quiz de culture g\u00e9n\u00e9rale au cours duquel 6 candidats vont tenter chaque jour de d\u00e9loger le champion en titre (qui accumule les gains d'\u00e9mission en \u00e9mission) et de prendre sa place. Les 2 premi\u00e8res manches, \"les qualifs\", et \"la comp\u00e8t'\" d\u00e9signent le challenger qui rel\u00e8ve \"le d\u00e9fi\" de d\u00e9tr\u00f4ner le champion en titre. C'est le champion en titre qui choisit le th\u00e8me des questions en finale.", "start_date": "2026-09-05T09:55:00+00:00", "title": "Tout le monde veut prendre sa place"}, {"desc": null, "start_date": "2026-09-05T10:55:00+00:00", "title": "Journal M\u00e9t\u00e9o Climat"}, {"desc": null, "start_date": "2026-09-05T11:00:00+00:00", "title": "Journal 13h00"}, {"desc": null, "start_date": "2026-09-05T11:20:00+00:00", "title": "13h15, le samedi..."}, {"desc": null, "start_date": "2026-09-05T11:55:00+00:00", "title": "Journal M\u00e9t\u00e9o Climat"}, {"desc": "C'est une attitude que l'on observe parfois chez certains parents : une propension maladive \u00e0 vouloir que leurs enfants soient les plus forts et notamment en sport. Dans cette histoire, cette obsession a tourn\u00e9 au drame. Retour sur un dossier criminel tr\u00e8s singulier.", "start_date": "2026-09-05T12:05:00+00:00", "title": "Au bout de l'enqu\u00eate, la fin du crime parfait ?"}, {"desc": "28 f\u00e9vrier 1985, sur une petite route de la for\u00eat de Meudon pr\u00e8s de Paris, une 2CV est en feu. A l'int\u00e9rieur, Evelyne, 61 ans, ne survivra pas \u00e0 l'incendie. Son mari Bruno s'en sort indemne et c'est vers lui que va se diriger l'enqu\u00eate. Bruno Joushomme sera finalement condamn\u00e9 \u00e0 la prison \u00e0 perp\u00e9tuit\u00e9 pour l'assassinat de sa femme. Aujourd'hui libre, il clame toujours son innocence, et t\u00e9moigne po", "start_date": "2026-09-05T13:00:00+00:00", "title": "Au bout de l'enqu\u00eate, la fin du crime parfait ?"}, {"desc": "Le 3 d\u00e9cembre 2004, Muriel Reigada, une m\u00e8re de famille sans histoire, \u00e9tait enlev\u00e9e \u00e0 La Chapelle-Saint-Mesmin, dans le Loiret. Son corps a \u00e9t\u00e9 retrouv\u00e9 moins d'un mois plus tard, enterr\u00e9 dans le jardin d'un ancien coll\u00e8gue de travail.", "start_date": "2026-09-05T14:00:00+00:00", "title": "Au bout de l'enqu\u00eate, la fin du crime parfait ?"}, {"desc": "En 20025, aux assises des Landes, Samuel Matias Batista a \u00e9t\u00e9 condamn\u00e9 \u00e0 23 ans de r\u00e9clusion pour l'assassinat du p\u00e8re de son ami qui s'\u00e9tait suicid\u00e9.", "start_date": "2026-09-05T15:00:00+00:00", "title": "Au bout de l'enqu\u00eate, la fin du crime parfait ?"}, {"desc": null, "start_date": "2026-09-05T15:55:00+00:00", "title": "Affaire conclue : la vie des objets"}, {"desc": "\u00c9mission quotidienne pour jouer avec la langue fran\u00e7aise et enrichir sa culture g\u00e9n\u00e9rale. Autour de Sidonie Bonnec et Bruno Guillon, 2 \u00e9quipes jouent en r\u00e9pondant \u00e0 des questions. Chacune est constitu\u00e9e d'un candidat, \u00e9paul\u00e9 par 2 personnalit\u00e9s : humoristes, com\u00e9diens, journalistes...", "start_date": "2026-09-05T16:05:00+00:00", "title": "Tout le monde a son mot \u00e0 dire"}, {"desc": "Les candidats chantent en karaok\u00e9 accompagn\u00e9s par un orchestre. Quand les mots s'effacent, seuls gagnent ceux qui se souviennent de toutes les paroles.", "start_date": "2026-09-05T16:40:00+00:00", "title": "N'oubliez pas les paroles"}, {"desc": "Les candidats chantent en karaok\u00e9 accompagn\u00e9s par un orchestre. Quand les mots s'effacent, seuls gagnent ceux qui se souviennent de toutes les paroles.", "start_date": "2026-09-05T17:15:00+00:00", "title": "N'oubliez pas les paroles"}, {"desc": null, "start_date": "2026-09-05T17:55:00+00:00", "title": "Journal M\u00e9t\u00e9o Climat"}, {"desc": null, "start_date": "2026-09-05T18:00:00+00:00", "title": "Journal 20h00"}, {"desc": null, "start_date": "2026-09-05T18:30:00+00:00", "title": "20h30 le samedi"}, {"desc": null, "start_date": "2026-09-05T18:50:00+00:00", "title": "Journal M\u00e9t\u00e9o Climat"}, {"desc": null, "start_date": "2026-09-05T19:00:00+00:00", "title": "R\u00e9flexe !"}, {"desc": "Mehdi, WIlliam, Myriam, Charlotte, Ondine, Jean-Marc, Maurice et d'autres encore, chacun avec ses diff\u00e9rences, jeuens et seniors, valides et porteurs de handicap vivent ensemble en colocation dans le m\u00eame immeuble.", "start_date": "2026-09-05T19:05:00+00:00", "title": "Immeuble partag\u00e9"}, {"desc": "A l'occasion des Journ\u00e9es europ\u00e9ennes du patrimoine, le plus c\u00e9l\u00e8bre ch\u00e2teau de France devient le th\u00e9\u00e2tre d'un immense spectacle o\u00f9 patrimoine, musique et cr\u00e9ation contemporaine dialoguent dans un \u00e9crin d'exception. Des lieux les plus embl\u00e9matiques aux espaces habituellement m\u00e9connus, le ch\u00e2teau se transforme en une sc\u00e8ne vivante.", "start_date": "2026-09-05T19:10:00+00:00", "title": "Versailles en f\u00eate"}, {"desc": "Le meilleur du talk-show spectaculaire, dr\u00f4le et festif, une \u00e9mission de soci\u00e9t\u00e9 et de divertissement, qui raconte notre \u00e9poque et interroge notre soci\u00e9t\u00e9.", "start_date": "2026-09-05T21:30:00+00:00", "title": "Quelle \u00e9poque !"}, {"desc": null, "start_date": "2026-09-05T23:00:00+00:00", "title": "M\u00e9t\u00e9o 2"}, {"desc": "Les courageux participants jouent pour le compte de deux associations diff\u00e9rentes : Trakadom aide les patients, notamment ceux atteints de scl\u00e9rose lat\u00e9rale amyotrophique, \u00e0 rentrer chez eux apr\u00e8s une trach\u00e9otomie. Douze F\u00e9vrier est le pseudonyme de Julie Bourges, une cr\u00e9atrice de contenu qui partage sa reconstruction apr\u00e8s de graves br\u00fblures.", "start_date": "2026-09-05T23:05:00+00:00", "title": "Fort Boyard"}], "offset": "+00:00", "timezone": "UTC", "error_code": -1, "start_date": "2026-09-04", "icon": ""}