{"end_date": "2026-09-04", "name": "France 3 - Rh\u00f4ne-Alpes", "info_url": "https://epg.pw/channels/55813/20260827.html", "country": "France", "description": null, "error_message": "", "provider": "", "source_url": "https://epg.pw/api/epg.json?channel_id=55813&date=20260827&timezone=None", "epg_list": [{"desc": "Romans, essais, classiques ou encore bandes dessin\u00e9es, Fran\u00e7ois Busnel vous propose chaque jour de d\u00e9couvrir ou red\u00e9couvrir une \u0153uvre fran\u00e7aise ou \u00e9trang\u00e8re : du lundi au dimanche sur toutes les antennes du groupe France T\u00e9l\u00e9visions !", "start_date": "2026-09-04T00:55:00+00:00", "title": "La p'tite librairie"}, {"desc": "Etienne Godart partage sa vie entre son \u00e9levage de volailles et sa passion pour la moto. Malgr\u00e9 une relation marqu\u00e9e par la distance, sa fille Alice tente de renouer avec lui.", "start_date": "2026-09-04T00:56:00+00:00", "title": "Elever au grain"}, {"desc": "Chaque semaine, une r\u00e9daction r\u00e9gionale propose au c\u0153ur d'un territoire une enqu\u00eate, un portrait, une r\u00e9v\u00e9lation sur la soci\u00e9t\u00e9, l'\u00e9conomie, l'environnement ou la sant\u00e9.", "start_date": "2026-09-04T02:20:00+00:00", "title": "Enqu\u00eates de r\u00e9gion le mag"}, {"desc": null, "start_date": "2026-09-04T02:35:00+00:00", "title": "Les matinales"}, {"desc": null, "start_date": "2026-09-04T02:45:00+00:00", "title": "Duels en familles"}, {"desc": null, "start_date": "2026-09-04T03:20:00+00:00", "title": "Slam"}, {"desc": "Sport et bien-\u00eatre sur un plateau. Sophie Roulaud, professeure de fitness et Val\u00e9rie Copin, professeure de yoga, se succ\u00e8dent sur le plateau \"fond vert\" de France 3 Nouvelle-Aquitaine. Avec pour d\u00e9cor les plus beaux paysages de la r\u00e9gion, les deux coaches d\u00e9ploient leur savoir-faire pour garder la forme et l'esprit serein.", "start_date": "2026-09-04T04:01:00+00:00", "title": "Alors on bouge en r\u00e9gion"}, {"desc": null, "start_date": "2026-09-04T04:30:00+00:00", "title": "ICI Matin - Dr\u00f4me Ard\u00e8che"}, {"desc": null, "start_date": "2026-09-04T07:05:00+00:00", "title": "Studio 3"}, {"desc": null, "start_date": "2026-09-04T08:20:00+00:00", "title": "Studio 3"}, {"desc": "Une \u00e9mission propos\u00e9e et \u00e9crite par Fran\u00e7ois Busnel Produite par Rosebud Productions avec la participation de France T\u00e9l\u00e9visions Fran\u00e7ois Busnel propose chaque jour de vous faire d\u00e9couvrir ou red\u00e9couvrir une \u0153uvre fran\u00e7aise ou \u00e9trang\u00e8re : roman, essai, grand classique ou encore bande dessin\u00e9e.", "start_date": "2026-09-04T08:25:00+00:00", "title": "La p'tite librairie"}, {"desc": "Ce magazine va nous faire d\u00e9couvrir les r\u00e9gions fran\u00e7aises en plongeant le t\u00e9l\u00e9spectateur au c\u0153ur d'une ville, d'un d\u00e9partement fran\u00e7ais, d'une r\u00e9gion, et lui fera d\u00e9couvrir son histoire, ses richesses patrimoniales, ses sp\u00e9cialit\u00e9s gastronomiques et ses lieux incontournables\u2026 Escales en France va \u00e0 la rencontre de ces fran\u00e7ais agriculteurs, marins p\u00eacheurs, artisans, restaurateurs, \u00e9leveurs, guid", "start_date": "2026-09-04T08:30:00+00:00", "title": "Escales en France"}, {"desc": "Au menu, les perches p\u00each\u00e9es dans retenue d'eau cuisin\u00e9es par Viviane Bujoli, avec un challenge : utiliser les huiles essentielles de la distillerie de Paul et Jean-Pierre Caux.", "start_date": "2026-09-04T09:00:00+00:00", "title": "Al Dente"}, {"desc": "Peggy Gadiou qui, en plus de la danse, de la couture et du v\u00e9lo, est passionn\u00e9e de cuisine, pr\u00e9sente une volaille marin\u00e9e au miel et au citron et des carottes \u00e0 la sauce yaourt.", "start_date": "2026-09-04T09:30:00+00:00", "title": "C'est succulent !"}, {"desc": null, "start_date": "2026-09-04T10:00:00+00:00", "title": "M\u00e9t\u00e9o"}, {"desc": "Pr\u00e9par\u00e9 et propos\u00e9 par la R\u00e9daction du P\u00f4le Outre-mer Une production France T\u00e9l\u00e9visions Pr\u00e9sent\u00e9 en alternance par Kessi Weishaupt et Laurence Theatin Le journal d'information qui vous emm\u00e8ne au c\u0153ur des Outre-mer et de leur actualit\u00e9.", "start_date": "2026-09-04T10:05:00+00:00", "title": "Outremer.l'info"}, {"desc": null, "start_date": "2026-09-04T10:15:00+00:00", "title": "L'agenda"}, {"desc": null, "start_date": "2026-09-04T10:19:00+00:00", "title": "M\u00e9t\u00e9o - Auvergne Rh\u00f4ne Alpes"}, {"desc": null, "start_date": "2026-09-04T10:20:00+00:00", "title": "ICI 12/13 - Rh\u00f4ne Alpes"}, {"desc": null, "start_date": "2026-09-04T10:55:00+00:00", "title": "M\u00e9t\u00e9o \u00e0 la carte"}, {"desc": "Une \u00e9mission r\u00e9alis\u00e9e par Captain Productions Une production Enibas Productions, A Prime Group, avec la participation de France T\u00e9l\u00e9visions R\u00e9dacteurs en chef : St\u00e9phane Evanno et Laetitia Bouchon Pr\u00e9sent\u00e9e par Marine Vignes et Laurent Romejko En direct Ce nouveau format se veut encore plus interactif. Les t\u00e9l\u00e9spectateurs gardent une place importante dans l'\u00e9mission et sur les r\u00e9seaux. Les photos ", "start_date": "2026-09-04T11:55:00+00:00", "title": "M\u00e9t\u00e9o \u00e0 la carte (la suite)"}, {"desc": "Un homme qui fume une cigarette \u00e0 sa fen\u00eatre est t\u00e9moin d'une agression : une jeune femme blonde en pousse une autre dans le coffre d'une voiture et dispara\u00eet.", "start_date": "2026-09-04T12:40:00+00:00", "title": "Rex, chien flic"}, {"desc": "Un procureur est menac\u00e9 par l'ex-mari de sa petite amie, qui veut la r\u00e9cup\u00e9rer \u00e0 tout prix. Un soir, ce dernier rend une petite visite \u00e0 son rival.", "start_date": "2026-09-04T13:35:00+00:00", "title": "Rex, chien flic"}, {"desc": "Un match de hockey tourne au drame. Les joueurs se prennent violemment \u00e0 partie et la comp\u00e9tition se termine en bagarre. Un des joueurs est pass\u00e9 \u00e0 tabac.", "start_date": "2026-09-04T14:35:00+00:00", "title": "Rex, chien flic"}, {"desc": null, "start_date": "2026-09-04T15:25:00+00:00", "title": "Duels en familles"}, {"desc": null, "start_date": "2026-09-04T16:00:00+00:00", "title": "Slam"}, {"desc": null, "start_date": "2026-09-04T16:50:00+00:00", "title": "Journal M\u00e9t\u00e9o Climat"}, {"desc": null, "start_date": "2026-09-04T17:00:00+00:00", "title": "L'agenda"}, {"desc": null, "start_date": "2026-09-04T17:05:00+00:00", "title": "M\u00e9t\u00e9o - Auvergne Rh\u00f4ne Alpes"}, {"desc": null, "start_date": "2026-09-04T17:06:00+00:00", "title": "ICI 19/20 - Grand Lyon"}, {"desc": "Regarder la vid\u00e9o \u00c9mission du lundi 25 novembre 2024 sur france.tv.", "start_date": "2026-09-04T17:16:00+00:00", "title": "ICI 19/20 - Rh\u00f4ne Alpes"}, {"desc": null, "start_date": "2026-09-04T17:53:00+00:00", "title": "On vous emm\u00e8ne ici"}, {"desc": "Le magazine qui va au-del\u00e0 du seul r\u00e9sultat sportif : histoires humaines, enjeux soci\u00e9taux, innovations, culture sport, inclusion, environnement\u2026 Un regard moderne et ouvert sur le sport d'aujourd'hui.", "start_date": "2026-09-04T18:00:00+00:00", "title": "Stade 2 la quotidienne"}, {"desc": "Page quotidienne in\u00e9dite enti\u00e8rement d\u00e9di\u00e9e \u00e0 la Ligue 1 de football, offrant une immersion totale au c\u0153ur du championnat de France : derni\u00e8res actualit\u00e9s, r\u00e9sultats, informations sur les clubs et joueurs du championnat de France de football.", "start_date": "2026-09-04T18:10:00+00:00", "title": "Stade 2 Ligue 1"}, {"desc": null, "start_date": "2026-09-04T18:20:00+00:00", "title": "M\u00e9t\u00e9o - Auvergne Rh\u00f4ne Alpes"}, {"desc": "Alors que Yann se d\u00e9voile sur sa nouvelle relation aupr\u00e8s de ses coll\u00e8gues, la rencontre entre C\u00e9leste et Claudine promet de faire des \u00e9tincelles.", "start_date": "2026-09-04T18:25:00+00:00", "title": "Un si grand soleil"}, {"desc": "Au r\u00e9veil, Salom\u00e9 a une mauvaise surprise. De son c\u00f4t\u00e9, Muriel accepte \u00e0 contrecoeur de confier Toma \u00e0 Eve.", "start_date": "2026-09-04T18:45:00+00:00", "title": "Un si grand soleil"}, {"desc": "Cette semaine, St\u00e9phane Bern part \u00e0 la d\u00e9couverte du Val de Cher et de la Sologne, un territoire o\u00f9 la douceur des paysages, les chefs-d'oeuvre de la Renaissance et les grands espaces naturels composent un d\u00e9cor unique. Le terrain de jeu s'\u00e9tire le long du Cher, de Bl\u00e9r\u00e9, \u00e0 l'ouest, jusqu'\u00e0 Lamotte-Beuvron, \u00e0 l'est.", "start_date": "2026-09-04T19:10:00+00:00", "title": "La carte aux tr\u00e9sors"}, {"desc": null, "start_date": "2026-09-04T21:25:00+00:00", "title": "Corsu Mezu Mezu, un soir au V\u00e9lodrome avec Patrick Fiori"}, {"desc": "Avec \"Vivantes\", le chor\u00e9graphe Micka\u00ebl Le Mer ouvre l'espace de la sc\u00e8ne aux femmes avec huit danseuses virtuoses. Avec cette oeuvre, il exprime son admiration pour les femmes qui l'entourent dans sa vie ; sa femme, sa m\u00e8re et ses filles. A travers sa chor\u00e9graphie, il invite \u00e0 regarder la force individuelle et collective des femmes.", "start_date": "2026-09-04T23:50:00+00:00", "title": "Vivantes"}], "offset": "+00:00", "timezone": "UTC", "error_code": -1, "start_date": "2026-09-04", "icon": ""}