{"end_date": "2026-04-25", "name": "franceinfo:", "info_url": "https://epg.pw/channels/55824/20260424.html", "country": "France", "description": null, "error_message": "", "provider": "", "source_url": "https://epg.pw/api/epg.json?channel_id=55824&date=20260424&timezone=None", "epg_list": [{"desc": null, "start_date": "2026-04-24T18:03:00+00:00", "title": "Les inform\u00e9s du soir"}, {"desc": null, "start_date": "2026-04-24T18:59:00+00:00", "title": "Le journal de 21h"}, {"desc": null, "start_date": "2026-04-24T19:59:00+00:00", "title": "Le Pour et le Contre"}, {"desc": null, "start_date": "2026-04-24T20:55:00+00:00", "title": "Journal M\u00e9t\u00e9o Climat"}, {"desc": null, "start_date": "2026-04-24T20:59:00+00:00", "title": "23h info"}, {"desc": null, "start_date": "2026-04-24T21:59:00+00:00", "title": "Outre-mer l'actu"}, {"desc": null, "start_date": "2026-04-24T22:15:00+00:00", "title": "France 24"}, {"desc": null, "start_date": "2026-04-25T04:29:00+00:00", "title": "La matinale week-end"}, {"desc": null, "start_date": "2026-04-25T06:33:00+00:00", "title": "8h30 franceinfo"}, {"desc": null, "start_date": "2026-04-25T06:52:00+00:00", "title": "La matinale week-end"}, {"desc": null, "start_date": "2026-04-25T06:59:00+00:00", "title": "La politique s'\u00e9claire"}, {"desc": null, "start_date": "2026-04-25T07:41:00+00:00", "title": "Les inform\u00e9s de l'\u00e9co"}, {"desc": null, "start_date": "2026-04-25T07:59:00+00:00", "title": "Le 10h/12h"}, {"desc": null, "start_date": "2026-04-25T09:59:00+00:00", "title": "Vrai ou faux, l'\u00e9mission"}, {"desc": null, "start_date": "2026-04-25T10:59:00+00:00", "title": "Le journal"}, {"desc": null, "start_date": "2026-04-25T11:19:00+00:00", "title": "L'interview culture"}, {"desc": null, "start_date": "2026-04-25T11:29:00+00:00", "title": "Nous, les Europ\u00e9ens"}, {"desc": null, "start_date": "2026-04-25T11:59:00+00:00", "title": "Le 14h/16h"}, {"desc": null, "start_date": "2026-04-25T13:49:00+00:00", "title": "Outremer.l'info"}, {"desc": null, "start_date": "2026-04-25T13:59:00+00:00", "title": "Le 16h/18h"}, {"desc": null, "start_date": "2026-04-25T15:59:00+00:00", "title": "Tout est politique"}, {"desc": null, "start_date": "2026-04-25T17:59:00+00:00", "title": "INAttendu"}, {"desc": null, "start_date": "2026-04-25T18:29:00+00:00", "title": "Nous, les Europ\u00e9ens"}, {"desc": null, "start_date": "2026-04-25T18:59:00+00:00", "title": "Le journal de 21h"}, {"desc": null, "start_date": "2026-04-25T19:59:00+00:00", "title": "Le Pour et le Contre"}, {"desc": null, "start_date": "2026-04-25T20:55:00+00:00", "title": "Journal M\u00e9t\u00e9o Climat"}, {"desc": null, "start_date": "2026-04-25T20:59:00+00:00", "title": "23h info"}, {"desc": null, "start_date": "2026-04-25T22:00:00+00:00", "title": "France 24"}], "offset": "+00:00", "timezone": "UTC", "error_code": -1, "start_date": "2026-04-24", "icon": ""}