{"end_date": "2026-04-26", "name": "franceinfo:", "info_url": "https://epg.pw/channels/55824/20260425.html", "country": "France", "description": null, "error_message": "", "provider": "", "source_url": "https://epg.pw/api/epg.json?channel_id=55824&date=20260425&timezone=None", "epg_list": [{"desc": null, "start_date": "2026-04-25T04:29:00+00:00", "title": "La matinale week-end"}, {"desc": null, "start_date": "2026-04-25T06:33:00+00:00", "title": "8h30 franceinfo"}, {"desc": null, "start_date": "2026-04-25T06:52:00+00:00", "title": "La matinale week-end"}, {"desc": null, "start_date": "2026-04-25T06:59:00+00:00", "title": "La politique s'\u00e9claire"}, {"desc": null, "start_date": "2026-04-25T07:41:00+00:00", "title": "Les inform\u00e9s de l'\u00e9co"}, {"desc": null, "start_date": "2026-04-25T07:59:00+00:00", "title": "Le 10h/12h"}, {"desc": null, "start_date": "2026-04-25T09:59:00+00:00", "title": "Vrai ou faux, l'\u00e9mission"}, {"desc": null, "start_date": "2026-04-25T10:59:00+00:00", "title": "Le journal"}, {"desc": null, "start_date": "2026-04-25T11:19:00+00:00", "title": "L'interview culture"}, {"desc": null, "start_date": "2026-04-25T11:29:00+00:00", "title": "Nous, les Europ\u00e9ens"}, {"desc": null, "start_date": "2026-04-25T11:59:00+00:00", "title": "Le 14h/16h"}, {"desc": null, "start_date": "2026-04-25T13:49:00+00:00", "title": "Outremer.l'info"}, {"desc": null, "start_date": "2026-04-25T13:59:00+00:00", "title": "Le 16h/18h"}, {"desc": null, "start_date": "2026-04-25T15:59:00+00:00", "title": "Tout est politique"}, {"desc": null, "start_date": "2026-04-25T17:59:00+00:00", "title": "INAttendu"}, {"desc": null, "start_date": "2026-04-25T18:29:00+00:00", "title": "Nous, les Europ\u00e9ens"}, {"desc": null, "start_date": "2026-04-25T18:59:00+00:00", "title": "Le journal de 21h"}, {"desc": null, "start_date": "2026-04-25T19:59:00+00:00", "title": "Le Pour et le Contre"}, {"desc": null, "start_date": "2026-04-25T20:55:00+00:00", "title": "Journal M\u00e9t\u00e9o Climat"}, {"desc": null, "start_date": "2026-04-25T20:59:00+00:00", "title": "23h info"}, {"desc": null, "start_date": "2026-04-25T22:00:00+00:00", "title": "France 24"}, {"desc": null, "start_date": "2026-04-26T04:29:00+00:00", "title": "La matinale week-end"}, {"desc": null, "start_date": "2026-04-26T06:33:00+00:00", "title": "8h30 franceinfo"}, {"desc": null, "start_date": "2026-04-26T06:52:00+00:00", "title": "La matinale week-end"}, {"desc": null, "start_date": "2026-04-26T06:59:00+00:00", "title": "La politique s'\u00e9claire"}, {"desc": null, "start_date": "2026-04-26T07:41:00+00:00", "title": "Les inform\u00e9s de l'Europe"}, {"desc": null, "start_date": "2026-04-26T07:59:00+00:00", "title": "Le 10h/12h"}, {"desc": null, "start_date": "2026-04-26T10:03:00+00:00", "title": "Questions politiques"}, {"desc": null, "start_date": "2026-04-26T11:02:00+00:00", "title": "Le journal"}, {"desc": null, "start_date": "2026-04-26T11:22:00+00:00", "title": "L'interview culture"}, {"desc": null, "start_date": "2026-04-26T11:32:00+00:00", "title": "INAttendu"}, {"desc": null, "start_date": "2026-04-26T11:59:00+00:00", "title": "Le 14h/16h"}, {"desc": null, "start_date": "2026-04-26T13:49:00+00:00", "title": "Outremer.l'info"}, {"desc": null, "start_date": "2026-04-26T13:59:00+00:00", "title": "Le 16h/18h"}, {"desc": null, "start_date": "2026-04-26T15:59:00+00:00", "title": "Tout est politique"}, {"desc": null, "start_date": "2026-04-26T17:59:00+00:00", "title": "Vrai ou faux, l'\u00e9mission"}, {"desc": null, "start_date": "2026-04-26T18:59:00+00:00", "title": "Le journal de 21h"}, {"desc": null, "start_date": "2026-04-26T19:59:00+00:00", "title": "Le Pour et le Contre"}, {"desc": null, "start_date": "2026-04-26T20:55:00+00:00", "title": "Journal M\u00e9t\u00e9o Climat"}, {"desc": null, "start_date": "2026-04-26T20:59:00+00:00", "title": "23h info"}, {"desc": null, "start_date": "2026-04-26T22:00:00+00:00", "title": "France 24"}], "offset": "+00:00", "timezone": "UTC", "error_code": -1, "start_date": "2026-04-25", "icon": ""}