{"end_date": "2026-08-30", "name": "Canal 21", "info_url": "https://epg.pw/channels/55843/20260829.html", "country": "France", "description": null, "error_message": "", "provider": "", "source_url": "https://epg.pw/api/epg.json?channel_id=55843&date=20260829&timezone=None", "epg_list": [{"desc": null, "start_date": "2026-08-29T00:30:00+00:00", "title": "Fin des programmes"}, {"desc": null, "start_date": "2026-08-29T04:00:00+00:00", "title": "Programme non communiqu\u00e9"}, {"desc": null, "start_date": "2026-08-29T06:00:00+00:00", "title": "Programme non communiqu\u00e9"}, {"desc": null, "start_date": "2026-08-29T10:00:00+00:00", "title": "Programme non communiqu\u00e9"}, {"desc": null, "start_date": "2026-08-29T15:05:00+00:00", "title": "Mon job"}, {"desc": null, "start_date": "2026-08-29T15:15:00+00:00", "title": "La Picardie grandit avec ses lyc\u00e9ens"}, {"desc": null, "start_date": "2026-08-29T15:30:00+00:00", "title": "Fen\u00eatre sur..."}, {"desc": null, "start_date": "2026-08-29T16:00:00+00:00", "title": "Demain en Catalogne"}, {"desc": null, "start_date": "2026-08-29T16:35:00+00:00", "title": "\u00c7a se passe ailleurs"}, {"desc": null, "start_date": "2026-08-29T17:10:00+00:00", "title": "Il \u00e9tait une fois la France"}, {"desc": null, "start_date": "2026-08-29T18:55:00+00:00", "title": "Talents"}, {"desc": null, "start_date": "2026-08-29T19:30:00+00:00", "title": "Documentaire"}, {"desc": null, "start_date": "2026-08-29T19:50:00+00:00", "title": "La nouvelle vague"}, {"desc": null, "start_date": "2026-08-29T20:20:00+00:00", "title": "Campagne en mouvement"}, {"desc": null, "start_date": "2026-08-29T20:40:00+00:00", "title": "La Picardie grandit avec ses lyc\u00e9ens"}, {"desc": null, "start_date": "2026-08-29T21:00:00+00:00", "title": "Programme non communiqu\u00e9"}, {"desc": null, "start_date": "2026-08-29T22:00:00+00:00", "title": "Programme non communiqu\u00e9"}, {"desc": null, "start_date": "2026-08-29T23:00:00+00:00", "title": "Programme non communiqu\u00e9"}, {"desc": null, "start_date": "2026-08-30T01:30:00+00:00", "title": "Fin des programmes"}, {"desc": null, "start_date": "2026-08-30T04:00:00+00:00", "title": "Programme non communiqu\u00e9"}, {"desc": null, "start_date": "2026-08-30T06:00:00+00:00", "title": "Programme non communiqu\u00e9"}, {"desc": null, "start_date": "2026-08-30T10:00:00+00:00", "title": "Programme non communiqu\u00e9"}, {"desc": null, "start_date": "2026-08-30T15:00:00+00:00", "title": "Il \u00e9tait une fois la France"}, {"desc": null, "start_date": "2026-08-30T16:35:00+00:00", "title": "Documentaire"}, {"desc": null, "start_date": "2026-08-30T17:10:00+00:00", "title": "Demain en Catalogne"}, {"desc": null, "start_date": "2026-08-30T17:40:00+00:00", "title": "La nouvelle vague"}, {"desc": null, "start_date": "2026-08-30T18:15:00+00:00", "title": "VIP club"}, {"desc": null, "start_date": "2026-08-30T19:20:00+00:00", "title": "Heureux \u00e9lus !"}, {"desc": null, "start_date": "2026-08-30T20:20:00+00:00", "title": "Court m\u00e9trage"}, {"desc": null, "start_date": "2026-08-30T21:00:00+00:00", "title": "Fin des programmes"}], "offset": "+00:00", "timezone": "UTC", "error_code": -1, "start_date": "2026-08-29", "icon": ""}