{"end_date": "2026-04-30", "name": "Figaro TV IDF", "info_url": "https://epg.pw/channels/55857/20260429.html", "country": "France", "description": null, "error_message": "", "provider": "", "source_url": "https://epg.pw/api/epg.json?channel_id=55857&date=20260429&timezone=None", "epg_list": [{"desc": null, "start_date": "2026-04-29T01:00:00+00:00", "title": "La t\u00e9l\u00e9vision de tous les Franciliens"}, {"desc": null, "start_date": "2026-04-29T04:00:00+00:00", "title": "La t\u00e9l\u00e9vision de tous les Franciliens"}, {"desc": null, "start_date": "2026-04-29T07:00:00+00:00", "title": "La t\u00e9l\u00e9vision de tous les Franciliens"}, {"desc": null, "start_date": "2026-04-29T10:00:00+00:00", "title": "La t\u00e9l\u00e9vision de tous les Franciliens"}, {"desc": null, "start_date": "2026-04-29T13:00:00+00:00", "title": "La t\u00e9l\u00e9vision de tous les Franciliens"}, {"desc": null, "start_date": "2026-04-29T16:00:00+00:00", "title": "La t\u00e9l\u00e9vision de tous les Franciliens"}, {"desc": null, "start_date": "2026-04-29T19:00:00+00:00", "title": "La t\u00e9l\u00e9vision de tous les Franciliens"}, {"desc": null, "start_date": "2026-04-29T22:00:00+00:00", "title": "La t\u00e9l\u00e9vision de tous les Franciliens"}, {"desc": null, "start_date": "2026-04-30T01:00:00+00:00", "title": "La t\u00e9l\u00e9vision de tous les Franciliens"}, {"desc": null, "start_date": "2026-04-30T04:00:00+00:00", "title": "La t\u00e9l\u00e9vision de tous les Franciliens"}, {"desc": null, "start_date": "2026-04-30T07:00:00+00:00", "title": "La t\u00e9l\u00e9vision de tous les Franciliens"}, {"desc": null, "start_date": "2026-04-30T10:00:00+00:00", "title": "La t\u00e9l\u00e9vision de tous les Franciliens"}, {"desc": null, "start_date": "2026-04-30T13:00:00+00:00", "title": "La t\u00e9l\u00e9vision de tous les Franciliens"}, {"desc": null, "start_date": "2026-04-30T16:00:00+00:00", "title": "La t\u00e9l\u00e9vision de tous les Franciliens"}, {"desc": null, "start_date": "2026-04-30T19:00:00+00:00", "title": "La t\u00e9l\u00e9vision de tous les Franciliens"}, {"desc": null, "start_date": "2026-04-30T22:00:00+00:00", "title": "La t\u00e9l\u00e9vision de tous les Franciliens"}], "offset": "+00:00", "timezone": "UTC", "error_code": -1, "start_date": "2026-04-29", "icon": ""}