{"end_date": "2026-08-31", "name": "La chaine l\u2019\u00c9quipe", "info_url": "https://epg.pw/channels/55938/20260830.html", "country": "France", "description": null, "error_message": "", "provider": "", "source_url": "https://epg.pw/api/epg.json?channel_id=55938&date=20260830&timezone=None", "epg_list": [{"desc": null, "start_date": "2026-08-30T03:00:00+00:00", "title": "Programmes de la nuit"}, {"desc": "Diffusion de l'EmbrunMan, un triathlon longue distance r\u00e9unissant amateurs et professionnels et r\u00e9put\u00e9 \u00eatre le plus dur au monde.", "start_date": "2026-08-30T07:00:00+00:00", "title": "Triathlon : EmbrunMan"}, {"desc": "Pr\u00e9cision, strat\u00e9gie et ma\u00eetrise du tir sont au coeur de ces \u00e9preuves prestigieuses, o\u00f9 chaque partie est disput\u00e9e avec intensit\u00e9 pour conqu\u00e9rir le titre national.", "start_date": "2026-08-30T07:30:00+00:00", "title": "P\u00e9tanque : Championnats de France Doublette et Individuel"}, {"desc": "Championne du monde en titre, Jenny Rissveds remet son titre en jeu \u00e0 Val di Sole avec l'ambition de le conserver. Favorite de l'\u00e9preuve, la Su\u00e9doise devra notamment contenir Alessandra Keller, m\u00e9daill\u00e9e de bronze en 2025, Puck Pieterse ou encore Evie Richards.", "start_date": "2026-08-30T10:55:00+00:00", "title": "VTT : Championnats du monde"}, {"desc": null, "start_date": "2026-08-30T12:45:00+00:00", "title": "VTT : Entre deux courses"}, {"desc": "Double champion du monde en titre, Alan Hatherly vise la passe de trois \u00e0 Val di Sole. Face au Sud-Africain, la France avance avec plusieurs cartes : Luca Martin, Mathis Azzaro et Adrien Boichis, \u00e9paul\u00e9s par Jordan Sarrou, Joshua Dubau et Mathis Guay. Christopher Blevins, Mart\u00edn Vidaurre ou Simone Avondetto figurent aussi parmi les hommes \u00e0 surveiller.", "start_date": "2026-08-30T13:05:00+00:00", "title": "VTT : Championnats du monde"}, {"desc": "Pr\u00e9cision, strat\u00e9gie et ma\u00eetrise du tir sont au coeur de ces \u00e9preuves prestigieuses, o\u00f9 chaque partie est disput\u00e9e avec intensit\u00e9 pour conqu\u00e9rir le titre national.", "start_date": "2026-08-30T15:30:00+00:00", "title": "P\u00e9tanque : Championnats de France Doublette et Individuel"}, {"desc": "L'Euro f\u00e9minin bascule dans sa phase \u00e0 \u00e9limination directe avec les huiti\u00e8mes de finale. Championne du monde en titre, l'Italie appara\u00eet comme l'une des principales candidates au sacre, aux c\u00f4t\u00e9s de la Turquie, championne d'Europe en 2023, de la Serbie ou de la Pologne. Les Fran\u00e7aises de C\u00e9sar Hernandez ambitionnent, elles, de franchir la phase de poules et de retrouver les quarts de finale, comme", "start_date": "2026-08-30T18:08:00+00:00", "title": "Volley-ball : Championnat d'Europe f\u00e9minin"}, {"desc": "En mission au Congo pour lib\u00e9rer un fermier des rebelles, un sergent et sa troupe sont pris en embuscade par un sniper. Le soldat traque d\u00e8s lors l'assassin.", "start_date": "2026-08-30T20:08:00+00:00", "title": "Sniper 4"}, {"desc": null, "start_date": "2026-08-30T21:55:00+00:00", "title": "Programmes de la nuit"}, {"desc": null, "start_date": "2026-08-31T03:00:00+00:00", "title": "Programmes de la nuit"}, {"desc": null, "start_date": "2026-08-31T08:00:00+00:00", "title": "V6"}, {"desc": "Course par \u00e9tapes, le Tour des Alpes se d\u00e9roule en Italie et en Autriche et propose des parcours montagneux, favorables aux grimpeurs.", "start_date": "2026-08-31T12:00:00+00:00", "title": "Cyclisme : Tour des Alpes"}, {"desc": null, "start_date": "2026-08-31T15:00:00+00:00", "title": "L'Equipe de choc"}, {"desc": null, "start_date": "2026-08-31T16:30:00+00:00", "title": "L'Equipe de Greg"}, {"desc": "Des militaires d'\u00e9lite se lancent dans une traque pour an\u00e9antir un v\u00e9t\u00e9ran de la guerre d'Irak, qui assassine militaires et civils aux Etats-Unis.", "start_date": "2026-08-31T19:10:00+00:00", "title": "Sniper 5 : l'h\u00e9ritage"}, {"desc": "XIII parvient \u00e0 fausser compagnie aux services secrets de la Maison Blanche. Il cherche les conspirateurs qui l'ont impliqu\u00e9 dans l'assassinat de la Pr\u00e9sidente.", "start_date": "2026-08-31T21:10:00+00:00", "title": "XIII"}, {"desc": null, "start_date": "2026-08-31T22:50:00+00:00", "title": "Programmes de la nuit"}], "offset": "+00:00", "timezone": "UTC", "error_code": -1, "start_date": "2026-08-30", "icon": ""}