{"end_date": "2026-04-28", "name": "KTO", "info_url": "https://epg.pw/channels/55952/20260427.html", "country": "France", "description": null, "error_message": "", "provider": "", "source_url": "https://epg.pw/api/epg.json?channel_id=55952&date=20260427&timezone=None", "epg_list": [{"desc": "En Direct. A 7h25, KTO retransmet la messe chaque lundi, et les Laudes suivies de la messe du mardi au samedi, en direct de la basilique Notre-Dame-de-la-Garde \u00e0 Marseille. Cette retransmission quotidienne est propos\u00e9e gr\u00e2ce au recteur de la basilique Notre-Dame, le p\u00e8re Olivier Spinosa, et \u00e0 l'archev\u00eaque, monseigneur Jean-Marc Aveline, qui ont mis leurs moyens en commun avec ceux de la cha\u00eene de ", "start_date": "2026-04-27T05:25:00+00:00", "title": "Laudes et Messe matin \u00e0 Notre-Dame de la Garde"}, {"desc": null, "start_date": "2026-04-27T06:05:00+00:00", "title": "En marche vers dimanche"}, {"desc": null, "start_date": "2026-04-27T06:15:00+00:00", "title": "La cuisine des monast\u00e8res"}, {"desc": "La qu\u00eate de la r\u00e9alisatrice, fran\u00e7aise d'origine arm\u00e9nienne, qui tenant une promesse faite \u00e0 son grand-p\u00e8re, part \u00e0 Istanbul \u00e0 la recherche des traces de sa famille disparue.", "start_date": "2026-04-27T06:30:00+00:00", "title": "La M\u00e9moire dans les veines"}, {"desc": null, "start_date": "2026-04-27T07:25:00+00:00", "title": "L'oeil de\u2026"}, {"desc": "KTO organise et diffuse le Quiz du Chr\u00e9tien en Marche. Le principe est simple: trois candidats, trois manches. Les deux premi\u00e8res manches du jeu permettent de choisir les deux meilleurs candidats pour la manche finale. Le gagnant de l'\u00e9mission reviendra \u00e0 la fin du mois se confronter aux deux autres gagnants des autres manches pour tenter de gagner le voyage.", "start_date": "2026-04-27T07:30:00+00:00", "title": "Q.C.M."}, {"desc": "En Direct. Retransmission en direct, tous les jours \u00e0 10h, de la messe diffus\u00e9e depuis Lourdes.", "start_date": "2026-04-27T08:00:00+00:00", "title": "Messe \u00e0 Lourdes"}, {"desc": "A travers la France, rencontre avec des jeunes qui ont d\u00e9cid\u00e9 de mettre leur voix et leur \u00e9nergie au service de Dieu, pour mieux comprendre ce qu'\u00e9vang\u00e9liser signifie pour eux.", "start_date": "2026-04-27T09:00:00+00:00", "title": "Jeunesse missionnaire"}, {"desc": null, "start_date": "2026-04-27T09:53:00+00:00", "title": "En marche vers dimanche"}, {"desc": null, "start_date": "2026-04-27T10:00:00+00:00", "title": "Terra Santa News"}, {"desc": null, "start_date": "2026-04-27T10:22:00+00:00", "title": "Le pourquoi du comment"}, {"desc": "\u00c0 l'occasion de la Semaine Sainte, les Pieux \u00c9tablissements de la France \u00e0 Rome et \u00e0 Lorette enregistraient, en l'\u00e9glise de la Trinit\u00e9 des Monts un programme particuli\u00e8rement centr\u00e9e sur ce temps liturgique. En ouverture, le motet \"O vos omnes\", de Toma Luis de Victoria, imm\u00e9diatement suivi du \"Stabat Mater\", de Augostino Stefani, ma\u00eetre italien baroque de la seconde moiti\u00e9 du XVIIe si\u00e8cle. Suivai", "start_date": "2026-04-27T10:30:00+00:00", "title": "Steffani, Zelenka : Stabat Mater, Miserere - Ildebrando Mura"}, {"desc": null, "start_date": "2026-04-27T11:32:00+00:00", "title": "Un coeur qui \u00e9coute"}, {"desc": null, "start_date": "2026-04-27T12:00:00+00:00", "title": "L'esprit des lettres"}, {"desc": "En Direct. Retransmission du Chapelet depuis Lourdes, en partenariat avec les Sanctuaires.", "start_date": "2026-04-27T13:30:00+00:00", "title": "Chapelet \u00e0 Lourdes"}, {"desc": null, "start_date": "2026-04-27T14:02:00+00:00", "title": "Lumi\u00e8re int\u00e9rieure"}, {"desc": null, "start_date": "2026-04-27T14:55:00+00:00", "title": "L'Orthodoxie, ici et maintenant"}, {"desc": null, "start_date": "2026-04-27T15:23:00+00:00", "title": "En marche vers dimanche"}, {"desc": "En Direct. Retransmission des V\u00eapres depuis Notre-Dame de Paris rouverte. Les V\u00eapres font partie des Heures de l'Office divin, c'est la pri\u00e8re solennelle du soir.", "start_date": "2026-04-27T15:30:00+00:00", "title": "V\u00eapres \u00e0 Notre-Dame de Paris"}, {"desc": "En Direct. La c\u00e9l\u00e9bration de la messe depuis la cath\u00e9drale Notre-Dame de Paris rouverte depuis d\u00e9cembre 2024.", "start_date": "2026-04-27T16:00:00+00:00", "title": "Messe \u00e0 Notre-Dame de Paris"}, {"desc": "Au travers d'anecdotes, r\u00e9cit de petites histoires parlant de l'amour de Dieu, de l'Eglise, de l'esp\u00e9rance et de la foi.", "start_date": "2026-04-27T16:46:00+00:00", "title": "Paraboles d'un cur\u00e9 de campagne"}, {"desc": null, "start_date": "2026-04-27T16:56:00+00:00", "title": "Pictura"}, {"desc": null, "start_date": "2026-04-27T17:03:00+00:00", "title": "La Foi prise au Mot"}, {"desc": "Les meilleures vid\u00e9os du monde catholique, une s\u00e9lection dynamique d'images, de moments de vie des dioc\u00e8ses, des mouvements, des paroisses. Une \u00e9mission qui met en valeur les productions du terrain et les initiatives locales.", "start_date": "2026-04-27T17:56:00+00:00", "title": "SIC"}, {"desc": "Retransmission des V\u00eapres depuis Notre-Dame de Paris rouverte. Les V\u00eapres font partie des Heures de l'Office divin, c'est la pri\u00e8re solennelle du soir.", "start_date": "2026-04-27T18:05:00+00:00", "title": "V\u00eapres \u00e0 Notre-Dame de Paris"}, {"desc": null, "start_date": "2026-04-27T18:30:00+00:00", "title": "Agenda"}, {"desc": "Une exploration du parcours et de l'oeuvre de Marcelle Gallois, artiste et religieuse devenue m\u00e8re Genevi\u00e8ve au monast\u00e8re de Saint-Louis du Temple \u00e0 Paris en 1917.", "start_date": "2026-04-27T18:35:00+00:00", "title": "Genevi\u00e8ve et ses s\u0153urs"}, {"desc": "Compar\u00e9e \u00e0 tous les autres voyages, cette premi\u00e8re grande boucle est la plus courte - seulement 2000 km \u00e0 vol d'oiseau ! Pour la premi\u00e8re fois, l'\u00c9vangile atteint les cit\u00e9s, fondement de l'administration romaine et de la vie des Grecs, puis se r\u00e9pand peu \u00e0 peu \u00e0 l'\u00e9chelle des provinces. \\\" Dieu a ouvert la porte de la foi aux Nations \\\", se r\u00e9jouit Paul.", "start_date": "2026-04-27T19:30:00+00:00", "title": "Sur les pas de saint Paul"}, {"desc": null, "start_date": "2026-04-27T19:33:00+00:00", "title": "Dominicains TV"}, {"desc": null, "start_date": "2026-04-27T19:45:00+00:00", "title": "La vie des dioc\u00e8ses"}, {"desc": "Les meilleures vid\u00e9os du monde catholique, une s\u00e9lection dynamique d'images, de moments de vie des dioc\u00e8ses, des mouvements, des paroisses. Une \u00e9mission qui met en valeur les productions du terrain et les initiatives locales.", "start_date": "2026-04-27T20:11:00+00:00", "title": "SIC"}, {"desc": null, "start_date": "2026-04-27T20:20:00+00:00", "title": "Au risque de l'Histoire"}, {"desc": null, "start_date": "2026-04-27T21:15:00+00:00", "title": "Terra Santa News"}, {"desc": null, "start_date": "2026-04-27T21:40:00+00:00", "title": "Un coeur qui \u00e9coute"}, {"desc": "Retransmission du Chapelet depuis Lourdes, en partenariat avec les Sanctuaires.", "start_date": "2026-04-27T22:10:00+00:00", "title": "Chapelet \u00e0 Lourdes"}, {"desc": "Une exploration du parcours et de l'oeuvre de Marcelle Gallois, artiste et religieuse devenue m\u00e8re Genevi\u00e8ve au monast\u00e8re de Saint-Louis du Temple \u00e0 Paris en 1917.", "start_date": "2026-04-27T22:42:00+00:00", "title": "Genevi\u00e8ve et ses s\u0153urs"}, {"desc": "Les meilleures vid\u00e9os du monde catholique, une s\u00e9lection dynamique d'images, de moments de vie des dioc\u00e8ses, des mouvements, des paroisses. Une \u00e9mission qui met en valeur les productions du terrain et les initiatives locales.", "start_date": "2026-04-27T23:34:00+00:00", "title": "SIC"}, {"desc": null, "start_date": "2026-04-27T23:41:00+00:00", "title": "Programmes de la nuit"}, {"desc": "En Direct. A 7h25, KTO retransmet la messe chaque lundi, et les Laudes suivies de la messe du mardi au samedi, en direct de la basilique Notre-Dame-de-la-Garde \u00e0 Marseille. Cette retransmission quotidienne est propos\u00e9e gr\u00e2ce au recteur de la basilique Notre-Dame, le p\u00e8re Olivier Spinosa, et \u00e0 l'archev\u00eaque, monseigneur Jean-Marc Aveline, qui ont mis leurs moyens en commun avec ceux de la cha\u00eene de ", "start_date": "2026-04-28T05:25:00+00:00", "title": "Laudes et Messe matin \u00e0 Notre-Dame de la Garde"}, {"desc": null, "start_date": "2026-04-28T06:20:00+00:00", "title": "En marche vers dimanche"}, {"desc": null, "start_date": "2026-04-28T06:30:00+00:00", "title": "La Foi prise au Mot"}, {"desc": "Compar\u00e9e \u00e0 tous les autres voyages, cette premi\u00e8re grande boucle est la plus courte - seulement 2000 km \u00e0 vol d'oiseau ! Pour la premi\u00e8re fois, l'\u00c9vangile atteint les cit\u00e9s, fondement de l'administration romaine et de la vie des Grecs, puis se r\u00e9pand peu \u00e0 peu \u00e0 l'\u00e9chelle des provinces. \\\" Dieu a ouvert la porte de la foi aux Nations \\\", se r\u00e9jouit Paul.", "start_date": "2026-04-28T07:25:00+00:00", "title": "Sur les pas de saint Paul"}, {"desc": null, "start_date": "2026-04-28T07:30:00+00:00", "title": "Un coeur qui \u00e9coute"}, {"desc": "En Direct. Retransmission en direct, tous les jours \u00e0 10h, de la messe diffus\u00e9e depuis Lourdes.", "start_date": "2026-04-28T08:00:00+00:00", "title": "Messe \u00e0 Lourdes"}, {"desc": null, "start_date": "2026-04-28T09:00:00+00:00", "title": "Au risque de l'Histoire"}, {"desc": null, "start_date": "2026-04-28T09:52:00+00:00", "title": "En marche vers dimanche"}, {"desc": "En Direct.", "start_date": "2026-04-28T10:00:00+00:00", "title": "Pri\u00e8re du Milieu du Jour au Sacr\u00e9-C\u0153ur de Montmartre"}, {"desc": "Une exploration du parcours et de l'oeuvre de Marcelle Gallois, artiste et religieuse devenue m\u00e8re Genevi\u00e8ve au monast\u00e8re de Saint-Louis du Temple \u00e0 Paris en 1917.", "start_date": "2026-04-28T10:20:00+00:00", "title": "Genevi\u00e8ve et ses s\u0153urs"}, {"desc": "Une discussion autour de la place de la voiture dans la soci\u00e9t\u00e9 : que r\u00e9v\u00e8le-t-elle sur nous-m\u00eames et sur notre mani\u00e8re de vivre en soci\u00e9t\u00e9 ?", "start_date": "2026-04-28T11:15:00+00:00", "title": "On n'est pas du monde"}, {"desc": "La r\u00e9daction de KTO et ses partenaires partent \u00e0 la d\u00e9couverte des chr\u00e9tiens dans leur vie quotidienne, en France et dans le monde.", "start_date": "2026-04-28T12:12:00+00:00", "title": "Reportage"}, {"desc": null, "start_date": "2026-04-28T12:20:00+00:00", "title": "La cuisine des monast\u00e8res"}, {"desc": "A travers la France, rencontre avec des jeunes qui ont d\u00e9cid\u00e9 de mettre leur voix et leur \u00e9nergie au service de Dieu, pour mieux comprendre ce qu'\u00e9vang\u00e9liser signifie pour eux.", "start_date": "2026-04-28T12:35:00+00:00", "title": "Jeunesse missionnaire"}, {"desc": "En Direct. Retransmission du Chapelet depuis Lourdes, en partenariat avec les Sanctuaires.", "start_date": "2026-04-28T13:30:00+00:00", "title": "Chapelet \u00e0 Lourdes"}, {"desc": "La qu\u00eate de la r\u00e9alisatrice, fran\u00e7aise d'origine arm\u00e9nienne, qui tenant une promesse faite \u00e0 son grand-p\u00e8re, part \u00e0 Istanbul \u00e0 la recherche des traces de sa famille disparue.", "start_date": "2026-04-28T14:02:00+00:00", "title": "La M\u00e9moire dans les veines"}, {"desc": "KTO organise et diffuse le Quiz du Chr\u00e9tien en Marche. Le principe est simple: trois candidats, trois manches. Les deux premi\u00e8res manches du jeu permettent de choisir les deux meilleurs candidats pour la manche finale. Le gagnant de l'\u00e9mission reviendra \u00e0 la fin du mois se confronter aux deux autres gagnants des autres manches pour tenter de gagner le voyage.", "start_date": "2026-04-28T14:55:00+00:00", "title": "Q.C.M."}, {"desc": null, "start_date": "2026-04-28T15:22:00+00:00", "title": "En marche vers dimanche"}, {"desc": "En Direct. Retransmission des V\u00eapres depuis Notre-Dame de Paris rouverte. Les V\u00eapres font partie des Heures de l'Office divin, c'est la pri\u00e8re solennelle du soir.", "start_date": "2026-04-28T15:30:00+00:00", "title": "V\u00eapres \u00e0 Notre-Dame de Paris"}, {"desc": "En Direct. La c\u00e9l\u00e9bration de la messe depuis la cath\u00e9drale Notre-Dame de Paris rouverte depuis d\u00e9cembre 2024.", "start_date": "2026-04-28T16:00:00+00:00", "title": "Messe \u00e0 Notre-Dame de Paris"}, {"desc": null, "start_date": "2026-04-28T16:46:00+00:00", "title": "Vies de famille"}, {"desc": "Les meilleures vid\u00e9os du monde catholique, une s\u00e9lection dynamique d'images, de moments de vie des dioc\u00e8ses, des mouvements, des paroisses. Une \u00e9mission qui met en valeur les productions du terrain et les initiatives locales.", "start_date": "2026-04-28T16:53:00+00:00", "title": "SIC"}, {"desc": null, "start_date": "2026-04-28T17:00:00+00:00", "title": "Lumi\u00e8re int\u00e9rieure"}, {"desc": null, "start_date": "2026-04-28T17:55:00+00:00", "title": "Le pourquoi du comment"}, {"desc": "Retransmission des V\u00eapres depuis Notre-Dame de Paris rouverte. Les V\u00eapres font partie des Heures de l'Office divin, c'est la pri\u00e8re solennelle du soir.", "start_date": "2026-04-28T18:05:00+00:00", "title": "V\u00eapres \u00e0 Notre-Dame de Paris"}, {"desc": null, "start_date": "2026-04-28T18:30:00+00:00", "title": "La chronique \u00e9co"}, {"desc": "Le m\u00e9dia qu\u00e9b\u00e9cois LeVerbe propose une table ronde croisant foi et culture contemporaine. Des discussions conviviales o\u00f9 profondeur et humour s'allient pour faire r\u00e9fl\u00e9chir.", "start_date": "2026-04-28T18:35:00+00:00", "title": "On n'est pas du monde"}, {"desc": null, "start_date": "2026-04-28T19:30:00+00:00", "title": "Pourquoi, Padre ?"}, {"desc": "Grande mystique m\u00e9di\u00e9vale et patronne de l'Italie, Catherine a \u00e9t\u00e9 canonis\u00e9e par le pape Pie II en 1461 et d\u00e9clar\u00e9e docteur de l'\u00c9glise par le pape Paul VI en 1970.", "start_date": "2026-04-28T19:40:00+00:00", "title": "Sainte Catherine de Sienne"}, {"desc": null, "start_date": "2026-04-28T20:10:00+00:00", "title": "Agenda"}, {"desc": null, "start_date": "2026-04-28T20:20:00+00:00", "title": "La Foi prise au Mot"}, {"desc": "A travers la France, rencontre avec des jeunes qui ont d\u00e9cid\u00e9 de mettre leur voix et leur \u00e9nergie au service de Dieu, pour mieux comprendre ce qu'\u00e9vang\u00e9liser signifie pour eux.", "start_date": "2026-04-28T21:15:00+00:00", "title": "Jeunesse missionnaire"}, {"desc": "Retransmission du Chapelet depuis Lourdes, en partenariat avec les Sanctuaires.", "start_date": "2026-04-28T22:10:00+00:00", "title": "Chapelet \u00e0 Lourdes"}, {"desc": "Le m\u00e9dia qu\u00e9b\u00e9cois LeVerbe propose une table ronde croisant foi et culture contemporaine. Des discussions conviviales o\u00f9 profondeur et humour s'allient pour faire r\u00e9fl\u00e9chir.", "start_date": "2026-04-28T22:42:00+00:00", "title": "On n'est pas du monde"}, {"desc": null, "start_date": "2026-04-28T23:38:00+00:00", "title": "Pourquoi, Padre ?"}, {"desc": null, "start_date": "2026-04-28T23:43:00+00:00", "title": "Programmes de la nuit"}], "offset": "+00:00", "timezone": "UTC", "error_code": -1, "start_date": "2026-04-27", "icon": ""}