{"end_date": "2026-09-03", "name": "S\u00e3o Paulo/SP  GNT HD \u00b3", "info_url": "https://epg.pw/channels/565859/20260902.html", "country": "Brazil", "description": null, "error_message": "", "provider": "", "source_url": "https://epg.pw/api/epg.json?channel_id=565859&date=20260902&timezone=None", "epg_list": [{"desc": null, "start_date": "2026-09-02T03:31:00+00:00", "title": "Avisa L\u00e1 Que Eu Vou"}, {"desc": null, "start_date": "2026-09-02T04:22:00+00:00", "title": "Infiltrado Na Cozinha"}, {"desc": null, "start_date": "2026-09-02T05:05:00+00:00", "title": "No Fogo Com Bronze"}, {"desc": null, "start_date": "2026-09-02T05:48:00+00:00", "title": "Boas Vindas"}, {"desc": null, "start_date": "2026-09-02T06:17:00+00:00", "title": "Momento Que Hist\u00f3ria \u00c9 Essa, Porchat?"}, {"desc": null, "start_date": "2026-09-02T06:23:00+00:00", "title": "Fazendo A Festa"}, {"desc": null, "start_date": "2026-09-02T07:17:00+00:00", "title": "Santa Ajuda"}, {"desc": null, "start_date": "2026-09-02T08:12:00+00:00", "title": "Food Truck"}, {"desc": null, "start_date": "2026-09-02T09:06:00+00:00", "title": "Dani-Se"}, {"desc": null, "start_date": "2026-09-02T09:48:00+00:00", "title": "Fazendo A Festa"}, {"desc": null, "start_date": "2026-09-02T10:48:00+00:00", "title": "Santa Ajuda"}, {"desc": null, "start_date": "2026-09-02T11:44:00+00:00", "title": "Decora"}, {"desc": null, "start_date": "2026-09-02T12:46:00+00:00", "title": "Mais Cor, Por Favor!"}, {"desc": "Neste epis\u00f3dio conheceremos as casas de 4 arquitetos conhecidos - incluindo a casa e escrit\u00f3rio da arquiteta Bel Lobo. A casa hist\u00f3rica e premiada de Marcos e Marlene Acayaba em S\u00e3o Paulo.", "start_date": "2026-09-02T13:21:00+00:00", "title": "Casa Brasileira"}, {"desc": null, "start_date": "2026-09-02T13:50:00+00:00", "title": "Em Fam\u00edlia Com Eliana: Pode Entrar"}, {"desc": null, "start_date": "2026-09-02T14:19:00+00:00", "title": "Food Truck"}, {"desc": null, "start_date": "2026-09-02T15:14:00+00:00", "title": "Alma De Cozinheira"}, {"desc": "O impacto das redes sociais na nossa maneira de nos relacionarmos, nos ideais de sucesso e felicidade. Zap da fam\u00edlia. Exposi\u00e7\u00e3o da juventude e seguran\u00e7a das crian\u00e7as. Fake News.", "start_date": "2026-09-02T16:00:00+00:00", "title": "Bem Juntinhos"}, {"desc": null, "start_date": "2026-09-02T17:01:00+00:00", "title": "Que Hist\u00f3ria \u00c9 Essa, Porchat?"}, {"desc": null, "start_date": "2026-09-02T18:09:00+00:00", "title": "Avisa L\u00e1 Que Eu Vou"}, {"desc": null, "start_date": "2026-09-02T18:58:00+00:00", "title": "Que Marravilha!"}, {"desc": null, "start_date": "2026-09-02T19:41:00+00:00", "title": "Tempero De Fam\u00edlia"}, {"desc": null, "start_date": "2026-09-02T20:10:00+00:00", "title": "Tempero De Fam\u00edlia"}, {"desc": null, "start_date": "2026-09-02T20:39:00+00:00", "title": "Que Marravilha!"}, {"desc": null, "start_date": "2026-09-02T21:22:00+00:00", "title": "Cozinha Pr\u00e1tica Com Rita Lobo"}, {"desc": "Para quem n\u00e3o consegue variar os legumes da alimenta\u00e7\u00e3o, a receita-desafio vai ser um prato cheio: repolho assado com amendoim, pur\u00ea com alho-por\u00f3 e vinagrete de piment\u00e3o.", "start_date": "2026-09-02T21:52:00+00:00", "title": "Cozinha Pr\u00e1tica Com Rita Lobo"}, {"desc": null, "start_date": "2026-09-02T22:38:00+00:00", "title": "Que Seja Doce"}, {"desc": null, "start_date": "2026-09-02T23:40:00+00:00", "title": "Que Seja Doce"}, {"desc": null, "start_date": "2026-09-03T00:42:00+00:00", "title": "Alma De Cozinheira"}, {"desc": null, "start_date": "2026-09-03T01:30:00+00:00", "title": "Saia Justa"}, {"desc": null, "start_date": "2026-09-03T02:38:00+00:00", "title": "Que Hist\u00f3ria \u00c9 Essa, Porchat?"}, {"desc": "Em Maragogipe, na Bahia, Paulo conversa com duas mulheres centen\u00e1rias, conhece a hist\u00f3ria de uma cobra m\u00e1gica e a tradi\u00e7\u00e3o dos mascarados da cidade.", "start_date": "2026-09-03T03:48:00+00:00", "title": "Avisa L\u00e1 Que Eu Vou"}, {"desc": null, "start_date": "2026-09-03T04:34:00+00:00", "title": "Papo De Segunda"}, {"desc": null, "start_date": "2026-09-03T05:49:00+00:00", "title": "Que Hist\u00f3ria \u00c9 Essa, Porchat?"}, {"desc": null, "start_date": "2026-09-03T06:55:00+00:00", "title": "Fazendo A Festa"}, {"desc": null, "start_date": "2026-09-03T07:55:00+00:00", "title": "Momento Que Hist\u00f3ria \u00c9 Essa, Porchat?"}, {"desc": null, "start_date": "2026-09-03T08:05:00+00:00", "title": "Food Truck"}, {"desc": null, "start_date": "2026-09-03T09:00:00+00:00", "title": "S\u00e1bia Ignor\u00e2ncia"}, {"desc": null, "start_date": "2026-09-03T09:44:00+00:00", "title": "Fazendo A Festa"}, {"desc": null, "start_date": "2026-09-03T10:45:00+00:00", "title": "Santa Ajuda"}, {"desc": null, "start_date": "2026-09-03T11:39:00+00:00", "title": "Decora"}, {"desc": null, "start_date": "2026-09-03T12:39:00+00:00", "title": "Mais Cor, Por Favor!"}, {"desc": null, "start_date": "2026-09-03T13:14:00+00:00", "title": "Admir\u00e1vel M\u00f3vel Novo"}, {"desc": null, "start_date": "2026-09-03T13:43:00+00:00", "title": "Diogo Na Cozinha"}, {"desc": null, "start_date": "2026-09-03T14:16:00+00:00", "title": "Food Truck"}, {"desc": null, "start_date": "2026-09-03T15:10:00+00:00", "title": "Infiltrado Na Cozinha"}, {"desc": null, "start_date": "2026-09-03T15:53:00+00:00", "title": "Papo De Segunda"}, {"desc": null, "start_date": "2026-09-03T17:08:00+00:00", "title": "Que Hist\u00f3ria \u00c9 Essa, Porchat?"}, {"desc": "Em Maragogipe, na Bahia, Paulo conversa com duas mulheres centen\u00e1rias, conhece a hist\u00f3ria de uma cobra m\u00e1gica e a tradi\u00e7\u00e3o dos mascarados da cidade.", "start_date": "2026-09-03T18:12:00+00:00", "title": "Avisa L\u00e1 Que Eu Vou"}, {"desc": null, "start_date": "2026-09-03T18:56:00+00:00", "title": "Que Marravilha!"}, {"desc": null, "start_date": "2026-09-03T19:36:00+00:00", "title": "Tempero De Fam\u00edlia"}, {"desc": null, "start_date": "2026-09-03T20:06:00+00:00", "title": "Tempero De Fam\u00edlia"}, {"desc": null, "start_date": "2026-09-03T20:42:00+00:00", "title": "Que Marravilha!"}, {"desc": null, "start_date": "2026-09-03T21:27:00+00:00", "title": "Cozinha Pr\u00e1tica Com Rita Lobo"}, {"desc": "Rita Lobo ensina a preparar grelhados suculentos, com muito sabor e zero drama. No card\u00e1pio do epis\u00f3dio, bisteca com p\u00e1prica e s\u00e1lvia, frango marinado na laranja e bife acebolado.", "start_date": "2026-09-03T22:00:00+00:00", "title": "Cozinha Pr\u00e1tica Com Rita Lobo"}, {"desc": null, "start_date": "2026-09-03T22:43:00+00:00", "title": "Que Seja Doce"}, {"desc": null, "start_date": "2026-09-03T23:44:00+00:00", "title": "Que Seja Doce"}], "offset": "+00:00", "timezone": "UTC", "error_code": -1, "start_date": "2026-09-02", "icon": ""}