{"end_date": "2026-09-04", "name": "S\u00e3o Paulo/SP  GNT HD \u00b3", "info_url": "https://epg.pw/channels/565859/20260903.html", "country": "Brazil", "description": null, "error_message": "", "provider": "", "source_url": "https://epg.pw/api/epg.json?channel_id=565859&date=20260903&timezone=None", "epg_list": [{"desc": null, "start_date": "2026-09-03T00:42:00+00:00", "title": "Alma De Cozinheira"}, {"desc": null, "start_date": "2026-09-03T01:30:00+00:00", "title": "Saia Justa"}, {"desc": null, "start_date": "2026-09-03T02:38:00+00:00", "title": "Que Hist\u00f3ria \u00c9 Essa, Porchat?"}, {"desc": "Em Maragogipe, na Bahia, Paulo conversa com duas mulheres centen\u00e1rias, conhece a hist\u00f3ria de uma cobra m\u00e1gica e a tradi\u00e7\u00e3o dos mascarados da cidade.", "start_date": "2026-09-03T03:48:00+00:00", "title": "Avisa L\u00e1 Que Eu Vou"}, {"desc": null, "start_date": "2026-09-03T04:34:00+00:00", "title": "Papo De Segunda"}, {"desc": null, "start_date": "2026-09-03T05:49:00+00:00", "title": "Que Hist\u00f3ria \u00c9 Essa, Porchat?"}, {"desc": null, "start_date": "2026-09-03T06:55:00+00:00", "title": "Fazendo A Festa"}, {"desc": null, "start_date": "2026-09-03T07:55:00+00:00", "title": "Momento Que Hist\u00f3ria \u00c9 Essa, Porchat?"}, {"desc": null, "start_date": "2026-09-03T08:05:00+00:00", "title": "Food Truck"}, {"desc": null, "start_date": "2026-09-03T09:00:00+00:00", "title": "S\u00e1bia Ignor\u00e2ncia"}, {"desc": null, "start_date": "2026-09-03T09:44:00+00:00", "title": "Fazendo A Festa"}, {"desc": null, "start_date": "2026-09-03T10:45:00+00:00", "title": "Santa Ajuda"}, {"desc": null, "start_date": "2026-09-03T11:39:00+00:00", "title": "Decora"}, {"desc": null, "start_date": "2026-09-03T12:39:00+00:00", "title": "Mais Cor, Por Favor!"}, {"desc": null, "start_date": "2026-09-03T13:14:00+00:00", "title": "Admir\u00e1vel M\u00f3vel Novo"}, {"desc": null, "start_date": "2026-09-03T13:43:00+00:00", "title": "Diogo Na Cozinha"}, {"desc": null, "start_date": "2026-09-03T14:16:00+00:00", "title": "Food Truck"}, {"desc": null, "start_date": "2026-09-03T15:10:00+00:00", "title": "Infiltrado Na Cozinha"}, {"desc": null, "start_date": "2026-09-03T15:53:00+00:00", "title": "Papo De Segunda"}, {"desc": null, "start_date": "2026-09-03T17:08:00+00:00", "title": "Que Hist\u00f3ria \u00c9 Essa, Porchat?"}, {"desc": "Em Maragogipe, na Bahia, Paulo conversa com duas mulheres centen\u00e1rias, conhece a hist\u00f3ria de uma cobra m\u00e1gica e a tradi\u00e7\u00e3o dos mascarados da cidade.", "start_date": "2026-09-03T18:12:00+00:00", "title": "Avisa L\u00e1 Que Eu Vou"}, {"desc": null, "start_date": "2026-09-03T18:56:00+00:00", "title": "Que Marravilha!"}, {"desc": null, "start_date": "2026-09-03T19:36:00+00:00", "title": "Tempero De Fam\u00edlia"}, {"desc": null, "start_date": "2026-09-03T20:06:00+00:00", "title": "Tempero De Fam\u00edlia"}, {"desc": null, "start_date": "2026-09-03T20:42:00+00:00", "title": "Que Marravilha!"}, {"desc": null, "start_date": "2026-09-03T21:27:00+00:00", "title": "Cozinha Pr\u00e1tica Com Rita Lobo"}, {"desc": "Rita Lobo ensina a preparar grelhados suculentos, com muito sabor e zero drama. No card\u00e1pio do epis\u00f3dio, bisteca com p\u00e1prica e s\u00e1lvia, frango marinado na laranja e bife acebolado.", "start_date": "2026-09-03T22:00:00+00:00", "title": "Cozinha Pr\u00e1tica Com Rita Lobo"}, {"desc": null, "start_date": "2026-09-03T22:43:00+00:00", "title": "Que Seja Doce"}, {"desc": null, "start_date": "2026-09-03T23:44:00+00:00", "title": "Que Seja Doce"}, {"desc": null, "start_date": "2026-09-04T00:45:00+00:00", "title": "No Fogo Com Bronze"}, {"desc": null, "start_date": "2026-09-04T01:30:00+00:00", "title": "Que Hist\u00f3ria \u00c9 Essa, Porchat?"}, {"desc": null, "start_date": "2026-09-04T02:38:00+00:00", "title": "Que Hist\u00f3ria \u00c9 Essa, Porchat?"}, {"desc": null, "start_date": "2026-09-04T03:44:00+00:00", "title": "Avisa L\u00e1 Que Eu Vou"}, {"desc": null, "start_date": "2026-09-04T04:31:00+00:00", "title": "Rolling Kitchen Brasil"}, {"desc": null, "start_date": "2026-09-04T05:30:00+00:00", "title": "Em Fam\u00edlia Com Eliana: Pode Entrar"}, {"desc": null, "start_date": "2026-09-04T05:59:00+00:00", "title": "Diogo Na Cozinha"}, {"desc": null, "start_date": "2026-09-04T06:32:00+00:00", "title": "Fazendo A Festa"}, {"desc": null, "start_date": "2026-09-04T07:33:00+00:00", "title": "Santa Ajuda"}, {"desc": null, "start_date": "2026-09-04T08:27:00+00:00", "title": "Food Truck"}, {"desc": null, "start_date": "2026-09-04T09:21:00+00:00", "title": "Dani-Se"}, {"desc": null, "start_date": "2026-09-04T10:07:00+00:00", "title": "Fazendo A Festa"}, {"desc": null, "start_date": "2026-09-04T11:07:00+00:00", "title": "Santa Ajuda"}, {"desc": null, "start_date": "2026-09-04T12:03:00+00:00", "title": "Decora"}, {"desc": null, "start_date": "2026-09-04T13:04:00+00:00", "title": "Mais Cor, Por Favor!"}, {"desc": null, "start_date": "2026-09-04T13:38:00+00:00", "title": "Em Fam\u00edlia Com Eliana: Pode Entrar"}, {"desc": null, "start_date": "2026-09-04T14:07:00+00:00", "title": "Momento Que Hist\u00f3ria \u00c9 Essa, Porchat?"}, {"desc": null, "start_date": "2026-09-04T14:17:00+00:00", "title": "Food Truck"}, {"desc": null, "start_date": "2026-09-04T15:11:00+00:00", "title": "Geladeiras Em A\u00e7\u00e3o"}, {"desc": null, "start_date": "2026-09-04T15:55:00+00:00", "title": "Saia Justa"}, {"desc": "Na sexta temporada do \u201cQue Hist\u00f3ria \u00e9 essa, Porchat?\u201d, Fabio Porchat segue explorando o universo das boas hist\u00f3rias que as pessoas t\u00eam para contar.", "start_date": "2026-09-04T17:01:00+00:00", "title": "Que Hist\u00f3ria \u00c9 Essa, Porchat?"}, {"desc": null, "start_date": "2026-09-04T18:16:00+00:00", "title": "Avisa L\u00e1 Que Eu Vou"}, {"desc": null, "start_date": "2026-09-04T19:01:00+00:00", "title": "Que Marravilha!"}, {"desc": null, "start_date": "2026-09-04T19:43:00+00:00", "title": "Tempero De Fam\u00edlia"}, {"desc": null, "start_date": "2026-09-04T20:14:00+00:00", "title": "Tempero De Fam\u00edlia"}, {"desc": null, "start_date": "2026-09-04T20:43:00+00:00", "title": "Que Marravilha!"}, {"desc": null, "start_date": "2026-09-04T21:32:00+00:00", "title": "Cozinha Pr\u00e1tica Com Rita Lobo"}, {"desc": null, "start_date": "2026-09-04T22:03:00+00:00", "title": "Cozinha Pr\u00e1tica Com Rita Lobo"}, {"desc": null, "start_date": "2026-09-04T22:47:00+00:00", "title": "Que Seja Doce"}, {"desc": null, "start_date": "2026-09-04T23:44:00+00:00", "title": "Que Seja Doce"}], "offset": "+00:00", "timezone": "UTC", "error_code": -1, "start_date": "2026-09-03", "icon": ""}