{"end_date": "2026-09-03", "name": "S\u00e3o Paulo/SP  TV Justi\u00e7a", "info_url": "https://epg.pw/channels/565862/20260901.html", "country": "Brazil", "description": null, "error_message": "", "provider": "", "source_url": "https://epg.pw/api/epg.json?channel_id=565862&date=20260901&timezone=None", "epg_list": [{"desc": null, "start_date": "2026-09-02T03:00:00+00:00", "title": "Evento"}, {"desc": null, "start_date": "2026-09-02T05:40:00+00:00", "title": "Evento"}, {"desc": "Neste programa, voc\u00ea vai rever as principais decis\u00f5es tomadas nos maiores tribunais brasileiros, julgamentos que ficaram na hist\u00f3ria e modificaram a vida do pa\u00eds.", "start_date": "2026-09-02T06:11:00+00:00", "title": "Sess\u00e3o do STF"}, {"desc": null, "start_date": "2026-09-02T09:30:00+00:00", "title": "Saber Direito"}, {"desc": null, "start_date": "2026-09-02T10:00:00+00:00", "title": "Revista R\u00e1dio Justi\u00e7a"}, {"desc": null, "start_date": "2026-09-02T11:00:00+00:00", "title": "Justi\u00e7a Agora"}, {"desc": null, "start_date": "2026-09-02T12:00:00+00:00", "title": "Justi\u00e7a Agora"}, {"desc": null, "start_date": "2026-09-02T13:00:00+00:00", "title": "Justi\u00e7a Agora"}, {"desc": null, "start_date": "2026-09-02T17:00:00+00:00", "title": "Sess\u00e3o do STF"}, {"desc": null, "start_date": "2026-09-02T21:00:00+00:00", "title": "Document\u00e1rio Variado: Defensoria"}, {"desc": "Jornal di\u00e1rio com entrevistas, debates, presta\u00e7\u00e3o de servi\u00e7os, quadros especiais e as principais not\u00edcias do Judici\u00e1rio brasileiro.", "start_date": "2026-09-02T21:30:00+00:00", "title": "Jornal da Justi\u00e7a"}, {"desc": null, "start_date": "2026-09-02T22:00:00+00:00", "title": "Iluminuras"}, {"desc": "Espa\u00e7o exclusivo para o direito internacional e comparado, e a diplomacia judicial - o programa Direito sem Fronteiras.", "start_date": "2026-09-02T22:30:00+00:00", "title": "Direito sem Fronteiras"}, {"desc": null, "start_date": "2026-09-02T23:00:00+00:00", "title": "Document\u00e1rio Variado: Pena Justa"}, {"desc": null, "start_date": "2026-09-02T23:30:00+00:00", "title": "Saber Direito"}, {"desc": null, "start_date": "2026-09-03T00:00:00+00:00", "title": "Voz do Brasil"}], "offset": "+00:00", "timezone": "UTC", "error_code": -1, "start_date": "2026-09-02", "icon": ""}