{"end_date": "2026-09-05", "name": "S\u00e3o Paulo/SP  TV Justi\u00e7a", "info_url": "https://epg.pw/channels/565862/20260903.html", "country": "Brazil", "description": null, "error_message": "", "provider": "", "source_url": "https://epg.pw/api/epg.json?channel_id=565862&date=20260903&timezone=None", "epg_list": [{"desc": null, "start_date": "2026-09-03T00:00:00+00:00", "title": "Voz do Brasil"}, {"desc": null, "start_date": "2026-09-03T00:05:00+00:00", "title": "Descomplicando"}, {"desc": null, "start_date": "2026-09-03T00:35:00+00:00", "title": "Jornada TST"}, {"desc": null, "start_date": "2026-09-03T01:05:00+00:00", "title": "Pod Chegar"}, {"desc": "O programa explora a compet\u00eancia do STJ, como tribunal uniformizador da legisla\u00e7\u00e3o infraconstitucional, debatendo com juristas temas que fazem parte da rotina de julgamentos do STJ.", "start_date": "2026-09-03T01:32:00+00:00", "title": "Entender Direito"}, {"desc": null, "start_date": "2026-09-03T02:30:00+00:00", "title": "Evento"}, {"desc": null, "start_date": "2026-09-03T03:00:00+00:00", "title": "Evento"}, {"desc": null, "start_date": "2026-09-03T04:04:00+00:00", "title": "Evento"}, {"desc": null, "start_date": "2026-09-03T04:29:00+00:00", "title": "Aula Magna"}, {"desc": "Neste programa, voc\u00ea vai rever as principais decis\u00f5es tomadas nos maiores tribunais brasileiros, julgamentos que ficaram na hist\u00f3ria e modificaram a vida do pa\u00eds.", "start_date": "2026-09-03T05:41:00+00:00", "title": "Sess\u00e3o do STF"}, {"desc": "Saber Direito apresenta cursos semanais sobre os mais diversos assuntos referentes ao Direito. A programa\u00e7\u00e3o tem o objetivo de aprofundar o conhecimento jur\u00eddico de estudantes e profissionais da \u00e1rea.", "start_date": "2026-09-03T09:30:00+00:00", "title": "Saber Direito"}, {"desc": null, "start_date": "2026-09-03T10:00:00+00:00", "title": "Revista R\u00e1dio Justi\u00e7a"}, {"desc": null, "start_date": "2026-09-03T11:00:00+00:00", "title": "Justi\u00e7a Agora"}, {"desc": "Este programa semanal produzido pelo Tribunal Superior do Trabalho mostra julgamentos que foram destaque, cujas decis\u00f5es s\u00e3o usadas como orienta\u00e7\u00f5es na Justi\u00e7a Trabalhista em todo o pa\u00eds.", "start_date": "2026-09-03T12:00:00+00:00", "title": "Sess\u00e3o do TST"}, {"desc": null, "start_date": "2026-09-03T13:00:00+00:00", "title": "Sess\u00e3o do TSE"}, {"desc": null, "start_date": "2026-09-03T17:00:00+00:00", "title": "Sess\u00e3o do STF"}, {"desc": null, "start_date": "2026-09-03T20:00:00+00:00", "title": "Justi\u00e7a Agora"}, {"desc": null, "start_date": "2026-09-03T21:00:00+00:00", "title": "Document\u00e1rio Variado: Juiz de Paz"}, {"desc": "Jornal di\u00e1rio com entrevistas, debates, presta\u00e7\u00e3o de servi\u00e7os, quadros especiais e as principais not\u00edcias do Judici\u00e1rio brasileiro.", "start_date": "2026-09-03T21:30:00+00:00", "title": "Jornal da Justi\u00e7a"}, {"desc": null, "start_date": "2026-09-03T22:00:00+00:00", "title": "Academia"}, {"desc": "O programa leva at\u00e9 voc\u00ea assuntos que dizem respeito ao seu dia a dia, a partir de trechos do Artigo 5\u00ba da Constitui\u00e7\u00e3o.", "start_date": "2026-09-03T22:30:00+00:00", "title": "Artigo 5\u00ba"}, {"desc": null, "start_date": "2026-09-03T23:00:00+00:00", "title": "Rep\u00f3rter Justi\u00e7a"}, {"desc": "Saber Direito apresenta cursos semanais sobre os mais diversos assuntos referentes ao Direito. A programa\u00e7\u00e3o tem o objetivo de aprofundar o conhecimento jur\u00eddico de estudantes e profissionais da \u00e1rea.", "start_date": "2026-09-03T23:30:00+00:00", "title": "Saber Direito"}, {"desc": null, "start_date": "2026-09-04T00:00:00+00:00", "title": "Voz do Brasil"}, {"desc": "O programa quinzenal mostra como funcionam as leis em outros pa\u00edses. Quem explica s\u00e3o os cidad\u00e3os brasileiros que moram no exterior.", "start_date": "2026-09-04T00:05:00+00:00", "title": "Como Funciona A\u00ed?"}, {"desc": null, "start_date": "2026-09-04T00:35:00+00:00", "title": "Manda a Real MPF"}, {"desc": "Uma produ\u00e7\u00e3o do Tribunal Regional do Trabalho da 21\u00aa Regi\u00e3o, no Rio Grande do Norte, com reportagens, debates e entrevistas sobre temas ligados \u00e0 Justi\u00e7a e \u00e0 Cidadania.", "start_date": "2026-09-04T01:05:00+00:00", "title": "Justi\u00e7a & Trabalho"}, {"desc": null, "start_date": "2026-09-04T01:32:00+00:00", "title": "JR Atricon"}, {"desc": null, "start_date": "2026-09-04T02:00:00+00:00", "title": "Interlocu\u00e7\u00e3o"}, {"desc": null, "start_date": "2026-09-04T02:30:00+00:00", "title": "Evento"}, {"desc": null, "start_date": "2026-09-04T03:00:00+00:00", "title": "Evento"}, {"desc": null, "start_date": "2026-09-04T05:30:00+00:00", "title": "Document\u00e1rio Variado: 135 Anos do STF"}, {"desc": "Neste programa, voc\u00ea vai rever as principais decis\u00f5es tomadas nos maiores tribunais brasileiros, julgamentos que ficaram na hist\u00f3ria e modificaram a vida do pa\u00eds.", "start_date": "2026-09-04T06:00:00+00:00", "title": "Sess\u00e3o do STF"}, {"desc": null, "start_date": "2026-09-04T09:30:00+00:00", "title": "Saber Direito"}, {"desc": null, "start_date": "2026-09-04T10:00:00+00:00", "title": "Revista R\u00e1dio Justi\u00e7a"}, {"desc": null, "start_date": "2026-09-04T11:00:00+00:00", "title": "Justi\u00e7a Agora"}, {"desc": null, "start_date": "2026-09-04T12:11:00+00:00", "title": "Justi\u00e7a Agora"}, {"desc": null, "start_date": "2026-09-04T13:15:00+00:00", "title": "Justi\u00e7a Agora"}, {"desc": null, "start_date": "2026-09-04T18:00:00+00:00", "title": "Justi\u00e7a Agora"}, {"desc": null, "start_date": "2026-09-04T20:10:00+00:00", "title": "Justi\u00e7a Agora"}, {"desc": null, "start_date": "2026-09-04T20:30:00+00:00", "title": "Plen\u00e1rias"}, {"desc": null, "start_date": "2026-09-04T21:00:00+00:00", "title": "Document\u00e1rio Variado: Advogado Do Futuro"}, {"desc": "Jornal di\u00e1rio com entrevistas, debates, presta\u00e7\u00e3o de servi\u00e7os, quadros especiais e as principais not\u00edcias do Judici\u00e1rio brasileiro.", "start_date": "2026-09-04T21:30:00+00:00", "title": "Jornal da Justi\u00e7a"}, {"desc": "No programa Iluminuras voc\u00ea fica por dentro da literatura jur\u00eddica. Descubra quais s\u00e3o as obras b\u00e1sicas do Direito, livros que influenciam profissionais da \u00e1rea ao longo da hist\u00f3ria.", "start_date": "2026-09-04T22:00:00+00:00", "title": "Iluminuras"}, {"desc": null, "start_date": "2026-09-04T22:30:00+00:00", "title": "Direito sem Fronteiras"}, {"desc": null, "start_date": "2026-09-04T23:00:00+00:00", "title": "Document\u00e1rio Variado: 135 Anos do STF"}, {"desc": "Saber Direito apresenta cursos semanais sobre os mais diversos assuntos referentes ao Direito. A programa\u00e7\u00e3o tem o objetivo de aprofundar o conhecimento jur\u00eddico de estudantes e profissionais da \u00e1rea.", "start_date": "2026-09-04T23:30:00+00:00", "title": "Saber Direito"}, {"desc": null, "start_date": "2026-09-05T00:00:00+00:00", "title": "Voz do Brasil"}], "offset": "+00:00", "timezone": "UTC", "error_code": -1, "start_date": "2026-09-03", "icon": ""}