{"end_date": "2026-09-02", "name": "S\u00e3o Paulo/SP  Band News", "info_url": "https://epg.pw/channels/565864/20260901.html", "country": "Brazil", "description": null, "error_message": "", "provider": "", "source_url": "https://epg.pw/api/epg.json?channel_id=565864&date=20260901&timezone=None", "epg_list": [{"desc": null, "start_date": "2026-09-02T03:00:00+00:00", "title": "Band Elei\u00e7\u00f5es"}, {"desc": null, "start_date": "2026-09-02T03:30:00+00:00", "title": "O Que \u00c9 Ser Brasileiro?"}, {"desc": null, "start_date": "2026-09-02T04:00:00+00:00", "title": "Jornal da Band"}, {"desc": null, "start_date": "2026-09-02T05:00:00+00:00", "title": "Jornal da Noite"}, {"desc": null, "start_date": "2026-09-02T05:45:00+00:00", "title": "Opini\u00e3o Do Dia"}, {"desc": null, "start_date": "2026-09-02T06:00:00+00:00", "title": "Edi\u00e7\u00e3o da Noite"}, {"desc": "Reapresenta\u00e7\u00e3o das principais not\u00edcias do agroneg\u00f3cio brasileiro em um telejornal produzido pelo canal Terraviva.", "start_date": "2026-09-02T08:00:00+00:00", "title": "Jornal Terraviva"}, {"desc": null, "start_date": "2026-09-02T08:30:00+00:00", "title": "Bandnews Hoje"}, {"desc": "Um jornal de opini\u00e3o forte. Muito debate e entrevistas exclusivas com personalidades da economia e da pol\u00edtica nacional.", "start_date": "2026-09-02T11:00:00+00:00", "title": "Jornal Gente"}, {"desc": null, "start_date": "2026-09-02T12:30:00+00:00", "title": "Resumo Bandnews"}, {"desc": null, "start_date": "2026-09-02T13:00:00+00:00", "title": "Manh\u00e3 Bandnews"}, {"desc": null, "start_date": "2026-09-02T14:00:00+00:00", "title": "O X da Quest\u00e3o"}, {"desc": null, "start_date": "2026-09-02T15:00:00+00:00", "title": "Meio Do Dia"}, {"desc": null, "start_date": "2026-09-02T15:30:00+00:00", "title": "Resumo Bandnews"}, {"desc": null, "start_date": "2026-09-02T16:00:00+00:00", "title": "Papo Reto"}, {"desc": null, "start_date": "2026-09-02T17:00:00+00:00", "title": "Tarde Bandnews"}, {"desc": null, "start_date": "2026-09-02T20:00:00+00:00", "title": "Expresso Bandnews"}, {"desc": "Reinaldo Azevedo \u00e9 o \u00e2ncora do programa \u2018O \u00c9 da Coisa\u2019, escreve o que quer ainda que n\u00e3o queiram.", "start_date": "2026-09-02T21:00:00+00:00", "title": "O \u00c9 da Coisa"}, {"desc": null, "start_date": "2026-09-02T22:30:00+00:00", "title": "Panorama Bandnews"}, {"desc": null, "start_date": "2026-09-02T23:30:00+00:00", "title": "Jornal da Band"}], "offset": "+00:00", "timezone": "UTC", "error_code": -1, "start_date": "2026-09-02", "icon": ""}