{"end_date": "2026-09-04", "name": "S\u00e3o Paulo/SP  Band News", "info_url": "https://epg.pw/channels/565864/20260903.html", "country": "Brazil", "description": null, "error_message": "", "provider": "", "source_url": "https://epg.pw/api/epg.json?channel_id=565864&date=20260903&timezone=None", "epg_list": [{"desc": null, "start_date": "2026-09-03T00:30:00+00:00", "title": "Edi\u00e7\u00e3o da Noite"}, {"desc": null, "start_date": "2026-09-03T02:30:00+00:00", "title": "Viver Melhor"}, {"desc": null, "start_date": "2026-09-03T03:00:00+00:00", "title": "Bandnews No Mundo"}, {"desc": null, "start_date": "2026-09-03T03:30:00+00:00", "title": "Bandnews Empresas"}, {"desc": null, "start_date": "2026-09-03T04:00:00+00:00", "title": "Jornal da Band"}, {"desc": null, "start_date": "2026-09-03T05:00:00+00:00", "title": "Jornal da Noite"}, {"desc": null, "start_date": "2026-09-03T05:45:00+00:00", "title": "Opini\u00e3o Do Dia"}, {"desc": null, "start_date": "2026-09-03T06:00:00+00:00", "title": "Edi\u00e7\u00e3o da Noite"}, {"desc": "Reapresenta\u00e7\u00e3o das principais not\u00edcias do agroneg\u00f3cio brasileiro em um telejornal produzido pelo canal Terraviva.", "start_date": "2026-09-03T08:00:00+00:00", "title": "Jornal Terraviva"}, {"desc": null, "start_date": "2026-09-03T08:30:00+00:00", "title": "Bandnews Hoje"}, {"desc": "Um jornal de opini\u00e3o forte. Muito debate e entrevistas exclusivas com personalidades da economia e da pol\u00edtica nacional.", "start_date": "2026-09-03T11:00:00+00:00", "title": "Jornal Gente"}, {"desc": null, "start_date": "2026-09-03T12:30:00+00:00", "title": "Resumo Bandnews"}, {"desc": null, "start_date": "2026-09-03T13:00:00+00:00", "title": "Manh\u00e3 Bandnews"}, {"desc": null, "start_date": "2026-09-03T14:00:00+00:00", "title": "O X da Quest\u00e3o"}, {"desc": null, "start_date": "2026-09-03T15:00:00+00:00", "title": "Meio Do Dia"}, {"desc": null, "start_date": "2026-09-03T15:30:00+00:00", "title": "Resumo Bandnews"}, {"desc": null, "start_date": "2026-09-03T16:00:00+00:00", "title": "Papo Reto"}, {"desc": "As principais not\u00edcias do Brasil e do mundo, voc\u00ea encontra no Tarde BandNews. Coberturas ao vivo e a participa\u00e7\u00e3o de rep\u00f3rteres espalhados por todo o pa\u00eds e pelo exterior.", "start_date": "2026-09-03T17:00:00+00:00", "title": "Tarde Bandnews"}, {"desc": "O Expresso BandNews, com Andressa Guaran\u00e1 e Lenny Leone, aborda os principais destaques do dia.", "start_date": "2026-09-03T20:00:00+00:00", "title": "Expresso Bandnews"}, {"desc": "Reinaldo Azevedo \u00e9 o \u00e2ncora do programa \u2018O \u00c9 da Coisa\u2019, escreve o que quer ainda que n\u00e3o queiram.", "start_date": "2026-09-03T21:00:00+00:00", "title": "O \u00c9 da Coisa"}, {"desc": null, "start_date": "2026-09-03T22:30:00+00:00", "title": "Panorama Bandnews"}, {"desc": null, "start_date": "2026-09-03T23:30:00+00:00", "title": "Jornal da Band"}, {"desc": null, "start_date": "2026-09-04T00:30:00+00:00", "title": "Edi\u00e7\u00e3o da Noite"}, {"desc": "Comandado pela Juliana Rosa, o programa vai falar sobre assuntos que mexem com a economia do pa\u00eds e com o bolso do brasileiro, e de forma simples.", "start_date": "2026-09-04T02:30:00+00:00", "title": "Economia Pra Voc\u00ea"}, {"desc": null, "start_date": "2026-09-04T03:00:00+00:00", "title": "Descobrindo Os Tesouros Do Brasil"}, {"desc": null, "start_date": "2026-09-04T03:30:00+00:00", "title": "Viver Melhor"}, {"desc": null, "start_date": "2026-09-04T04:00:00+00:00", "title": "Jornal da Band"}, {"desc": null, "start_date": "2026-09-04T05:00:00+00:00", "title": "Jornal da Noite"}, {"desc": null, "start_date": "2026-09-04T05:45:00+00:00", "title": "Opini\u00e3o Do Dia"}, {"desc": null, "start_date": "2026-09-04T06:00:00+00:00", "title": "Edi\u00e7\u00e3o da Noite"}, {"desc": "Reapresenta\u00e7\u00e3o das principais not\u00edcias do agroneg\u00f3cio brasileiro em um telejornal produzido pelo canal Terraviva.", "start_date": "2026-09-04T08:00:00+00:00", "title": "Jornal Terraviva"}, {"desc": null, "start_date": "2026-09-04T08:30:00+00:00", "title": "Bandnews Hoje"}, {"desc": "Um jornal de opini\u00e3o forte. Muito debate e entrevistas exclusivas com personalidades da economia e da pol\u00edtica nacional.", "start_date": "2026-09-04T11:00:00+00:00", "title": "Jornal Gente"}, {"desc": null, "start_date": "2026-09-04T12:30:00+00:00", "title": "Resumo Bandnews"}, {"desc": null, "start_date": "2026-09-04T13:00:00+00:00", "title": "Manh\u00e3 Bandnews"}, {"desc": null, "start_date": "2026-09-04T14:00:00+00:00", "title": "O X da Quest\u00e3o"}, {"desc": null, "start_date": "2026-09-04T15:00:00+00:00", "title": "Meio Do Dia"}, {"desc": null, "start_date": "2026-09-04T15:30:00+00:00", "title": "Resumo Bandnews"}, {"desc": null, "start_date": "2026-09-04T16:00:00+00:00", "title": "Papo Reto"}, {"desc": null, "start_date": "2026-09-04T17:00:00+00:00", "title": "Tarde Bandnews"}, {"desc": "O Expresso BandNews, com Andressa Guaran\u00e1 e Lenny Leone, aborda os principais destaques do dia.", "start_date": "2026-09-04T20:00:00+00:00", "title": "Expresso Bandnews"}, {"desc": null, "start_date": "2026-09-04T21:00:00+00:00", "title": "O \u00c9 da Coisa"}, {"desc": null, "start_date": "2026-09-04T22:30:00+00:00", "title": "Panorama Bandnews"}, {"desc": null, "start_date": "2026-09-04T23:30:00+00:00", "title": "Jornal da Band"}], "offset": "+00:00", "timezone": "UTC", "error_code": -1, "start_date": "2026-09-03", "icon": ""}