{"end_date": "2026-09-03", "name": "La 2", "info_url": "https://epg.pw/channels/566199/20260902.html", "country": "France", "description": null, "error_message": "", "provider": "", "source_url": "https://epg.pw/api/epg.json?channel_id=566199&date=20260902&timezone=None", "epg_list": [{"desc": "Espacio que trata en profundidad tanto temas de actualidad como procesos sociales e hist\u00f3ricos de mayor duraci\u00f3n temporal. Estrenado en 1986, es uno de los programas m\u00e1s prestigiosos de TVE y se ha caracterizado durante todo este tiempo por el rigor y la profundidad.", "start_date": "2026-09-02T22:20:00+00:00", "title": "Documentos tv"}, {"desc": null, "start_date": "2026-09-02T23:20:00+00:00", "title": "Documental el arma del siglo"}, {"desc": "Un recorrido por los cert\u00e1menes musicales espa\u00f1oles m\u00e1s destacados de este verano, como el FIB o el San Miguel Primavera Sound, as\u00ed como las m\u00e1s destacadas citas de blues y jazz como el Continental Latin Jazz o el Festival Blues de Cazorla.", "start_date": "2026-09-03T00:05:00+00:00", "title": "Festivales de verano"}, {"desc": "Join stage and screen star Stanley Tucci as he embarks on a culinary exploration of his ancestral homeland, travelling around Italy to sample the gastronomic delights of one of the greatest cuisines in the world. Beginning with a pizza feast in Naples, Stanley then heads off up the Amalfi coast to Rome, where the famous four pastas await. Bolgna, Milan, and Tuscany are next on the agenda before he", "start_date": "2026-09-03T01:20:00+00:00", "title": "Documental stanley tucci recorriendo it"}, {"desc": "Recorrido por la riqueza gastron\u00f3mica y paisaj\u00edstica de Espa\u00f1a y sus pa\u00edses vecinos: de la costa cant\u00e1brica al levante mediterr\u00e1neo, pasando por el valle encantado del Bazt\u00e1n o las pacientes tierras castellanas, la raya portuguesa y localidades fronterizas como Hendaya.", "start_date": "2026-09-03T02:00:00+00:00", "title": "Las rutas de..."}, {"desc": "Alors que les activit\u00e9s humaines menacent la survie d'animaux nouveau-n\u00e9s en Afrique, suivez l'histoire unique de ces orphelins sauvages et des sauveteurs au grand c\u0153ur qui leur donnent une seconde chance. \"SOS animaux orphelins\" suit des \u00e9quipes de v\u00e9t\u00e9rinaires, de b\u00e9n\u00e9voles et d'employ\u00e9s de refuges qui trouvent et sauvent de jeunes animaux bless\u00e9s et menac\u00e9s, laiss\u00e9s seuls et sans d\u00e9fense \u00e0 caus", "start_date": "2026-09-03T02:55:00+00:00", "title": "Documental rescate de animales bebe"}, {"desc": "Hoy en \u00a1Qu\u00e9 animal! nos adentramos en el misterioso mundo de las medusas. Por ejemplo, una de ellas guarda el secreto de la vida eterna. Est\u00e1n formados por un 95% de agua, no tienen ni cerebro ni coraz\u00f3n y no todos son urticantes. En este cap\u00edtulo descubrimos qu\u00e9 clases habitan en nuestras costas.", "start_date": "2026-09-03T03:15:00+00:00", "title": "\u00a1Qu\u00e9 animal!"}, {"desc": "Tras una larga migraci\u00f3n de varios miles de kil\u00f3metros procedentes de \u00c1frica subsahariana suelen llegar a la Pen\u00ednsula en el mes de febrero, aunque la mayor parte de las parejas se establecen en sus territorios ib\u00e9ricos a partir de los meses de marzo y abril.", "start_date": "2026-09-03T03:35:00+00:00", "title": "El bosque protector"}, {"desc": "Serie documental sobre los bosques de Espa\u00f1a, que tiene como objetivo concienciar a la opini\u00f3n p\u00fablica de la importancia que han tenido y tienen los bosques en la historia natural, social y econ\u00f3mica del pa\u00eds, desde los tiempos m\u00e1s remotos hasta la actualidad, as\u00ed como del negativo y grav\u00edsimo impacto de la acci\u00f3n del hombre sobre su conservaci\u00f3n. La serie muestra la silenciosa pero insustituible ", "start_date": "2026-09-03T04:00:00+00:00", "title": "El bosque protector"}, {"desc": "Un espacio que bucea en los hechos m\u00e1s importantes acontecidos en Espa\u00f1a entre el siglo XV y el XX y que han asentado las bases de la sociedad espa\u00f1ola actual. El programa se basa en el trabajo y las investigaciones del periodista y escritor Jacinto Ant\u00f3n.", "start_date": "2026-09-03T04:20:00+00:00", "title": "Reportero de la historia"}, {"desc": "Stanley Tucci explore l'Italie, en d\u00e9voilant les secrets et d\u00e9lices culinaires de ses r\u00e9gions, des p\u00e2tes \u00e0 la carbonara au risotto milanais, en passant par la pizza napolitaine.", "start_date": "2026-09-03T04:55:00+00:00", "title": "Documental stanley tucci recorriendo italia"}, {"desc": "Stanley Tucci explore l'Italie, en d\u00e9voilant les secrets et d\u00e9lices culinaires de ses r\u00e9gions, des p\u00e2tes \u00e0 la carbonara au risotto milanais, en passant par la pizza napolitaine.", "start_date": "2026-09-03T05:35:00+00:00", "title": "Documental stanley tucci recorriendo italia"}, {"desc": "Descubra c\u00f3mo los animales en peligro de extinci\u00f3n cazan y cr\u00edan a sus cr\u00edas en el paisaje \u00fanico de Italia, que abarca desde las monta\u00f1as m\u00e1s altas de los Apeninos hasta los ca\u00f1ones secos del sur, desde las lagunas salobres de Venecia y Cerde\u00f1a hasta los acantilados de las peque\u00f1as islas.", "start_date": "2026-09-03T06:15:00+00:00", "title": "Documental italia, el ultimo territorio salvaje"}, {"desc": "Espacio semanal dedicado a destacar y analizar el estilo de vida actual proponiendo reportajes de interiorismo, moda, restauraci\u00f3n o cosm\u00e9tica. Aquellas tendencias que marcan la forma de ser hoy en d\u00eda, ser\u00e1n tratadas en el programa.", "start_date": "2026-09-03T07:00:00+00:00", "title": "Zoom tendencias"}, {"desc": null, "start_date": "2026-09-03T07:30:00+00:00", "title": "Seguridad vital 5.0"}, {"desc": "Bajo la mirada de tres peculiares viajeros, este programa de viajes y aventuras muestra algunos de los lugares m\u00e1s atractivos y apasionantes del planeta con prismas muy diferentes.", "start_date": "2026-09-03T08:00:00+00:00", "title": "Senderos del mundo"}, {"desc": "El chef argentino Gonzalo D'Ambrosio viaja por Espa\u00f1a para acercarse a sus gentes y mostrar los productos emblem\u00e1ticos y los recetarios t\u00edpicos de cada una de las zonas.", "start_date": "2026-09-03T09:05:00+00:00", "title": "Las rutas de..."}, {"desc": "El chef argentino Gonzalo D'Ambrosio viaja por Espa\u00f1a para acercarse a sus gentes y mostrar los productos emblem\u00e1ticos y los recetarios t\u00edpicos de cada una de las zonas.", "start_date": "2026-09-03T09:55:00+00:00", "title": "Las rutas de..."}, {"desc": null, "start_date": "2026-09-03T10:45:00+00:00", "title": "Verano azul"}, {"desc": null, "start_date": "2026-09-03T11:35:00+00:00", "title": "El cazador stars"}, {"desc": null, "start_date": "2026-09-03T12:30:00+00:00", "title": "El cazador stars"}, {"desc": null, "start_date": "2026-09-03T13:35:00+00:00", "title": "Saber y ganar"}, {"desc": "Au coeur du parc national de Kruger, dans le nord-ouest de l'Afrique du Sud, zoom sur le monde cach\u00e9 et les strat\u00e9gies de survie de sept esp\u00e8ces \u00e9nigmatiques, durant vingt-quatre heures : le serval, le pangolin, le porc-\u00e9pic, la genette, la civette, le chat sauvage d'Afrique et l'oryct\u00e9rope du Cap.", "start_date": "2026-09-03T14:25:00+00:00", "title": "Grandes documentales las criaturas secretas de africa"}, {"desc": "Des \u00e9quipes de v\u00e9t\u00e9rinaires, de b\u00e9n\u00e9voles et d'employ\u00e9s de refuges trouvent et sauvent des animaux bless\u00e9s et menac\u00e9s et les accompagnent pour qu'ils retrouvent leur libert\u00e9.", "start_date": "2026-09-03T15:20:00+00:00", "title": "Grandes documentales rescate de animales bebe"}, {"desc": "Jes\u00fas Cintora presenta este magac\u00edn de actualidad, en el que, con humor, se desmontan bulos que circulan en los medios de comunicaci\u00f3n y las redes sociales.", "start_date": "2026-09-03T15:45:00+00:00", "title": "Malas lenguas"}, {"desc": null, "start_date": "2026-09-03T17:40:00+00:00", "title": "El cazador"}, {"desc": null, "start_date": "2026-09-03T18:40:00+00:00", "title": "Trivial pursuit"}, {"desc": null, "start_date": "2026-09-03T19:30:00+00:00", "title": "Cifras y letras"}, {"desc": null, "start_date": "2026-09-03T20:00:00+00:00", "title": "Cifras y letras"}, {"desc": "Los Premios Juventud 2026 reconocer\u00e1n lo mejor de la cultura pop entre j\u00f3venes hispanos y latinos, celebrando m\u00fasica, redes sociales y servicio comunitario.", "start_date": "2026-09-03T20:35:00+00:00", "title": "Premios juventud"}, {"desc": "Frank Farmer et Rachel Marron sont l'un et l'autre au sommet de leur carri\u00e8re, lui comme garde du corps de haut vol, elle comme chanteuse et actrice. Il \u00e9tait donc in\u00e9vitable qu'ils se rencontrent. Des lettres de menaces, r\u00e9guli\u00e8rement adress\u00e9es \u00e0 la chanteuse, en fournissent le pr\u00e9texte. D'abord r\u00e9ticent, Frank accepte de veiller sur la belle vedette qui n'a de cesse de se r\u00e9volter contre ses str", "start_date": "2026-09-03T23:30:00+00:00", "title": "Cine el guardaespaldas"}], "offset": "+00:00", "timezone": "UTC", "error_code": -1, "start_date": "2026-09-02", "icon": ""}