{"end_date": "2026-09-04", "name": "La 2", "info_url": "https://epg.pw/channels/566199/20260903.html", "country": "France", "description": null, "error_message": "", "provider": "", "source_url": "https://epg.pw/api/epg.json?channel_id=566199&date=20260903&timezone=None", "epg_list": [{"desc": "Un recorrido por los cert\u00e1menes musicales espa\u00f1oles m\u00e1s destacados de este verano, como el FIB o el San Miguel Primavera Sound, as\u00ed como las m\u00e1s destacadas citas de blues y jazz como el Continental Latin Jazz o el Festival Blues de Cazorla.", "start_date": "2026-09-03T00:05:00+00:00", "title": "Festivales de verano"}, {"desc": "Join stage and screen star Stanley Tucci as he embarks on a culinary exploration of his ancestral homeland, travelling around Italy to sample the gastronomic delights of one of the greatest cuisines in the world. Beginning with a pizza feast in Naples, Stanley then heads off up the Amalfi coast to Rome, where the famous four pastas await. Bolgna, Milan, and Tuscany are next on the agenda before he", "start_date": "2026-09-03T01:20:00+00:00", "title": "Documental stanley tucci recorriendo it"}, {"desc": "Recorrido por la riqueza gastron\u00f3mica y paisaj\u00edstica de Espa\u00f1a y sus pa\u00edses vecinos: de la costa cant\u00e1brica al levante mediterr\u00e1neo, pasando por el valle encantado del Bazt\u00e1n o las pacientes tierras castellanas, la raya portuguesa y localidades fronterizas como Hendaya.", "start_date": "2026-09-03T02:00:00+00:00", "title": "Las rutas de..."}, {"desc": "Alors que les activit\u00e9s humaines menacent la survie d'animaux nouveau-n\u00e9s en Afrique, suivez l'histoire unique de ces orphelins sauvages et des sauveteurs au grand c\u0153ur qui leur donnent une seconde chance. \"SOS animaux orphelins\" suit des \u00e9quipes de v\u00e9t\u00e9rinaires, de b\u00e9n\u00e9voles et d'employ\u00e9s de refuges qui trouvent et sauvent de jeunes animaux bless\u00e9s et menac\u00e9s, laiss\u00e9s seuls et sans d\u00e9fense \u00e0 caus", "start_date": "2026-09-03T02:55:00+00:00", "title": "Documental rescate de animales bebe"}, {"desc": "Hoy en \u00a1Qu\u00e9 animal! nos adentramos en el misterioso mundo de las medusas. Por ejemplo, una de ellas guarda el secreto de la vida eterna. Est\u00e1n formados por un 95% de agua, no tienen ni cerebro ni coraz\u00f3n y no todos son urticantes. En este cap\u00edtulo descubrimos qu\u00e9 clases habitan en nuestras costas.", "start_date": "2026-09-03T03:15:00+00:00", "title": "\u00a1Qu\u00e9 animal!"}, {"desc": "Tras una larga migraci\u00f3n de varios miles de kil\u00f3metros procedentes de \u00c1frica subsahariana suelen llegar a la Pen\u00ednsula en el mes de febrero, aunque la mayor parte de las parejas se establecen en sus territorios ib\u00e9ricos a partir de los meses de marzo y abril.", "start_date": "2026-09-03T03:35:00+00:00", "title": "El bosque protector"}, {"desc": "Serie documental sobre los bosques de Espa\u00f1a, que tiene como objetivo concienciar a la opini\u00f3n p\u00fablica de la importancia que han tenido y tienen los bosques en la historia natural, social y econ\u00f3mica del pa\u00eds, desde los tiempos m\u00e1s remotos hasta la actualidad, as\u00ed como del negativo y grav\u00edsimo impacto de la acci\u00f3n del hombre sobre su conservaci\u00f3n. La serie muestra la silenciosa pero insustituible ", "start_date": "2026-09-03T04:00:00+00:00", "title": "El bosque protector"}, {"desc": "Un espacio que bucea en los hechos m\u00e1s importantes acontecidos en Espa\u00f1a entre el siglo XV y el XX y que han asentado las bases de la sociedad espa\u00f1ola actual. El programa se basa en el trabajo y las investigaciones del periodista y escritor Jacinto Ant\u00f3n.", "start_date": "2026-09-03T04:20:00+00:00", "title": "Reportero de la historia"}, {"desc": "Stanley Tucci explore l'Italie, en d\u00e9voilant les secrets et d\u00e9lices culinaires de ses r\u00e9gions, des p\u00e2tes \u00e0 la carbonara au risotto milanais, en passant par la pizza napolitaine.", "start_date": "2026-09-03T04:55:00+00:00", "title": "Documental stanley tucci recorriendo italia"}, {"desc": "Stanley Tucci explore l'Italie, en d\u00e9voilant les secrets et d\u00e9lices culinaires de ses r\u00e9gions, des p\u00e2tes \u00e0 la carbonara au risotto milanais, en passant par la pizza napolitaine.", "start_date": "2026-09-03T05:35:00+00:00", "title": "Documental stanley tucci recorriendo italia"}, {"desc": "Descubra c\u00f3mo los animales en peligro de extinci\u00f3n cazan y cr\u00edan a sus cr\u00edas en el paisaje \u00fanico de Italia, que abarca desde las monta\u00f1as m\u00e1s altas de los Apeninos hasta los ca\u00f1ones secos del sur, desde las lagunas salobres de Venecia y Cerde\u00f1a hasta los acantilados de las peque\u00f1as islas.", "start_date": "2026-09-03T06:15:00+00:00", "title": "Documental italia, el ultimo territorio salvaje"}, {"desc": "Espacio semanal dedicado a destacar y analizar el estilo de vida actual proponiendo reportajes de interiorismo, moda, restauraci\u00f3n o cosm\u00e9tica. Aquellas tendencias que marcan la forma de ser hoy en d\u00eda, ser\u00e1n tratadas en el programa.", "start_date": "2026-09-03T07:00:00+00:00", "title": "Zoom tendencias"}, {"desc": null, "start_date": "2026-09-03T07:30:00+00:00", "title": "Seguridad vital 5.0"}, {"desc": "Bajo la mirada de tres peculiares viajeros, este programa de viajes y aventuras muestra algunos de los lugares m\u00e1s atractivos y apasionantes del planeta con prismas muy diferentes.", "start_date": "2026-09-03T08:00:00+00:00", "title": "Senderos del mundo"}, {"desc": "El chef argentino Gonzalo D'Ambrosio viaja por Espa\u00f1a para acercarse a sus gentes y mostrar los productos emblem\u00e1ticos y los recetarios t\u00edpicos de cada una de las zonas.", "start_date": "2026-09-03T09:05:00+00:00", "title": "Las rutas de..."}, {"desc": "El chef argentino Gonzalo D'Ambrosio viaja por Espa\u00f1a para acercarse a sus gentes y mostrar los productos emblem\u00e1ticos y los recetarios t\u00edpicos de cada una de las zonas.", "start_date": "2026-09-03T09:55:00+00:00", "title": "Las rutas de..."}, {"desc": null, "start_date": "2026-09-03T10:45:00+00:00", "title": "Verano azul"}, {"desc": null, "start_date": "2026-09-03T11:35:00+00:00", "title": "El cazador stars"}, {"desc": null, "start_date": "2026-09-03T12:30:00+00:00", "title": "El cazador stars"}, {"desc": null, "start_date": "2026-09-03T13:35:00+00:00", "title": "Saber y ganar"}, {"desc": "Au coeur du parc national de Kruger, dans le nord-ouest de l'Afrique du Sud, zoom sur le monde cach\u00e9 et les strat\u00e9gies de survie de sept esp\u00e8ces \u00e9nigmatiques, durant vingt-quatre heures : le serval, le pangolin, le porc-\u00e9pic, la genette, la civette, le chat sauvage d'Afrique et l'oryct\u00e9rope du Cap.", "start_date": "2026-09-03T14:25:00+00:00", "title": "Grandes documentales las criaturas secretas de africa"}, {"desc": "Des \u00e9quipes de v\u00e9t\u00e9rinaires, de b\u00e9n\u00e9voles et d'employ\u00e9s de refuges trouvent et sauvent des animaux bless\u00e9s et menac\u00e9s et les accompagnent pour qu'ils retrouvent leur libert\u00e9.", "start_date": "2026-09-03T15:20:00+00:00", "title": "Grandes documentales rescate de animales bebe"}, {"desc": "Jes\u00fas Cintora presenta este magac\u00edn de actualidad, en el que, con humor, se desmontan bulos que circulan en los medios de comunicaci\u00f3n y las redes sociales.", "start_date": "2026-09-03T15:45:00+00:00", "title": "Malas lenguas"}, {"desc": null, "start_date": "2026-09-03T17:40:00+00:00", "title": "El cazador"}, {"desc": null, "start_date": "2026-09-03T18:40:00+00:00", "title": "Trivial pursuit"}, {"desc": null, "start_date": "2026-09-03T19:30:00+00:00", "title": "Cifras y letras"}, {"desc": null, "start_date": "2026-09-03T20:00:00+00:00", "title": "Cifras y letras"}, {"desc": "Los Premios Juventud 2026 reconocer\u00e1n lo mejor de la cultura pop entre j\u00f3venes hispanos y latinos, celebrando m\u00fasica, redes sociales y servicio comunitario.", "start_date": "2026-09-03T20:35:00+00:00", "title": "Premios juventud"}, {"desc": "Frank Farmer et Rachel Marron sont l'un et l'autre au sommet de leur carri\u00e8re, lui comme garde du corps de haut vol, elle comme chanteuse et actrice. Il \u00e9tait donc in\u00e9vitable qu'ils se rencontrent. Des lettres de menaces, r\u00e9guli\u00e8rement adress\u00e9es \u00e0 la chanteuse, en fournissent le pr\u00e9texte. D'abord r\u00e9ticent, Frank accepte de veiller sur la belle vedette qui n'a de cesse de se r\u00e9volter contre ses str", "start_date": "2026-09-03T23:30:00+00:00", "title": "Cine el guardaespaldas"}, {"desc": "Festivales de verano de jazz y pop que tienen lugar en diferentes localidades de Espa\u00f1a durante el verano.", "start_date": "2026-09-04T01:30:00+00:00", "title": "Festivales de verano"}, {"desc": "Des \u00e9quipes de v\u00e9t\u00e9rinaires, de b\u00e9n\u00e9voles et d'employ\u00e9s de refuges trouvent et sauvent des animaux bless\u00e9s et menac\u00e9s et les accompagnent pour qu'ils retrouvent leur libert\u00e9.", "start_date": "2026-09-04T02:55:00+00:00", "title": "Documental rescate de animales bebe"}, {"desc": null, "start_date": "2026-09-04T03:20:00+00:00", "title": "La 2 express"}, {"desc": "Serie documental sobre los bosques de Espa\u00f1a, que tiene como objetivo concienciar a la opini\u00f3n p\u00fablica de la importancia que han tenido y tienen los bosques en la historia natural, social y econ\u00f3mica del pa\u00eds, desde los tiempos m\u00e1s remotos hasta la actualidad, as\u00ed como del negativo y grav\u00edsimo impacto de la acci\u00f3n del hombre sobre su conservaci\u00f3n. La serie muestra la silenciosa pero insustituible ", "start_date": "2026-09-04T03:30:00+00:00", "title": "El bosque protector"}, {"desc": null, "start_date": "2026-09-04T04:00:00+00:00", "title": "En lengua de signos"}, {"desc": "The program shows the actions of the national police and the civil guard to safeguard the national heritage.", "start_date": "2026-09-04T04:30:00+00:00", "title": "Guardianes del Patrimonio"}, {"desc": "Un recorrido por la Espa\u00f1a rural, para conocerla desde el relato en primera persona de sus habitantes, personas optimistas que han decidido vivir en la llamada \"Espa\u00f1a vaciada\".", "start_date": "2026-09-04T05:00:00+00:00", "title": "Ruralitas"}, {"desc": "Serie documental que viaja hasta lugares rec\u00f3nditos para mostrar los parajes m\u00e1s bellos, espectaculares y curiosos de todo el planeta.", "start_date": "2026-09-04T05:45:00+00:00", "title": "Lugares extraordinarios del mundo"}, {"desc": "Un recorrido por 13 comunidades aut\u00f3nomas para redescubrir un pa\u00eds \u00fanico, diverso y multicultural. La serie tiene como objetivo descubrir nuevos destinos, desestacionalizando y diversificando as\u00ed el turismo.", "start_date": "2026-09-04T06:15:00+00:00", "title": "Esto es Espa\u00f1a"}, {"desc": "Un viaje donde se marida la historia, el arte y la gastronom\u00eda. Un recorrido de norte a sur y de este a oeste para disfrutar de las tapas t\u00edpicas de cada lugar, con peque\u00f1os bocados y grandes platos que demuestran el gran legado que hay en cualquier ciudad de este pa\u00eds.", "start_date": "2026-09-04T06:45:00+00:00", "title": "De tapas por Espa\u00f1a"}, {"desc": "Serie documental de entretenimiento de formato 30 minutos, presentada por el mic\u00f3logo Vicente Sevilla, que junto a un famoso anfitri\u00f3n, descubre la naturaleza que se encuentra en los diferentes lugares espa\u00f1oles. Su viaje por diferentes localidades espa\u00f1olas, termina en una cita gastron\u00f3mica, donde ambos cocinan con un chef y preparan la comida a base de productos del campo que han ido recogiendo ", "start_date": "2026-09-04T07:30:00+00:00", "title": "El se\u00f1or de los bosques"}, {"desc": "Programa educativo vinculado a los cursos de la Universidad Nacional de Educaci\u00f3n a Distancia. Ofrece la informaci\u00f3n sobre los contenidos de las asignaturas que integran las distintas carreras y del curso de acceso a la universidad para mayores de 25 a\u00f1os.", "start_date": "2026-09-04T08:00:00+00:00", "title": "Universo UNED"}, {"desc": "Espacio dirigido por Evelyn Segura en el que se descubren los secretos de la fauna y la flora de nuestro pa\u00eds. El programa acerca el mundo animal y compara las habilidades de una de las especies protagonistas de cada episodio con las de un personaje famoso.", "start_date": "2026-09-04T08:55:00+00:00", "title": "\u00a1Qu\u00e9 animal!"}, {"desc": "Nahum Varas dirige este programa presentado por Ver\u00f3nica Zumalac\u00e1rregui, quien nos ense\u00f1a la gastronomia de las islas Canarias acerc\u00e1ndose a sus gentes y mostrando los productos emblem\u00e1ticos y recetarios de cada una de las islas.", "start_date": "2026-09-04T09:15:00+00:00", "title": "Las rutas de Ver\u00f3nica"}, {"desc": "Programa divulgativo sobre ecolog\u00eda y medio ambiente. Sus contenidos quieren llegar a un p\u00fablico amplio y no especializado, para que todos descubran que la ecolog\u00eda es interesante porque es necesaria, \u00fatil y amena.", "start_date": "2026-09-04T10:10:00+00:00", "title": "Escarabajo verde"}, {"desc": null, "start_date": "2026-09-04T10:40:00+00:00", "title": "Curro Jim\u00e9nez"}, {"desc": null, "start_date": "2026-09-04T11:30:00+00:00", "title": "El cazador"}, {"desc": null, "start_date": "2026-09-04T12:30:00+00:00", "title": "El cazador"}, {"desc": null, "start_date": "2026-09-04T13:30:00+00:00", "title": "Saber y ganar"}, {"desc": "Avec un acc\u00e8s privil\u00e9gi\u00e9 \u00e0 un coin intact et vierge du Serengeti, cette s\u00e9rie suit le fil de la vie quotidienne des animaux et des moments d'\u00e9motion auxquels ils sont confront\u00e9s. Rencontre avec la lionne solitaire qui ravale sa fiert\u00e9, le babouin passionn\u00e9 qui tente d\u00e9sesp\u00e9r\u00e9ment de reconqu\u00e9rir son amour perdu, et la famille de mangoustes effront\u00e9e et amusante tr\u00e8s \u00e0 l'aff\u00fbt pour s'offrir un d\u00e9jeu", "start_date": "2026-09-04T14:20:00+00:00", "title": "Serengueti"}, {"desc": "Serie documental que viaja hasta lugares rec\u00f3nditos para mostrar los parajes m\u00e1s bellos, espectaculares y curiosos de todo el planeta.", "start_date": "2026-09-04T15:20:00+00:00", "title": "Lugares extraordinarios del mundo"}, {"desc": "Jes\u00fas Cintora presenta este magac\u00edn de actualidad, en el que, con humor, se desmontan bulos que circulan en los medios de comunicaci\u00f3n y las redes sociales.", "start_date": "2026-09-04T15:45:00+00:00", "title": "Malas lenguas"}, {"desc": "Miquel Silvestre recorre en moto el territorio de Am\u00e9rica del Sur, siguiendo pasos de los descubridores espa\u00f1oles. Una viaje extraordinario por diversos paisajes, desde el Estrecho de Magallanes hasta el Canal de Panam\u00e1.", "start_date": "2026-09-04T17:40:00+00:00", "title": "Diario de un n\u00f3mada: Carreteras extremas"}, {"desc": null, "start_date": "2026-09-04T18:05:00+00:00", "title": "Jeopardy"}, {"desc": null, "start_date": "2026-09-04T19:00:00+00:00", "title": "Trivial Pursuit"}, {"desc": null, "start_date": "2026-09-04T19:45:00+00:00", "title": "Cifras y letras"}, {"desc": "El periodista Jenaro Castro muestra el lado humano de personajes relevantes de todos los \u00e1mbitos. Un viaje introspectivo con voluntad de homenajear la trayectoria de los distintos invitados que, adem\u00e1s, eligen su m\u00fasica preferida y el lugar de la entrevista.", "start_date": "2026-09-04T20:20:00+00:00", "title": "Plano general"}, {"desc": "\"Historia de nuestro cine\" busca revisar gran parte del cine espa\u00f1ol, desde los a\u00f1os 30 hasta finales del siglo XX, recuperando muchas pel\u00edculas que no se han emitido en muchos a\u00f1os en otros espacios cinematogr\u00e1ficos de TVE.", "start_date": "2026-09-04T20:50:00+00:00", "title": "Historia de nuestro cine"}, {"desc": null, "start_date": "2026-09-04T20:55:00+00:00", "title": "Cine"}, {"desc": null, "start_date": "2026-09-04T23:30:00+00:00", "title": "Fortunata y Jacinta"}], "offset": "+00:00", "timezone": "UTC", "error_code": -1, "start_date": "2026-09-03", "icon": ""}