{"end_date": "2026-08-31", "name": "Moldova 1", "info_url": "https://epg.pw/channels/5747/20260830.html", "country": "Russian Federation", "description": null, "error_message": "", "provider": "", "source_url": "https://epg.pw/api/epg.json?channel_id=5747&date=20260830&timezone=None", "epg_list": [{"desc": null, "start_date": "2026-08-30T00:03:00+00:00", "title": "Raioane"}, {"desc": null, "start_date": "2026-08-30T00:50:00+00:00", "title": "\u22d7 Live studio"}, {"desc": null, "start_date": "2026-08-30T02:15:00+00:00", "title": "Mesager"}, {"desc": null, "start_date": "2026-08-30T02:36:00+00:00", "title": "\u0218tiri sportive"}, {"desc": null, "start_date": "2026-08-30T02:58:00+00:00", "title": "Deschiderea sta\u0163iei"}, {"desc": null, "start_date": "2026-08-30T03:00:00+00:00", "title": "\u22d7 Live studio"}, {"desc": null, "start_date": "2026-08-30T03:55:00+00:00", "title": "Publicitate"}, {"desc": null, "start_date": "2026-08-30T04:00:00+00:00", "title": "\u22d7 Live studio"}, {"desc": null, "start_date": "2026-08-30T04:30:00+00:00", "title": "S\u0103 lu\u0103m aminte"}, {"desc": null, "start_date": "2026-08-30T04:40:00+00:00", "title": "Cuvintele Credin\u021bei"}, {"desc": null, "start_date": "2026-08-30T05:25:00+00:00", "title": "Publicitate"}, {"desc": null, "start_date": "2026-08-30T05:30:00+00:00", "title": "Moldova de patrimoniu"}, {"desc": null, "start_date": "2026-08-30T05:56:00+00:00", "title": "Robo\u021bii \u00een ac\u021biune (ep. 7)"}, {"desc": null, "start_date": "2026-08-30T06:00:00+00:00", "title": "Zuper.show"}, {"desc": null, "start_date": "2026-08-30T06:29:00+00:00", "title": "Publicitate"}, {"desc": null, "start_date": "2026-08-30T06:30:00+00:00", "title": "Magazinul copiilor (ep. 9)"}, {"desc": null, "start_date": "2026-08-30T06:57:00+00:00", "title": "Publicitate"}, {"desc": null, "start_date": "2026-08-30T07:00:00+00:00", "title": "\u0434/\u0444 Vidra dup\u0103 Eden"}, {"desc": null, "start_date": "2026-08-30T07:52:00+00:00", "title": "Shift \u2013 viata \u00een era digitala"}, {"desc": null, "start_date": "2026-08-30T08:04:00+00:00", "title": "Publicitate"}, {"desc": null, "start_date": "2026-08-30T08:06:00+00:00", "title": "O sear\u0103 \u00een familie"}, {"desc": null, "start_date": "2026-08-30T08:51:00+00:00", "title": "\u0434/\u0444 Un Chi\u0219inau dinaintea erei noastre"}, {"desc": null, "start_date": "2026-08-30T09:07:00+00:00", "title": "\u0434/\u0444 Drumul spre independen\u021b\u0103"}, {"desc": null, "start_date": "2026-08-30T09:52:00+00:00", "title": "Hai la hora mare"}, {"desc": null, "start_date": "2026-08-30T10:55:00+00:00", "title": "Publicitate"}, {"desc": null, "start_date": "2026-08-30T11:00:00+00:00", "title": "P\u0103m\u00e2nt \u0219i oameni"}, {"desc": null, "start_date": "2026-08-30T11:40:00+00:00", "title": "Publicitate"}, {"desc": null, "start_date": "2026-08-30T11:45:00+00:00", "title": "Tezaur"}, {"desc": null, "start_date": "2026-08-30T12:15:00+00:00", "title": "Publicitate"}, {"desc": null, "start_date": "2026-08-30T12:20:00+00:00", "title": "Tribute, Aplauze la scena deschis\u0103"}, {"desc": null, "start_date": "2026-08-30T12:55:00+00:00", "title": "Publicitate"}, {"desc": null, "start_date": "2026-08-30T13:00:00+00:00", "title": "Tribute, Aplauze la scena deschis\u0103"}, {"desc": null, "start_date": "2026-08-30T13:55:00+00:00", "title": "Publicitate"}, {"desc": null, "start_date": "2026-08-30T14:00:00+00:00", "title": "Departe / Aproape"}, {"desc": null, "start_date": "2026-08-30T14:26:00+00:00", "title": "Publicitate"}, {"desc": null, "start_date": "2026-08-30T14:27:00+00:00", "title": "Publicitate"}, {"desc": null, "start_date": "2026-08-30T14:30:00+00:00", "title": "Focus Europa"}, {"desc": null, "start_date": "2026-08-30T14:55:00+00:00", "title": "Publicitate"}, {"desc": null, "start_date": "2026-08-30T14:56:00+00:00", "title": "Publicitate"}, {"desc": null, "start_date": "2026-08-30T15:00:00+00:00", "title": "RM. Dimensiunea Diplomatic\u0103"}, {"desc": null, "start_date": "2026-08-30T15:37:00+00:00", "title": "Publicitate"}, {"desc": null, "start_date": "2026-08-30T15:40:00+00:00", "title": "Pagini de colec\u021bie! (George Enescu)"}, {"desc": null, "start_date": "2026-08-30T15:56:00+00:00", "title": "Publicitate"}, {"desc": null, "start_date": "2026-08-30T16:00:00+00:00", "title": "\u015etiri"}, {"desc": null, "start_date": "2026-08-30T16:10:00+00:00", "title": "Publicitate"}, {"desc": null, "start_date": "2026-08-30T16:15:00+00:00", "title": "Pentru \u021aar\u0103, despre Neam cu orchestra Plai Moldovenesc (Ziua 1)"}, {"desc": null, "start_date": "2026-08-30T16:51:00+00:00", "title": "Filler (C\u00e2ntecele Independen\u021bei)"}, {"desc": null, "start_date": "2026-08-30T17:00:00+00:00", "title": "Raioane"}, {"desc": null, "start_date": "2026-08-30T17:55:00+00:00", "title": "Publicitate"}, {"desc": null, "start_date": "2026-08-30T18:00:00+00:00", "title": "Mesager"}, {"desc": null, "start_date": "2026-08-30T18:30:00+00:00", "title": "\u0218tiri sportive"}, {"desc": null, "start_date": "2026-08-30T18:35:00+00:00", "title": "\u0218tiri sportive"}, {"desc": null, "start_date": "2026-08-30T18:45:00+00:00", "title": "Publicitate"}, {"desc": null, "start_date": "2026-08-30T18:50:00+00:00", "title": "\u0442/\u0441 Ultima lupt\u0103 a lui Ellen Cole"}, {"desc": null, "start_date": "2026-08-30T20:24:00+00:00", "title": "Publicitate"}, {"desc": null, "start_date": "2026-08-30T20:27:00+00:00", "title": "Zapovednik"}, {"desc": null, "start_date": "2026-08-30T20:40:00+00:00", "title": "Pentru \u021aar\u0103, despre Neam cu orchestra Plai Moldovenesc (Ziua 2)"}, {"desc": null, "start_date": "2026-08-30T20:52:00+00:00", "title": "Publicitate"}, {"desc": null, "start_date": "2026-08-30T20:55:00+00:00", "title": "Made \u00een Germany"}, {"desc": null, "start_date": "2026-08-30T21:05:00+00:00", "title": "Made \u00een Germany"}, {"desc": null, "start_date": "2026-08-30T21:21:00+00:00", "title": "Raioane"}, {"desc": null, "start_date": "2026-08-30T21:31:00+00:00", "title": "Raioane"}, {"desc": null, "start_date": "2026-08-30T22:11:00+00:00", "title": "\u0434/\u0444 Eu, Filimon Boghiu"}, {"desc": null, "start_date": "2026-08-30T22:22:00+00:00", "title": "\u0434/\u0444 Marica"}, {"desc": null, "start_date": "2026-08-30T23:12:00+00:00", "title": "Tribute, Aplauze la scena deschis\u0103"}, {"desc": null, "start_date": "2026-08-30T23:17:00+00:00", "title": "Tribute, Aplauze la scena deschis\u0103"}, {"desc": null, "start_date": "2026-08-31T00:50:00+00:00", "title": "\u22d7 Live studio"}, {"desc": null, "start_date": "2026-08-31T02:15:00+00:00", "title": "Mesager"}, {"desc": null, "start_date": "2026-08-31T02:58:00+00:00", "title": "Deschiderea sta\u0163iei"}, {"desc": null, "start_date": "2026-08-31T03:00:00+00:00", "title": "Pagini de colec\u021bie! (Crea\u021bii na\u021bionale \u0219i universale)"}, {"desc": null, "start_date": "2026-08-31T03:20:00+00:00", "title": "\u0421 \u0434\u0440\u0443\u0433\u043e\u0439 \u0441\u0442\u043e\u0440\u043e\u043d\u044b"}, {"desc": null, "start_date": "2026-08-31T03:50:00+00:00", "title": "Publicitate"}, {"desc": null, "start_date": "2026-08-31T03:55:00+00:00", "title": "Bun\u0103 diminea\u021ba!"}, {"desc": null, "start_date": "2026-08-31T04:00:00+00:00", "title": "\u015etiri"}, {"desc": null, "start_date": "2026-08-31T04:10:00+00:00", "title": "Publicitate"}, {"desc": null, "start_date": "2026-08-31T04:17:00+00:00", "title": "Bun\u0103 diminea\u021ba!"}, {"desc": null, "start_date": "2026-08-31T05:00:00+00:00", "title": "\u015etiri"}, {"desc": null, "start_date": "2026-08-31T05:10:00+00:00", "title": "Publicitate"}, {"desc": null, "start_date": "2026-08-31T05:17:00+00:00", "title": "Bun\u0103 diminea\u021ba!"}, {"desc": null, "start_date": "2026-08-31T05:30:00+00:00", "title": "\u0218tiri sportive"}, {"desc": null, "start_date": "2026-08-31T05:35:00+00:00", "title": "Bun\u0103 diminea\u021ba!"}, {"desc": null, "start_date": "2026-08-31T05:55:00+00:00", "title": "Publicitate"}, {"desc": null, "start_date": "2026-08-31T06:00:00+00:00", "title": "Edi\u021bie special\u0103 (Marea Dictare Na\u021bional\u0103)"}, {"desc": null, "start_date": "2026-08-31T06:10:00+00:00", "title": "Publicitate"}, {"desc": null, "start_date": "2026-08-31T06:15:00+00:00", "title": "Edi\u021bie special\u0103 (Marea Dictare Na\u021bional\u0103)"}, {"desc": null, "start_date": "2026-08-31T09:00:00+00:00", "title": "Prin muzic\u0103 \u00een Europa"}, {"desc": null, "start_date": "2026-08-31T09:53:00+00:00", "title": "Filler (C\u00e2ntecele Independen\u021bei)"}, {"desc": null, "start_date": "2026-08-31T09:58:00+00:00", "title": "Publicitate"}, {"desc": null, "start_date": "2026-08-31T09:59:00+00:00", "title": "Publicitate"}, {"desc": null, "start_date": "2026-08-31T10:00:00+00:00", "title": "\u015etiri"}, {"desc": null, "start_date": "2026-08-31T10:30:00+00:00", "title": "Publicitate"}, {"desc": null, "start_date": "2026-08-31T10:37:00+00:00", "title": "\u0218tiri sportive"}, {"desc": null, "start_date": "2026-08-31T10:45:00+00:00", "title": "Cas\u0103 Comun\u0103"}, {"desc": null, "start_date": "2026-08-31T11:09:00+00:00", "title": "Publicitate"}, {"desc": null, "start_date": "2026-08-31T11:13:00+00:00", "title": "Publicitate"}, {"desc": null, "start_date": "2026-08-31T11:15:00+00:00", "title": "\u0442/\u0441 Spitalul Santa Rosa (ep. 170)"}, {"desc": null, "start_date": "2026-08-31T11:59:00+00:00", "title": "Publicitate"}, {"desc": null, "start_date": "2026-08-31T12:00:00+00:00", "title": "\u015etiri pe scurt"}, {"desc": null, "start_date": "2026-08-31T12:10:00+00:00", "title": "Publicitate"}, {"desc": null, "start_date": "2026-08-31T12:14:00+00:00", "title": "\u0442/\u0441 Spitalul Santa Rosa"}, {"desc": null, "start_date": "2026-08-31T12:15:00+00:00", "title": "\u0442/\u0441 Spitalul Santa Rosa (ep. 171)"}, {"desc": null, "start_date": "2026-08-31T12:58:00+00:00", "title": "Publicitate"}, {"desc": null, "start_date": "2026-08-31T13:00:00+00:00", "title": "Publicitate"}, {"desc": null, "start_date": "2026-08-31T13:02:00+00:00", "title": "\u0442/\u0441 Spitalul Santa Rosa (ep. 172)"}, {"desc": null, "start_date": "2026-08-31T13:03:00+00:00", "title": "\u0442/\u0441 Spitalul Santa Rosa"}, {"desc": null, "start_date": "2026-08-31T13:46:00+00:00", "title": "Shift \u2013 viata \u00een era digitala"}, {"desc": null, "start_date": "2026-08-31T13:47:00+00:00", "title": "Filler"}, {"desc": null, "start_date": "2026-08-31T13:57:00+00:00", "title": "Publicitate"}, {"desc": null, "start_date": "2026-08-31T13:58:00+00:00", "title": "Publicitate"}, {"desc": null, "start_date": "2026-08-31T14:00:00+00:00", "title": "\u015etiri"}, {"desc": null, "start_date": "2026-08-31T14:23:00+00:00", "title": "Publicitate"}, {"desc": null, "start_date": "2026-08-31T14:30:00+00:00", "title": "\u22d7 Live studio"}, {"desc": null, "start_date": "2026-08-31T15:00:00+00:00", "title": "Publicitate"}, {"desc": null, "start_date": "2026-08-31T15:07:00+00:00", "title": "\u22d7 Live studio"}, {"desc": null, "start_date": "2026-08-31T15:54:00+00:00", "title": "Publicitate"}, {"desc": null, "start_date": "2026-08-31T16:00:00+00:00", "title": "Imn Limbii Rom\u00e2ne"}, {"desc": null, "start_date": "2026-08-31T17:00:00+00:00", "title": "Concert"}, {"desc": null, "start_date": "2026-08-31T18:00:00+00:00", "title": "Mesager"}, {"desc": null, "start_date": "2026-08-31T18:30:00+00:00", "title": "\u0218tiri sportive"}, {"desc": null, "start_date": "2026-08-31T18:45:00+00:00", "title": "Publicitate"}, {"desc": null, "start_date": "2026-08-31T18:50:00+00:00", "title": "Imn Limbii Rom\u00e2ne"}, {"desc": null, "start_date": "2026-08-31T19:05:00+00:00", "title": "Concert"}, {"desc": null, "start_date": "2026-08-31T19:20:00+00:00", "title": "\u015etiri Externe"}, {"desc": null, "start_date": "2026-08-31T19:50:00+00:00", "title": "Publicitate"}, {"desc": null, "start_date": "2026-08-31T19:55:00+00:00", "title": "Pentru \u021aar\u0103, despre Neam cu orchestra Plai Moldovenesc (Ziua 2)"}, {"desc": null, "start_date": "2026-08-31T20:20:00+00:00", "title": "Zapovednik"}, {"desc": null, "start_date": "2026-08-31T20:35:00+00:00", "title": "Global 3000"}, {"desc": null, "start_date": "2026-08-31T21:00:00+00:00", "title": "\u0434/\u0444 Gheorghe Vrabie. Contribu\u021bii la formarea identit\u00ee\u021bii simbolice a Chi\u0219in\u0103ului"}, {"desc": null, "start_date": "2026-08-31T21:22:00+00:00", "title": "Hai la hora mare"}, {"desc": null, "start_date": "2026-08-31T22:30:00+00:00", "title": "Focus"}, {"desc": null, "start_date": "2026-08-31T23:00:00+00:00", "title": "Bun\u0103 diminea\u021ba!"}], "offset": "+00:00", "timezone": "UTC", "error_code": -1, "start_date": "2026-08-30", "icon": "https://epg.pw/media/images/epg/2024/06/08/20240608020451943237_60.png"}