{"end_date": "2026-08-30", "name": "TVP Kultura 2", "info_url": "https://epg.pw/channels/6143/20260829.html", "country": "Russian Federation", "description": null, "error_message": "", "provider": "", "source_url": "https://epg.pw/api/epg.json?channel_id=6143&date=20260829&timezone=None", "epg_list": [{"desc": null, "start_date": "2026-08-29T00:00:00+00:00", "title": "Noc kr\u00f3tkich film\u00f3w: Wspinaczka"}, {"desc": null, "start_date": "2026-08-29T00:05:00+00:00", "title": "Nocny dokument: Jurassic Punk"}, {"desc": null, "start_date": "2026-08-29T01:25:00+00:00", "title": "Noc kr\u00f3tkich film\u00f3w: Pani Twardowska"}, {"desc": null, "start_date": "2026-08-29T01:40:00+00:00", "title": "Tamte lata, tamte dni: Artur Andrus"}, {"desc": null, "start_date": "2026-08-29T02:05:00+00:00", "title": "Ukrai\u0144ska czytanka: Jurij Andruchowycz"}, {"desc": null, "start_date": "2026-08-29T02:15:00+00:00", "title": "Kt\u00f3r\u0119dy po sztuk\u0119: Andrzej Wr\u00f3blewski"}, {"desc": null, "start_date": "2026-08-29T02:20:00+00:00", "title": "Podr\u00f3\u017ce z histori\u0105: \u017bu\u0142awska depresja (40)"}, {"desc": null, "start_date": "2026-08-29T02:50:00+00:00", "title": "Andrzej Wajda \u2013 Notatki: Micha\u0142 Kwieci\u0144ski"}, {"desc": null, "start_date": "2026-08-29T03:00:00+00:00", "title": "Diament Rad\u017cy"}, {"desc": null, "start_date": "2026-08-29T03:30:00+00:00", "title": "Zako\u0144czenie programu"}, {"desc": null, "start_date": "2026-08-29T03:55:00+00:00", "title": "Informacje kulturalne"}, {"desc": null, "start_date": "2026-08-29T04:10:00+00:00", "title": "Actus Humanus Nativitas \u2013 Farinelli"}, {"desc": null, "start_date": "2026-08-29T05:05:00+00:00", "title": "Teraz animacje!: Sztandar"}, {"desc": null, "start_date": "2026-08-29T05:10:00+00:00", "title": "Tamte lata, tamte dni: Jan Kanty Pawlu\u015bkiewicz"}, {"desc": null, "start_date": "2026-08-29T05:40:00+00:00", "title": "Andrzej Wajda \u2013 Notatki: Agnieszka Holland"}, {"desc": null, "start_date": "2026-08-29T05:55:00+00:00", "title": "Od ucha do ucha: Deszczowy ch\u0142opiec"}, {"desc": null, "start_date": "2026-08-29T06:00:00+00:00", "title": "Od ucha do ucha: U\u015bmiech"}, {"desc": null, "start_date": "2026-08-29T06:05:00+00:00", "title": "Od ucha do ucha: Fair play"}, {"desc": null, "start_date": "2026-08-29T06:10:00+00:00", "title": "Hiszpa\u0144ska czytanka: Alfonso Zapico"}, {"desc": null, "start_date": "2026-08-29T06:25:00+00:00", "title": "Szukaj\u0105c cud\u00f3w"}, {"desc": null, "start_date": "2026-08-29T07:50:00+00:00", "title": "Dobre strony: Margaret, Tomasz Kot (1)"}, {"desc": null, "start_date": "2026-08-29T08:00:00+00:00", "title": "Angielskie \u015bniadanie: Kosmos 1999: Metamporfoza (25)"}, {"desc": null, "start_date": "2026-08-29T08:50:00+00:00", "title": "Kt\u00f3r\u0119dy po sztuk\u0119: Gerrit van Honthorst \u2013 S\u0105d Midasa"}, {"desc": null, "start_date": "2026-08-29T08:55:00+00:00", "title": "Ukrai\u0144ska czytanka: \u0141arysa Denysenko"}, {"desc": null, "start_date": "2026-08-29T09:05:00+00:00", "title": "Dokument w podr\u00f3\u017cy: Cannes od kulis"}, {"desc": null, "start_date": "2026-08-29T10:30:00+00:00", "title": "Portrety: Irena Poniatowska"}, {"desc": null, "start_date": "2026-08-29T10:35:00+00:00", "title": "WTEM: Joanna \u017babnicka \u00abKred\u0105\u00bb"}, {"desc": null, "start_date": "2026-08-29T10:40:00+00:00", "title": "WTEM: Jacek Dehnel \u00abPoci\u0105g Pistoia \u2013 Poretta\u00bb"}, {"desc": null, "start_date": "2026-08-29T10:45:00+00:00", "title": "Lunana. Szko\u0142a na ko\u0144cu \u015bwiata"}, {"desc": null, "start_date": "2026-08-29T12:30:00+00:00", "title": "Teraz animacje!: Kapitan Kloss"}, {"desc": null, "start_date": "2026-08-29T12:35:00+00:00", "title": "Turecka czytanka: Hatice Meryem"}, {"desc": null, "start_date": "2026-08-29T12:45:00+00:00", "title": "Serialowa nostalgia: Alternatywy 4: Przeprowadzka (2/9)"}, {"desc": null, "start_date": "2026-08-29T13:35:00+00:00", "title": "Ta\u015bmy kultury: Aktywno\u015b\u0107 psychiczna"}, {"desc": null, "start_date": "2026-08-29T13:50:00+00:00", "title": "\u015awiat Leszka P\u0142a\u017cewskiego"}, {"desc": null, "start_date": "2026-08-29T14:05:00+00:00", "title": "WTEM: Tomasz B\u0105k 'Bailout', cz\u0119\u015b\u0107 1"}, {"desc": null, "start_date": "2026-08-29T14:08:00+00:00", "title": "WTEM: Tomasz B\u0105k 'Bailout', cz\u0119\u015b\u0107 2"}, {"desc": null, "start_date": "2026-08-29T14:10:00+00:00", "title": "Miniatury filmowe do muzyki klasycznej: Arabeska G-dur"}, {"desc": null, "start_date": "2026-08-29T14:15:00+00:00", "title": "Retro kino: Boccaccio '70 (1/2)"}, {"desc": null, "start_date": "2026-08-29T15:50:00+00:00", "title": "Miniatury filmowe do muzyki klasycznej: Fryderyk Chopin \u2013 Walc h-moll op. 69 nr 2"}, {"desc": null, "start_date": "2026-08-29T15:55:00+00:00", "title": "Miniatury filmowe do muzyki klasycznej: Fryderyk Chopin \u2013 Preludium Des \u2013 dur op. 28"}, {"desc": null, "start_date": "2026-08-29T16:00:00+00:00", "title": "Miniatury filmowe do muzyki klasycznej: Fryderyk Chopin \u2013 Mazurek e-moll op. 17 nr 2"}, {"desc": null, "start_date": "2026-08-29T16:05:00+00:00", "title": "Retro kino: Boccaccio '70 (2-ost.)"}, {"desc": null, "start_date": "2026-08-29T17:45:00+00:00", "title": "Rzecz Polska: Wieszak Seven Tomka Rygalika"}, {"desc": null, "start_date": "2026-08-29T17:55:00+00:00", "title": "Miniatury filmowe do muzyki klasycznej: Prz\u0105\u015bniczka"}, {"desc": null, "start_date": "2026-08-29T18:00:00+00:00", "title": "Bilet do kina: Kuchenna rewolucja"}, {"desc": null, "start_date": "2026-08-29T19:35:00+00:00", "title": "Ta\u015bmy kultury: Plan lekcji"}, {"desc": null, "start_date": "2026-08-29T19:45:00+00:00", "title": "WTEM: Julia Fiedorczuk \u00abJeden je\u017c\u00bb"}, {"desc": null, "start_date": "2026-08-29T19:50:00+00:00", "title": "Muzyka na dobry wiecz\u00f3r: Organek pod pr\u0105d na dobry wiecz\u00f3r"}, {"desc": null, "start_date": "2026-08-29T20:40:00+00:00", "title": "WTEM: Szczepan Kopyt \u00abKlastry\u00bb"}, {"desc": null, "start_date": "2026-08-29T20:45:00+00:00", "title": "Teraz animacje!: Kto\u015b i co\u015b: Owca"}, {"desc": null, "start_date": "2026-08-29T20:55:00+00:00", "title": "Kino nocne: Farinelli, ostatni kastrat"}, {"desc": null, "start_date": "2026-08-29T22:40:00+00:00", "title": "Miniatury filmowe do muzyki klasycznej: Tommaso Albinoni \u2013 Adagio Cantabile"}, {"desc": null, "start_date": "2026-08-29T22:45:00+00:00", "title": "Rzecz Polska: \u017belazko turystyczne"}, {"desc": null, "start_date": "2026-08-29T22:55:00+00:00", "title": "\u015awiat Leszka P\u0142a\u017cewskiego"}, {"desc": null, "start_date": "2026-08-29T23:10:00+00:00", "title": "WTEM: Justyna Bargielska \u00abPa\u017adziernik\u00bb"}, {"desc": null, "start_date": "2026-08-29T23:15:00+00:00", "title": "WTEM: Szczepan Kopyt \u00abG\u0142o\u015bna woda\u00bb"}, {"desc": null, "start_date": "2026-08-29T23:20:00+00:00", "title": "Kt\u00f3r\u0119dy po sztuk\u0119: Vredeman de Vries"}, {"desc": null, "start_date": "2026-08-29T23:25:00+00:00", "title": "Liam Gallagher \u2013 48 godzin w Rockfield"}, {"desc": null, "start_date": "2026-08-30T00:15:00+00:00", "title": "Rzecz Polska: Figurka z \u0106mielowa"}, {"desc": null, "start_date": "2026-08-30T00:25:00+00:00", "title": "WTEM: Jacek Dehnel \u00abPoci\u0105g Pistoia \u2013 Poretta\u00bb"}, {"desc": null, "start_date": "2026-08-30T00:30:00+00:00", "title": "Tamte lata, tamte dni: Jan Kanty Pawlu\u015bkiewicz"}, {"desc": null, "start_date": "2026-08-30T00:55:00+00:00", "title": "Sonata"}, {"desc": null, "start_date": "2026-08-30T02:50:00+00:00", "title": "Podr\u00f3\u017ce z histori\u0105: Jedyne takie miasto (27)"}, {"desc": null, "start_date": "2026-08-30T03:20:00+00:00", "title": "Zako\u0144czenie programu"}, {"desc": null, "start_date": "2026-08-30T04:00:00+00:00", "title": "Gwiazdozbi\u00f3r TVP Rozrywka: Sopot 2003: Skaldowie i go\u015bcie"}, {"desc": null, "start_date": "2026-08-30T04:05:00+00:00", "title": "Gwiazdozbi\u00f3r TVP Rozrywka: Sopot 2003: Skaldowie i go\u015bcie"}, {"desc": null, "start_date": "2026-08-30T04:45:00+00:00", "title": "Kt\u00f3r\u0119dy po sztuk\u0119: Jan Steen"}, {"desc": null, "start_date": "2026-08-30T04:50:00+00:00", "title": "Kt\u00f3r\u0119dy po sztuk\u0119: Jan Steen"}, {"desc": null, "start_date": "2026-08-30T05:00:00+00:00", "title": "Rozmowy (nie)wygodne: Maja Ostaszewska"}, {"desc": null, "start_date": "2026-08-30T05:45:00+00:00", "title": "Dobre strony: Bovska i Micha\u0142 Sikorski (7)"}, {"desc": null, "start_date": "2026-08-30T06:00:00+00:00", "title": "Od ucha do ucha: Jak to dzia\u0142a?: Zwierz\u0119ta pracuj\u0105ce (112)"}, {"desc": null, "start_date": "2026-08-30T06:20:00+00:00", "title": "Od ucha do ucha: Mi\u0119dzy nami bocianami: Zapominalscy (12)"}, {"desc": null, "start_date": "2026-08-30T06:45:00+00:00", "title": "Od ucha do ucha: Reksio: Reksio w\u0119drowiec (10)"}, {"desc": null, "start_date": "2026-08-30T06:55:00+00:00", "title": "Od ucha do ucha: Bajnutki \u2013 bajki piaskiem i d\u017awi\u0119kiem pisane: Przetwory (9)"}, {"desc": null, "start_date": "2026-08-30T07:00:00+00:00", "title": "Od ucha do ucha: Sztandar"}, {"desc": null, "start_date": "2026-08-30T07:10:00+00:00", "title": "Przysta\u0144 nad Bibli\u0105: Salomon"}, {"desc": null, "start_date": "2026-08-30T07:20:00+00:00", "title": "Znaki rozpoznawcze. Karol \u015aliwka"}, {"desc": null, "start_date": "2026-08-30T07:45:00+00:00", "title": "Andrzej Wajda \u2013 Notatki: Micha\u0142 Kwieci\u0144ski"}, {"desc": null, "start_date": "2026-08-30T07:55:00+00:00", "title": "Dokument w podr\u00f3\u017cy: Cannes od kulis"}, {"desc": null, "start_date": "2026-08-30T08:00:00+00:00", "title": "Dokument w podr\u00f3\u017cy: Cannes od kulis"}, {"desc": null, "start_date": "2026-08-30T09:20:00+00:00", "title": "Wniebowzi\u0119ci"}, {"desc": null, "start_date": "2026-08-30T10:05:00+00:00", "title": "Angielskie \u015bniadanie: Kosmos 1999: Wygna\u0144cy (26)"}, {"desc": null, "start_date": "2026-08-30T10:55:00+00:00", "title": "Kt\u00f3r\u0119dy po sztuk\u0119: Za\u015bni\u0119cie Maryi"}, {"desc": null, "start_date": "2026-08-30T11:05:00+00:00", "title": "Opole \u2013 koncertowe wspomnienia (7)"}, {"desc": null, "start_date": "2026-08-30T11:10:00+00:00", "title": "Opole \u2013 koncertowe wspomnienia (12)"}, {"desc": null, "start_date": "2026-08-30T11:15:00+00:00", "title": "Opole \u2013 koncertowe wspomnienia (12)"}, {"desc": null, "start_date": "2026-08-30T11:25:00+00:00", "title": "15. Krajowy Festiwal Piosenki Polskiej Opole '77. Alibabki w Opolu"}, {"desc": null, "start_date": "2026-08-30T12:15:00+00:00", "title": "Rzecz Polska: Meble dla Ignacego Mo\u015bcickiego"}, {"desc": null, "start_date": "2026-08-30T12:25:00+00:00", "title": "Podr\u00f3\u017c Fanny"}, {"desc": null, "start_date": "2026-08-30T13:55:00+00:00", "title": "Klasyczne poranki: Aimi Kobayashi: Fryderyk Chopin \u2013 Preludia op. 28 (nr 4 e-moll, nr 16, nr 17 As-d"}, {"desc": null, "start_date": "2026-08-30T14:10:00+00:00", "title": "Serialowa nostalgia: Alternatywy 4: Pierwsza noc (3/9)"}, {"desc": null, "start_date": "2026-08-30T15:05:00+00:00", "title": "\u015awi\u0119tokrzyskie krajobrazy: Od buczyny do torfowisk \u2013 Cisowsko-Or\u0142owi\u0144ski Park Krajobrazowy"}, {"desc": null, "start_date": "2026-08-30T15:15:00+00:00", "title": "Niedziela z\u2026: piosenkami Mieczys\u0142awa Fogga"}, {"desc": null, "start_date": "2026-08-30T15:30:00+00:00", "title": "Niedziela z\u2026: piosenkami Mieczys\u0142awa Fogga"}, {"desc": null, "start_date": "2026-08-30T16:10:00+00:00", "title": "Niedziela z\u2026 piosenkami Mieczys\u0142awa Fogga: Z\u0142ota P\u0142yta dla Mieczys\u0142awa Fogga"}, {"desc": null, "start_date": "2026-08-30T16:35:00+00:00", "title": "Niedziela z\u2026 piosenkami Mieczys\u0142awa Fogga: 17. Krajowy Festiwal Piosenki Polskiej Opole '79. Koncert"}, {"desc": null, "start_date": "2026-08-30T16:45:00+00:00", "title": "Niedziela z\u2026 piosenkami Mieczys\u0142awa Fogga: 17. Krajowy Festiwal Piosenki Polskiej Opole '79. Koncert"}, {"desc": null, "start_date": "2026-08-30T17:50:00+00:00", "title": "Ukrai\u0144ska czytanka: Petro Midianka"}, {"desc": null, "start_date": "2026-08-30T18:00:00+00:00", "title": "Miasto 44"}, {"desc": null, "start_date": "2026-08-30T20:00:00+00:00", "title": "Teraz animacje!: Katar"}, {"desc": null, "start_date": "2026-08-30T20:05:00+00:00", "title": "Teraz animacje!: Legenda i nauka: Opowie\u015b\u0107 o Bogini Amaterasu. Mit japo\u0144ski"}, {"desc": null, "start_date": "2026-08-30T20:15:00+00:00", "title": "Kulturalni"}, {"desc": null, "start_date": "2026-08-30T20:55:00+00:00", "title": "Noc kr\u00f3tkich film\u00f3w: Aaaah!"}, {"desc": null, "start_date": "2026-08-30T21:00:00+00:00", "title": "Noc kr\u00f3tkich film\u00f3w: Rondo"}, {"desc": null, "start_date": "2026-08-30T21:10:00+00:00", "title": "Wi\u0119cej ni\u017c fikcja: Marlon Brando \u2013 tahita\u0144ska u\u0142uda"}, {"desc": null, "start_date": "2026-08-30T22:10:00+00:00", "title": "Noc kr\u00f3tkich film\u00f3w: Tego si\u0119 nie robi kotu"}, {"desc": null, "start_date": "2026-08-30T22:15:00+00:00", "title": "Noc kr\u00f3tkich film\u00f3w: Tego si\u0119 nie robi kotu"}, {"desc": null, "start_date": "2026-08-30T22:25:00+00:00", "title": "Noc kr\u00f3tkich film\u00f3w: Funeralia"}, {"desc": null, "start_date": "2026-08-30T22:40:00+00:00", "title": "Noc kr\u00f3tkich film\u00f3w: I co\u015b jeszcze"}, {"desc": null, "start_date": "2026-08-30T22:45:00+00:00", "title": "Muzyka w sieci (20)"}, {"desc": null, "start_date": "2026-08-30T23:00:00+00:00", "title": "Kino nocne: Lunana. Szko\u0142a na ko\u0144cu \u015bwiata"}], "offset": "+00:00", "timezone": "UTC", "error_code": -1, "start_date": "2026-08-29", "icon": "https://epg.pw/media/images/epg/2024/06/08/20240608022747728788_58.png"}