{"end_date": "2026-09-02", "name": "TVP Kultura 2", "info_url": "https://epg.pw/channels/6143/20260901.html", "country": "Russian Federation", "description": null, "error_message": "", "provider": "", "source_url": "https://epg.pw/api/epg.json?channel_id=6143&date=20260901&timezone=None", "epg_list": [{"desc": null, "start_date": "2026-09-01T01:30:00+00:00", "title": "Teraz animacje!: Kto\u015b i co\u015b: Pranie"}, {"desc": null, "start_date": "2026-09-01T01:35:00+00:00", "title": "Podr\u00f3\u017ce z histori\u0105: Kaszubskie \u017cycie (43)"}, {"desc": null, "start_date": "2026-09-01T02:05:00+00:00", "title": "Teraz animacje!: Klient nasz pan"}, {"desc": null, "start_date": "2026-09-01T02:15:00+00:00", "title": "Wahade\u0142ko"}, {"desc": null, "start_date": "2026-09-01T03:13:00+00:00", "title": "Zako\u0144czenie programu"}, {"desc": null, "start_date": "2026-09-01T04:05:00+00:00", "title": "Hania Rani: 3 Koncerty"}, {"desc": null, "start_date": "2026-09-01T04:30:00+00:00", "title": "Rozrywka retro: Na festiwalowej scenie: Anna German"}, {"desc": null, "start_date": "2026-09-01T04:45:00+00:00", "title": "Tamte lata, tamte dni: Krystyna Zachwatowicz"}, {"desc": null, "start_date": "2026-09-01T05:15:00+00:00", "title": "Kt\u00f3r\u0119dy po sztuk\u0119: Andre Masson"}, {"desc": null, "start_date": "2026-09-01T05:20:00+00:00", "title": "Teraz animacje!: Luz i d\u017awi\u0119ki: I Symfonia \u2013 Orkiestra"}, {"desc": null, "start_date": "2026-09-01T05:30:00+00:00", "title": "Ciuciubabka"}, {"desc": null, "start_date": "2026-09-01T06:20:00+00:00", "title": "Teraz animacje!: Porcelana w sk\u0142adzie s\u0142onia"}, {"desc": null, "start_date": "2026-09-01T07:05:00+00:00", "title": "Polskie drogi: Na tropie (4/11)"}, {"desc": null, "start_date": "2026-09-01T08:20:00+00:00", "title": "Rzeki Literatury"}, {"desc": null, "start_date": "2026-09-01T08:40:00+00:00", "title": "Ada! To nie wypada!"}, {"desc": null, "start_date": "2026-09-01T10:05:00+00:00", "title": "\u015awi\u0119tokrzyskie krajobrazy: Z biegiem Nidy \u2013 Nadnidzia\u0144ski Park Krajobrazowy"}, {"desc": null, "start_date": "2026-09-01T10:25:00+00:00", "title": "Luftwaffe '39: Zbrodnia nieukarana"}, {"desc": null, "start_date": "2026-09-01T11:10:00+00:00", "title": "WTEM: Jacek Dehnel \u00abPoci\u0105g Pistoia \u2013 Poretta\u00bb"}, {"desc": null, "start_date": "2026-09-01T11:15:00+00:00", "title": "Co m\u00f3wi\u0105 lekarze"}, {"desc": null, "start_date": "2026-09-01T11:40:00+00:00", "title": "\u00abSwinging with Sinatra\u00bb \u2013 Jarek Wist & Krzysztof Herdzin Big Band (1)"}, {"desc": null, "start_date": "2026-09-01T11:55:00+00:00", "title": "Angielskie \u015bniadanie: Kosmos 1999: Wygna\u0144cy (26)"}, {"desc": null, "start_date": "2026-09-01T12:45:00+00:00", "title": "Teraz animacje!: Na imi\u0119 mi Edgar i mam krow\u0119"}, {"desc": null, "start_date": "2026-09-01T12:55:00+00:00", "title": "Teraz animacje!: Kto\u015b i co\u015b: Krowa"}, {"desc": null, "start_date": "2026-09-01T13:00:00+00:00", "title": "Syzyfowe prace"}, {"desc": null, "start_date": "2026-09-01T14:40:00+00:00", "title": "Muzyka w sieci (16)"}, {"desc": null, "start_date": "2026-09-01T14:55:00+00:00", "title": "Polskie drogi: Lekcja geografii (5/11)"}, {"desc": null, "start_date": "2026-09-01T16:10:00+00:00", "title": "Teraz animacje!: Czarny B\u0142ysk: D\u017cungla"}, {"desc": null, "start_date": "2026-09-01T16:20:00+00:00", "title": "Kwiaty i jaszczury. Historia majoliki nieborowskiej"}, {"desc": null, "start_date": "2026-09-01T16:40:00+00:00", "title": "Teraz animacje!: Deszczowy ch\u0142opiec"}, {"desc": null, "start_date": "2026-09-01T16:45:00+00:00", "title": "Teraz animacje!: Kowalski przy tablicy \u2013 Pusty basen"}, {"desc": null, "start_date": "2026-09-01T16:55:00+00:00", "title": "Rawhide 3: Incydent w Kanionie Rojo (55)"}, {"desc": null, "start_date": "2026-09-01T17:45:00+00:00", "title": "Teraz animacje!: W samolocie"}, {"desc": null, "start_date": "2026-09-01T17:55:00+00:00", "title": "Teraz animacje!: Nie pcha\u0107 si\u0119 prosz\u0119"}, {"desc": null, "start_date": "2026-09-01T18:00:00+00:00", "title": "Par\u0119 os\u00f3b, ma\u0142y czas"}, {"desc": null, "start_date": "2026-09-01T19:45:00+00:00", "title": "Muzyczne NAJ: Hanna Banaszak"}, {"desc": null, "start_date": "2026-09-01T20:25:00+00:00", "title": "Kino bez granic: Nakarmi\u0107 kruki"}, {"desc": null, "start_date": "2026-09-01T22:10:00+00:00", "title": "Rzeki Literatury"}, {"desc": null, "start_date": "2026-09-01T22:30:00+00:00", "title": "Nocny dokument: Modigliani, portrecista niekonwencjonalny"}, {"desc": null, "start_date": "2026-09-02T00:05:00+00:00", "title": "Teraz animacje!: Na imi\u0119 mi Edgar i mam krow\u0119"}, {"desc": null, "start_date": "2026-09-02T00:10:00+00:00", "title": "Kino nocne: Pan Hire"}, {"desc": null, "start_date": "2026-09-02T01:30:00+00:00", "title": "Noc kr\u00f3tkich film\u00f3w: Przypadek Jana Pampucha"}, {"desc": null, "start_date": "2026-09-02T01:45:00+00:00", "title": "Kulturalni"}, {"desc": null, "start_date": "2026-09-02T02:30:00+00:00", "title": "Noc kr\u00f3tkich film\u00f3w: 7 s\u0142\u00f3w o przemijaniu"}, {"desc": null, "start_date": "2026-09-02T02:40:00+00:00", "title": "Podr\u00f3\u017ce z histori\u0105: Czarne z\u0142oto (44)"}, {"desc": null, "start_date": "2026-09-02T03:05:00+00:00", "title": "Zako\u0144czenie programu"}, {"desc": null, "start_date": "2026-09-02T04:00:00+00:00", "title": "Wydarzenie aktualne"}, {"desc": null, "start_date": "2026-09-02T04:25:00+00:00", "title": "Rozrywka retro: Na festiwalowej scenie: Anna Jantar"}, {"desc": null, "start_date": "2026-09-02T04:40:00+00:00", "title": "Tamte lata, tamte dni: Ma\u0142gorzata Hajewska"}, {"desc": null, "start_date": "2026-09-02T05:25:00+00:00", "title": "Rawhide 3: Incydent w Kanionie Rojo (55)"}, {"desc": null, "start_date": "2026-09-02T06:15:00+00:00", "title": "Teraz animacje!: Czarny B\u0142ysk: D\u017cungla"}, {"desc": null, "start_date": "2026-09-02T06:25:00+00:00", "title": "Tchnienie na-tchnienie: Karolina Ha\u0142atek"}, {"desc": null, "start_date": "2026-09-02T06:50:00+00:00", "title": "Dobre strony: Tomasz Organek i Andrzej Seweryn (5)"}, {"desc": null, "start_date": "2026-09-02T07:00:00+00:00", "title": "Polskie drogi: Lekcja geografii (5/11)"}, {"desc": null, "start_date": "2026-09-02T08:15:00+00:00", "title": "Andrzej Wajda \u2013 Notatki: Wojciech Marczewski"}, {"desc": null, "start_date": "2026-09-02T08:30:00+00:00", "title": "Syzyfowe prace"}, {"desc": null, "start_date": "2026-09-02T10:05:00+00:00", "title": "Teraz animacje!: Pani Twardowska"}, {"desc": null, "start_date": "2026-09-02T10:20:00+00:00", "title": "Gauguin na Tahiti. Raj utracony"}, {"desc": null, "start_date": "2026-09-02T11:45:00+00:00", "title": "Co m\u00f3wi\u0105 lekarze"}, {"desc": null, "start_date": "2026-09-02T12:15:00+00:00", "title": "Serialowa nostalgia: Alternatywy 4: Przeprowadzka (2/9)"}, {"desc": null, "start_date": "2026-09-02T13:05:00+00:00", "title": "Pary\u017c. \u015aladami Chopina (8)"}, {"desc": null, "start_date": "2026-09-02T13:25:00+00:00", "title": "Romans prowincjonalny"}, {"desc": null, "start_date": "2026-09-02T14:25:00+00:00", "title": "Klasyczne poranki: Aimi Kobayashi: Fryderyk Chopin \u2013 Preludia op. 28 (nr 4 e-moll, nr 16, nr 17 As-d"}, {"desc": null, "start_date": "2026-09-02T14:40:00+00:00", "title": "Polskie drogi: Rocznica (6/11)"}, {"desc": null, "start_date": "2026-09-02T16:05:00+00:00", "title": "\u015awi\u0119tokrzyskie krajobrazy: Z biegiem Nidy \u2013 Nadnidzia\u0144ski Park Krajobrazowy"}, {"desc": null, "start_date": "2026-09-02T16:25:00+00:00", "title": "Muzeum Polskiej Piosenki: \u00abWalc Embarras\u00bb \u2013 Irena Santor (125)"}, {"desc": null, "start_date": "2026-09-02T16:35:00+00:00", "title": "Informacje kulturalne"}, {"desc": null, "start_date": "2026-09-02T16:55:00+00:00", "title": "Rawhide 3: Incydent z pogod\u0105 (56)"}, {"desc": null, "start_date": "2026-09-02T17:45:00+00:00", "title": "Teraz animacje!: Tygrys bez pask\u00f3w"}, {"desc": null, "start_date": "2026-09-02T18:00:00+00:00", "title": "Kroniki Sherlocka Holmesa: Zagadka mostu Thor (2)"}, {"desc": null, "start_date": "2026-09-02T18:45:00+00:00", "title": "Klasyczne poranki: Alexander Gadjiev: Fryderyk Chopin \u2013 Polonez fis-moll op. 44"}, {"desc": null, "start_date": "2026-09-02T19:00:00+00:00", "title": "Panorama kina polskiego: Strz\u0119py"}, {"desc": null, "start_date": "2026-09-02T20:40:00+00:00", "title": "Teraz animacje!: Mama p\u0142acze deszczem"}, {"desc": null, "start_date": "2026-09-02T21:05:00+00:00", "title": "Noc kr\u00f3tkich film\u00f3w: Prymitywne czasy"}, {"desc": null, "start_date": "2026-09-02T21:10:00+00:00", "title": "Informacje kulturalne"}, {"desc": null, "start_date": "2026-09-02T21:25:00+00:00", "title": "Noc kr\u00f3tkich film\u00f3w: Siostra"}, {"desc": null, "start_date": "2026-09-02T21:40:00+00:00", "title": "Kino bez granic: Nakarmi\u0107 kruki"}, {"desc": null, "start_date": "2026-09-02T23:25:00+00:00", "title": "Wydarzenie aktualne"}, {"desc": null, "start_date": "2026-09-02T23:45:00+00:00", "title": "Polonium \u2013 Motion Trio z go\u015bcinnym udzia\u0142em Leszka Mo\u017cd\u017cera"}], "offset": "+00:00", "timezone": "UTC", "error_code": -1, "start_date": "2026-09-01", "icon": "https://epg.pw/media/images/epg/2024/06/08/20240608022747728788_58.png"}