{"end_date": "2026-05-03", "name": "Polsat News 2", "info_url": "https://epg.pw/channels/6333/20260502.html", "country": "Russian Federation", "description": null, "error_message": "", "provider": "", "source_url": "https://epg.pw/api/epg.json?channel_id=6333&date=20260502&timezone=None", "epg_list": [{"desc": null, "start_date": "2026-05-02T00:20:00+00:00", "title": "Z klimatem i z pasj\u0105"}, {"desc": null, "start_date": "2026-05-02T00:40:00+00:00", "title": "#Jeste\u015bmy dla dzieci"}, {"desc": null, "start_date": "2026-05-02T01:00:00+00:00", "title": "Wydarzenia"}, {"desc": null, "start_date": "2026-05-02T01:40:00+00:00", "title": "Z klimatem i z pasj\u0105"}, {"desc": null, "start_date": "2026-05-02T02:00:00+00:00", "title": "Z klimatem i z pasj\u0105"}, {"desc": null, "start_date": "2026-05-02T04:00:00+00:00", "title": "#Jeste\u015bmy dla dzieci"}, {"desc": null, "start_date": "2026-05-02T04:35:00+00:00", "title": "Wydarzenia"}, {"desc": null, "start_date": "2026-05-02T05:15:00+00:00", "title": "Czysta Polska"}, {"desc": null, "start_date": "2026-05-02T06:00:00+00:00", "title": "Interwencja"}, {"desc": null, "start_date": "2026-05-02T06:15:00+00:00", "title": "Z klimatem i z pasj\u0105"}, {"desc": null, "start_date": "2026-05-02T06:45:00+00:00", "title": "Interwencja \u2013 taka jest Polska"}, {"desc": null, "start_date": "2026-05-02T07:35:00+00:00", "title": "Wydarzenia"}, {"desc": null, "start_date": "2026-05-02T08:15:00+00:00", "title": "Pa\u0144stwo w pa\u0144stwie"}, {"desc": null, "start_date": "2026-05-02T09:45:00+00:00", "title": "Dzie\u0144 na \u015bwiecie"}, {"desc": null, "start_date": "2026-05-02T10:45:00+00:00", "title": "Czysta Polska"}, {"desc": null, "start_date": "2026-05-02T11:25:00+00:00", "title": "#Jeste\u015bmy dla dzieci"}, {"desc": null, "start_date": "2026-05-02T12:00:00+00:00", "title": "Pa\u0144stwo w pa\u0144stwie"}, {"desc": null, "start_date": "2026-05-02T13:30:00+00:00", "title": "Interwencja"}, {"desc": null, "start_date": "2026-05-02T13:50:00+00:00", "title": "Z klimatem i z pasj\u0105"}, {"desc": null, "start_date": "2026-05-02T14:25:00+00:00", "title": "Cztery strony medi\u00f3w Kutyny"}, {"desc": null, "start_date": "2026-05-02T15:35:00+00:00", "title": "Wydarzenia"}, {"desc": null, "start_date": "2026-05-02T16:10:00+00:00", "title": "#Jeste\u015bmy dla dzieci"}, {"desc": null, "start_date": "2026-05-02T16:40:00+00:00", "title": "Czysta Polska"}, {"desc": null, "start_date": "2026-05-02T17:20:00+00:00", "title": "Z klimatem i z pasj\u0105"}, {"desc": null, "start_date": "2026-05-02T17:50:00+00:00", "title": "Interwencja \u2013 taka jest Polska"}, {"desc": null, "start_date": "2026-05-02T18:35:00+00:00", "title": "Interwencja"}, {"desc": null, "start_date": "2026-05-02T18:55:00+00:00", "title": "Pa\u0144stwo w pa\u0144stwie"}, {"desc": null, "start_date": "2026-05-02T20:35:00+00:00", "title": "Wydarzenia"}, {"desc": null, "start_date": "2026-05-02T21:00:00+00:00", "title": "Prezydenci i premierzy"}, {"desc": null, "start_date": "2026-05-02T21:30:00+00:00", "title": "Cztery strony medi\u00f3w Kutyny"}, {"desc": null, "start_date": "2026-05-02T23:00:00+00:00", "title": "Dzie\u0144 na \u015bwiecie"}, {"desc": null, "start_date": "2026-05-02T23:40:00+00:00", "title": "#Jeste\u015bmy dla dzieci"}, {"desc": null, "start_date": "2026-05-03T00:00:00+00:00", "title": "Wydarzenia"}, {"desc": null, "start_date": "2026-05-03T00:30:00+00:00", "title": "#Jeste\u015bmy dla dzieci"}, {"desc": null, "start_date": "2026-05-03T00:50:00+00:00", "title": "Z klimatem i z pasj\u0105"}, {"desc": null, "start_date": "2026-05-03T01:10:00+00:00", "title": "Wydarzenia"}, {"desc": null, "start_date": "2026-05-03T01:50:00+00:00", "title": "Z klimatem i z pasj\u0105"}, {"desc": null, "start_date": "2026-05-03T02:10:00+00:00", "title": "Z klimatem i z pasj\u0105"}, {"desc": null, "start_date": "2026-05-03T04:00:00+00:00", "title": "#Jeste\u015bmy dla dzieci"}, {"desc": null, "start_date": "2026-05-03T04:35:00+00:00", "title": "Wydarzenia"}, {"desc": null, "start_date": "2026-05-03T05:15:00+00:00", "title": "Czysta Polska"}, {"desc": null, "start_date": "2026-05-03T06:00:00+00:00", "title": "Interwencja"}, {"desc": null, "start_date": "2026-05-03T06:15:00+00:00", "title": "#Jeste\u015bmy dla dzieci"}, {"desc": null, "start_date": "2026-05-03T06:45:00+00:00", "title": "Interwencja \u2013 taka jest Polska"}, {"desc": null, "start_date": "2026-05-03T07:35:00+00:00", "title": "Wydarzenia"}, {"desc": null, "start_date": "2026-05-03T08:15:00+00:00", "title": "Pa\u0144stwo w pa\u0144stwie"}, {"desc": null, "start_date": "2026-05-03T09:45:00+00:00", "title": "Dzie\u0144 na \u015bwiecie"}, {"desc": null, "start_date": "2026-05-03T10:45:00+00:00", "title": "Czysta Polska"}, {"desc": null, "start_date": "2026-05-03T11:30:00+00:00", "title": "Cztery strony medi\u00f3w Kutyny"}, {"desc": null, "start_date": "2026-05-03T12:45:00+00:00", "title": "Pa\u0144stwo w pa\u0144stwie"}, {"desc": null, "start_date": "2026-05-03T14:10:00+00:00", "title": "#Jeste\u015bmy dla dzieci"}, {"desc": null, "start_date": "2026-05-03T14:40:00+00:00", "title": "Interwencja \u2013 taka jest Polska"}, {"desc": null, "start_date": "2026-05-03T15:35:00+00:00", "title": "Wydarzenia"}, {"desc": null, "start_date": "2026-05-03T16:10:00+00:00", "title": "Z klimatem i z pasj\u0105"}, {"desc": null, "start_date": "2026-05-03T16:40:00+00:00", "title": "\u015aniadanie Rymanowskiego w Polsat News i Interii"}, {"desc": null, "start_date": "2026-05-03T17:55:00+00:00", "title": "Czysta Polska"}, {"desc": null, "start_date": "2026-05-03T18:35:00+00:00", "title": "Interwencja"}, {"desc": null, "start_date": "2026-05-03T18:55:00+00:00", "title": "Pa\u0144stwo w pa\u0144stwie"}, {"desc": null, "start_date": "2026-05-03T20:35:00+00:00", "title": "Wydarzenia"}, {"desc": null, "start_date": "2026-05-03T21:10:00+00:00", "title": "\u015aniadanie Rymanowskiego w Polsat News i Interii"}, {"desc": null, "start_date": "2026-05-03T22:25:00+00:00", "title": "Interwencja"}, {"desc": null, "start_date": "2026-05-03T22:45:00+00:00", "title": "Dzie\u0144 na \u015bwiecie"}, {"desc": null, "start_date": "2026-05-03T23:30:00+00:00", "title": "Z klimatem i z pasj\u0105"}, {"desc": null, "start_date": "2026-05-03T23:50:00+00:00", "title": "Wydarzenia"}], "offset": "+00:00", "timezone": "UTC", "error_code": -1, "start_date": "2026-05-02", "icon": "https://epg.pw/media/images/epg/2024/06/08/20240608023744854594_65.png"}