{"end_date": "2026-05-03", "name": "TVS PL", "info_url": "https://epg.pw/channels/6389/20260422.html", "country": "Russian Federation", "description": null, "error_message": "", "provider": "", "source_url": "https://epg.pw/api/epg.json?channel_id=6389&date=20260422&timezone=None", "epg_list": [{"desc": null, "start_date": "2026-05-02T00:00:00+00:00", "title": "Pasmo ciekawostek"}, {"desc": null, "start_date": "2026-05-02T03:00:00+00:00", "title": "Zako\u0144czenie programu"}, {"desc": null, "start_date": "2026-05-02T04:00:00+00:00", "title": "Telesprzeda\u017c"}, {"desc": null, "start_date": "2026-05-02T05:00:00+00:00", "title": "Pogoda"}, {"desc": null, "start_date": "2026-05-02T05:05:00+00:00", "title": "Klachy i Lachy"}, {"desc": null, "start_date": "2026-05-02T05:40:00+00:00", "title": "Koncert \u017cycze\u0144"}, {"desc": null, "start_date": "2026-05-02T07:25:00+00:00", "title": "Muzyczne dzie\u0144 dobry"}, {"desc": null, "start_date": "2026-05-02T08:05:00+00:00", "title": "Przy muzyce po \u015al\u0105sku"}, {"desc": null, "start_date": "2026-05-02T09:00:00+00:00", "title": "Klachy i Lachy"}, {"desc": null, "start_date": "2026-05-02T09:20:00+00:00", "title": "Muzyczne podr\u00f3\u017ce Karoliny Treli"}, {"desc": null, "start_date": "2026-05-02T10:25:00+00:00", "title": "Przy muzyce po \u015al\u0105sku"}, {"desc": null, "start_date": "2026-05-02T11:35:00+00:00", "title": "Klachy i Lachy"}, {"desc": null, "start_date": "2026-05-02T12:00:00+00:00", "title": "Szlagierowa lista"}, {"desc": null, "start_date": "2026-05-02T14:00:00+00:00", "title": "Koncert \u017cycze\u0144"}, {"desc": null, "start_date": "2026-05-02T15:45:00+00:00", "title": "Przy muzyce po \u015al\u0105sku"}, {"desc": null, "start_date": "2026-05-02T16:25:00+00:00", "title": "\u015al\u0105ska karuzela"}, {"desc": null, "start_date": "2026-05-02T17:55:00+00:00", "title": "Koncert w TVS"}, {"desc": null, "start_date": "2026-05-02T20:00:00+00:00", "title": "Koncert w TVS"}, {"desc": null, "start_date": "2026-05-02T21:45:00+00:00", "title": "Szlagierowa lista"}, {"desc": null, "start_date": "2026-05-02T23:40:00+00:00", "title": "Pasmo ciekawostek"}, {"desc": null, "start_date": "2026-05-03T03:00:00+00:00", "title": "Telesprzeda\u017c"}, {"desc": null, "start_date": "2026-05-03T04:00:00+00:00", "title": "Telesprzeda\u017c"}, {"desc": null, "start_date": "2026-05-03T05:05:00+00:00", "title": "Pogoda"}, {"desc": null, "start_date": "2026-05-03T05:15:00+00:00", "title": "Klachy i Lachy"}, {"desc": null, "start_date": "2026-05-03T06:05:00+00:00", "title": "Przy muzyce po \u015al\u0105sku"}, {"desc": null, "start_date": "2026-05-03T06:30:00+00:00", "title": "Muzyczne dzie\u0144 dobry"}, {"desc": null, "start_date": "2026-05-03T07:35:00+00:00", "title": "Przy muzyce po \u015al\u0105sku"}, {"desc": null, "start_date": "2026-05-03T09:10:00+00:00", "title": "Klachy i Lachy"}, {"desc": null, "start_date": "2026-05-03T09:40:00+00:00", "title": "Muzyczne podr\u00f3\u017ce Karoliny Treli"}, {"desc": null, "start_date": "2026-05-03T10:35:00+00:00", "title": "Film fabularny"}, {"desc": null, "start_date": "2026-05-03T12:30:00+00:00", "title": "\u015al\u0105ska karuzela"}, {"desc": null, "start_date": "2026-05-03T14:00:00+00:00", "title": "Koncert \u017cycze\u0144"}, {"desc": null, "start_date": "2026-05-03T15:50:00+00:00", "title": "Szlagierowa lista"}, {"desc": null, "start_date": "2026-05-03T17:45:00+00:00", "title": "Koncert w TVS"}, {"desc": null, "start_date": "2026-05-03T19:45:00+00:00", "title": "Film fabularny"}, {"desc": null, "start_date": "2026-05-03T21:35:00+00:00", "title": "\u015al\u0105ska karuzela"}, {"desc": null, "start_date": "2026-05-03T23:20:00+00:00", "title": "Program kulinarny"}], "offset": "+00:00", "timezone": "UTC", "error_code": -1, "start_date": "2026-05-02", "icon": "https://epg.pw/media/images/epg/2024/06/08/20240608024056469401_53.png"}