{"end_date": "2026-05-02", "name": "TVS PL", "info_url": "https://epg.pw/channels/6389/20260423.html", "country": "Russian Federation", "description": null, "error_message": "", "provider": "", "source_url": "https://epg.pw/api/epg.json?channel_id=6389&date=20260423&timezone=None", "epg_list": [{"desc": null, "start_date": "2026-05-01T00:35:00+00:00", "title": "Emeryci na tropie"}, {"desc": null, "start_date": "2026-05-01T01:30:00+00:00", "title": "Wydzia\u0142 kryminalny Kitzb\u00fchel | S14"}, {"desc": null, "start_date": "2026-05-01T02:30:00+00:00", "title": "Program kulinarny"}, {"desc": null, "start_date": "2026-05-01T03:30:00+00:00", "title": "Pasmo ciekawostek"}, {"desc": null, "start_date": "2026-05-01T04:00:00+00:00", "title": "Telesprzeda\u017c"}, {"desc": null, "start_date": "2026-05-01T05:05:00+00:00", "title": "Klachy i Lachy"}, {"desc": null, "start_date": "2026-05-01T06:10:00+00:00", "title": "Przy muzyce po \u015al\u0105sku"}, {"desc": null, "start_date": "2026-05-01T09:10:00+00:00", "title": "Klachy i Lachy"}, {"desc": null, "start_date": "2026-05-01T09:35:00+00:00", "title": "Muzyczne podr\u00f3\u017ce"}, {"desc": null, "start_date": "2026-05-01T10:35:00+00:00", "title": "Rosamunde Pilcher: Tajemnica bia\u0142ej go\u0142\u0119bicy"}, {"desc": null, "start_date": "2026-05-01T12:30:00+00:00", "title": "Wielka Gala Hansiego"}, {"desc": null, "start_date": "2026-05-01T14:25:00+00:00", "title": "Koncert w TVS"}, {"desc": null, "start_date": "2026-05-01T16:00:00+00:00", "title": "Koncert \u017cycze\u0144"}, {"desc": null, "start_date": "2026-05-01T17:10:00+00:00", "title": "Koncert w TVS"}, {"desc": null, "start_date": "2026-05-01T19:05:00+00:00", "title": "Koncert w TVS"}, {"desc": null, "start_date": "2026-05-01T20:55:00+00:00", "title": "\u015al\u0105ska karuzela"}, {"desc": null, "start_date": "2026-05-01T22:25:00+00:00", "title": "Program kulinarny"}, {"desc": null, "start_date": "2026-05-02T00:00:00+00:00", "title": "Pasmo ciekawostek"}, {"desc": null, "start_date": "2026-05-02T03:00:00+00:00", "title": "Zako\u0144czenie programu"}, {"desc": null, "start_date": "2026-05-02T04:00:00+00:00", "title": "Telesprzeda\u017c"}, {"desc": null, "start_date": "2026-05-02T05:00:00+00:00", "title": "Pogoda"}, {"desc": null, "start_date": "2026-05-02T05:05:00+00:00", "title": "Klachy i Lachy"}, {"desc": null, "start_date": "2026-05-02T05:40:00+00:00", "title": "Koncert \u017cycze\u0144"}, {"desc": null, "start_date": "2026-05-02T07:25:00+00:00", "title": "Muzyczne dzie\u0144 dobry"}, {"desc": null, "start_date": "2026-05-02T08:05:00+00:00", "title": "Przy muzyce po \u015al\u0105sku"}, {"desc": null, "start_date": "2026-05-02T09:00:00+00:00", "title": "Klachy i Lachy"}, {"desc": null, "start_date": "2026-05-02T09:20:00+00:00", "title": "Muzyczne podr\u00f3\u017ce Karoliny Treli"}, {"desc": null, "start_date": "2026-05-02T10:25:00+00:00", "title": "Przy muzyce po \u015al\u0105sku"}, {"desc": null, "start_date": "2026-05-02T11:35:00+00:00", "title": "Klachy i Lachy"}, {"desc": null, "start_date": "2026-05-02T12:00:00+00:00", "title": "Szlagierowa lista"}, {"desc": null, "start_date": "2026-05-02T14:00:00+00:00", "title": "Koncert \u017cycze\u0144"}, {"desc": null, "start_date": "2026-05-02T15:45:00+00:00", "title": "Przy muzyce po \u015al\u0105sku"}, {"desc": null, "start_date": "2026-05-02T16:25:00+00:00", "title": "\u015al\u0105ska karuzela"}, {"desc": null, "start_date": "2026-05-02T17:55:00+00:00", "title": "Koncert w TVS"}, {"desc": null, "start_date": "2026-05-02T20:00:00+00:00", "title": "Koncert w TVS"}, {"desc": null, "start_date": "2026-05-02T21:45:00+00:00", "title": "Szlagierowa lista"}, {"desc": null, "start_date": "2026-05-02T23:40:00+00:00", "title": "Pasmo ciekawostek"}], "offset": "+00:00", "timezone": "UTC", "error_code": -1, "start_date": "2026-05-01", "icon": "https://epg.pw/media/images/epg/2024/06/08/20240608024056469401_53.png"}