{"end_date": "2026-09-05", "name": "TVP 2", "info_url": "https://epg.pw/channels/6461/20260825.html", "country": "Russian Federation", "description": null, "error_message": "", "provider": "", "source_url": "https://epg.pw/api/epg.json?channel_id=6461&date=20260825&timezone=None", "epg_list": [{"desc": null, "start_date": "2026-09-04T00:40:00+00:00", "title": "Tak to si\u0119 robi w Marsylii | S01E7/8"}, {"desc": null, "start_date": "2026-09-04T00:45:00+00:00", "title": "Tak to si\u0119 robi w Marsylii | S01E7/8"}, {"desc": null, "start_date": "2026-09-04T01:30:00+00:00", "title": "Tak to si\u0119 robi w Marsylii | S01E8-ost"}, {"desc": null, "start_date": "2026-09-04T02:20:00+00:00", "title": "Rodzinka.pl \u2013 Drobny lifting | S11E220"}, {"desc": null, "start_date": "2026-09-04T02:48:00+00:00", "title": "Zako\u0144czenie programu"}, {"desc": null, "start_date": "2026-09-04T03:00:00+00:00", "title": "Rodzinka.pl \u2013 Trzy gracje | S11E221"}, {"desc": null, "start_date": "2026-09-04T03:30:00+00:00", "title": "M jak mi\u0142o\u015b\u0107 | E1831"}, {"desc": null, "start_date": "2026-09-04T04:20:00+00:00", "title": "Anna Dymna \u2013 spotkajmy si\u0119 \u2013 Halina Zielonka"}, {"desc": null, "start_date": "2026-09-04T04:50:00+00:00", "title": "Barwy szcz\u0119\u015bcia | E3390"}, {"desc": null, "start_date": "2026-09-04T05:30:00+00:00", "title": "Pytanie na \u015bniadanie \u2013 pobudka"}, {"desc": null, "start_date": "2026-09-04T05:55:00+00:00", "title": "Pytanie na \u015bniadanie"}, {"desc": null, "start_date": "2026-09-04T09:40:00+00:00", "title": "Operacja zdrowie \u2013 Bielactwo | E21"}, {"desc": null, "start_date": "2026-09-04T09:45:00+00:00", "title": "Operacja zdrowie \u2013 Bielactwo | E21"}, {"desc": null, "start_date": "2026-09-04T10:15:00+00:00", "title": "Nabo\u017ce\u0144stwo metodystyczne. Dni Odnowy Ko\u015bcio\u0142a"}, {"desc": null, "start_date": "2026-09-04T11:15:00+00:00", "title": "Panna m\u0142oda | E188"}, {"desc": null, "start_date": "2026-09-04T12:05:00+00:00", "title": "Va banque | E1057"}, {"desc": null, "start_date": "2026-09-04T12:35:00+00:00", "title": "Na sygnale \u2013 Byli\u015bmy tak blisko | E913"}, {"desc": null, "start_date": "2026-09-04T13:05:00+00:00", "title": "La Promesa \u2013 pa\u0142ac tajemnic | S01E470"}, {"desc": null, "start_date": "2026-09-04T14:00:00+00:00", "title": "Ko\u0142o fortuny | E1948"}, {"desc": null, "start_date": "2026-09-04T14:35:00+00:00", "title": "Familiada | E3035"}, {"desc": null, "start_date": "2026-09-04T15:20:00+00:00", "title": "Panna m\u0142oda | E189"}, {"desc": null, "start_date": "2026-09-04T16:15:00+00:00", "title": "Va banque | E1058"}, {"desc": null, "start_date": "2026-09-04T16:50:00+00:00", "title": "Jeden z dziesi\u0119ciu | E15/153"}, {"desc": null, "start_date": "2026-09-04T17:25:00+00:00", "title": "Barwy szcz\u0119\u015bcia | E3390"}, {"desc": null, "start_date": "2026-09-04T18:05:00+00:00", "title": "Barwy szcz\u0119\u015bcia | E3391"}, {"desc": null, "start_date": "2026-09-04T18:40:00+00:00", "title": "Najwi\u0119ksze hity Letniej trasy Lata z Radiem i Telewizj\u0105 Polsk\u0105 | E01"}, {"desc": null, "start_date": "2026-09-04T19:45:00+00:00", "title": "Najwi\u0119ksze hity Letniej trasy Lata z Radiem i Telewizj\u0105 Polsk\u0105 | E02"}, {"desc": null, "start_date": "2026-09-04T20:50:00+00:00", "title": "Mazurska Noc Kabaretowa 2026. Muszkieterowie kabaretu | E01"}, {"desc": null, "start_date": "2026-09-04T21:50:00+00:00", "title": "Mazurska Noc Kabaretowa 2026. Muszkieterowie kabaretu | E02"}, {"desc": null, "start_date": "2026-09-04T22:50:00+00:00", "title": "Pogoda na jutro"}, {"desc": null, "start_date": "2026-09-05T00:30:00+00:00", "title": "Akacjowa 38 | E442"}, {"desc": null, "start_date": "2026-09-05T00:40:00+00:00", "title": "Akacjowa 38"}, {"desc": null, "start_date": "2026-09-05T01:20:00+00:00", "title": "Akacjowa 38 | E443"}, {"desc": null, "start_date": "2026-09-05T01:45:00+00:00", "title": "Akacjowa 38"}, {"desc": null, "start_date": "2026-09-05T02:00:00+00:00", "title": "Rodzinka.pl \u2013 Ale nam tu dobrze | S11E222"}, {"desc": null, "start_date": "2026-09-05T02:25:00+00:00", "title": "Rodzinka.pl \u2013 W mieszcza\u0144skich okowach | S11E223"}, {"desc": null, "start_date": "2026-09-05T02:40:00+00:00", "title": "Zako\u0144czenie programu"}, {"desc": null, "start_date": "2026-09-05T02:50:00+00:00", "title": "Zako\u0144czenie programu"}, {"desc": null, "start_date": "2026-09-05T03:15:00+00:00", "title": "Barwy szcz\u0119\u015bcia | E3387"}, {"desc": null, "start_date": "2026-09-05T03:45:00+00:00", "title": "Barwy szcz\u0119\u015bcia | E3388"}, {"desc": null, "start_date": "2026-09-05T03:50:00+00:00", "title": "Barwy szcz\u0119\u015bcia | E3388"}, {"desc": null, "start_date": "2026-09-05T04:25:00+00:00", "title": "M jak mi\u0142o\u015b\u0107 | E1935"}, {"desc": null, "start_date": "2026-09-05T04:30:00+00:00", "title": "M jak mi\u0142o\u015b\u0107 | E1935"}, {"desc": null, "start_date": "2026-09-05T05:30:00+00:00", "title": "Pytanie na \u015bniadanie \u2013 pobudka"}, {"desc": null, "start_date": "2026-09-05T05:55:00+00:00", "title": "Pytanie na \u015bniadanie"}, {"desc": null, "start_date": "2026-09-05T09:20:00+00:00", "title": "G\u00f3rna p\u00f3\u0142ka smaku | S04E02"}, {"desc": null, "start_date": "2026-09-05T09:55:00+00:00", "title": "Zmiennicy \u2013 Nasz najdro\u017cszy | E15-ost"}, {"desc": null, "start_date": "2026-09-05T11:05:00+00:00", "title": "Panna m\u0142oda | E189"}, {"desc": null, "start_date": "2026-09-05T12:00:00+00:00", "title": "Familiada | E3133"}, {"desc": null, "start_date": "2026-09-05T12:35:00+00:00", "title": "Ko\u0142o fortuny | E2063"}, {"desc": null, "start_date": "2026-09-05T13:15:00+00:00", "title": "Szansa na sukces. Opole 2026 2 \u2013 Poparzeni Kaw\u0105 Trzy | S02E08"}, {"desc": null, "start_date": "2026-09-05T14:20:00+00:00", "title": "Na dobre i na z\u0142e \u2013 Co masz zrobi\u0107 jutro, zr\u00f3b dzisiaj | E995"}, {"desc": null, "start_date": "2026-09-05T15:20:00+00:00", "title": "Panna m\u0142oda | E190"}, {"desc": null, "start_date": "2026-09-05T16:10:00+00:00", "title": "Omnibus \u2013 szybcy i m\u0105drzy | E38"}, {"desc": null, "start_date": "2026-09-05T16:15:00+00:00", "title": "Omnibus \u2013 szybcy i m\u0105drzy | E38"}, {"desc": null, "start_date": "2026-09-05T17:10:00+00:00", "title": "S\u0142owo na niedziel\u0119"}, {"desc": null, "start_date": "2026-09-05T17:25:00+00:00", "title": "Rodzinka.pl \u2013 Acani | S18E312"}, {"desc": null, "start_date": "2026-09-05T18:00:00+00:00", "title": "Lato z Radiem i Telewizj\u0105 Polsk\u0105 \u2013 Bia\u0142e B\u0142ota, cz\u0119\u015b\u0107 1"}, {"desc": null, "start_date": "2026-09-05T19:05:00+00:00", "title": "Lato z Radiem i Telewizj\u0105 Polsk\u0105 \u2013 Bia\u0142e B\u0142ota, cz\u0119\u015b\u0107 2"}, {"desc": null, "start_date": "2026-09-05T20:15:00+00:00", "title": "Gabi Drzewiecka zaprasza | S01E01"}, {"desc": null, "start_date": "2026-09-05T21:15:00+00:00", "title": "Bezpieczna przysta\u0144"}, {"desc": null, "start_date": "2026-09-05T23:15:00+00:00", "title": "Wszystko, co kocham"}], "offset": "+00:00", "timezone": "UTC", "error_code": -1, "start_date": "2026-09-04", "icon": "https://epg.pw/media/images/epg/2024/06/08/20240608024501699412_76.png"}