{"end_date": "2026-08-29", "name": "TVP 3", "info_url": "https://epg.pw/channels/6462/20260828.html", "country": "Russian Federation", "description": null, "error_message": "", "provider": "", "source_url": "https://epg.pw/api/epg.json?channel_id=6462&date=20260828&timezone=None", "epg_list": [{"desc": null, "start_date": "2026-08-28T18:10:00+00:00", "title": "Pogoda"}, {"desc": null, "start_date": "2026-08-28T18:13:00+00:00", "title": "Go\u015b\u0107 Region\u00f3w"}, {"desc": null, "start_date": "2026-08-28T18:30:00+00:00", "title": "Ktokolwiek widzia\u0142, ktokolwiek wie"}, {"desc": null, "start_date": "2026-08-28T19:00:00+00:00", "title": "Program lokalny"}, {"desc": null, "start_date": "2026-08-28T20:00:00+00:00", "title": "Dziennik region\u00f3w"}, {"desc": null, "start_date": "2026-08-28T20:20:00+00:00", "title": "Pogoda"}, {"desc": null, "start_date": "2026-08-28T20:30:00+00:00", "title": "Z\u0142oty ch\u0142opak | E227"}, {"desc": null, "start_date": "2026-08-28T21:30:00+00:00", "title": "Kryminalna si\u00f3demka"}, {"desc": null, "start_date": "2026-08-28T21:55:00+00:00", "title": "Panorama"}, {"desc": null, "start_date": "2026-08-28T22:25:00+00:00", "title": "Program informacyjny 19.30"}, {"desc": null, "start_date": "2026-08-28T22:40:00+00:00", "title": "Program informacyjny 19.30"}, {"desc": null, "start_date": "2026-08-28T22:45:00+00:00", "title": "Program informacyjny 19.30"}, {"desc": null, "start_date": "2026-08-28T23:15:00+00:00", "title": "Pogoda"}, {"desc": null, "start_date": "2026-08-28T23:20:00+00:00", "title": "Kryminalna si\u00f3demka"}, {"desc": null, "start_date": "2026-08-28T23:40:00+00:00", "title": "Dziedzictwo | E882"}, {"desc": null, "start_date": "2026-08-29T00:30:00+00:00", "title": "Misja interwencja"}, {"desc": null, "start_date": "2026-08-29T01:00:00+00:00", "title": "Ca\u0142kiem niez\u0142a historia \u2013 Pszcz\u00f3\u0142ki moje"}, {"desc": null, "start_date": "2026-08-29T01:20:00+00:00", "title": "Program informacyjny 19.30"}, {"desc": null, "start_date": "2026-08-29T01:45:00+00:00", "title": "Pogoda"}, {"desc": null, "start_date": "2026-08-29T01:50:00+00:00", "title": "Prywatne \u017cycie zwierz\u0105t 3 \u2013 Inteligencja | S03E09"}, {"desc": null, "start_date": "2026-08-29T02:25:00+00:00", "title": "Dziennik region\u00f3w"}, {"desc": null, "start_date": "2026-08-29T02:45:00+00:00", "title": "Pogoda"}, {"desc": null, "start_date": "2026-08-29T02:50:00+00:00", "title": "Go\u015b\u0107 Region\u00f3w"}, {"desc": null, "start_date": "2026-08-29T03:10:00+00:00", "title": "Ktokolwiek widzia\u0142, ktokolwiek wie"}, {"desc": null, "start_date": "2026-08-29T03:45:00+00:00", "title": "Kryminalna si\u00f3demka"}, {"desc": null, "start_date": "2026-08-29T04:00:00+00:00", "title": "Po\u017cyteczni.pl"}, {"desc": null, "start_date": "2026-08-29T04:30:00+00:00", "title": "Okrasa \u0142amie przepisy \u2013 Pesto, salsa czy sa\u0142sza"}, {"desc": null, "start_date": "2026-08-29T05:00:00+00:00", "title": "Serwis Info Poranek"}, {"desc": null, "start_date": "2026-08-29T05:05:00+00:00", "title": "Agrobiznes weekend"}, {"desc": null, "start_date": "2026-08-29T05:30:00+00:00", "title": "Serwis Info Poranek"}, {"desc": null, "start_date": "2026-08-29T05:35:00+00:00", "title": "Agrobiznes weekend"}, {"desc": null, "start_date": "2026-08-29T06:05:00+00:00", "title": "Kryminalna si\u00f3demka"}, {"desc": null, "start_date": "2026-08-29T06:25:00+00:00", "title": "Dobre historie \u2013 Interwencja w kryzysie"}, {"desc": null, "start_date": "2026-08-29T07:00:00+00:00", "title": "Zielnik regionalny"}, {"desc": null, "start_date": "2026-08-29T07:25:00+00:00", "title": "Telekurier"}, {"desc": null, "start_date": "2026-08-29T07:50:00+00:00", "title": "Polskie parki narodowe \u2013 Park Narodowy Uj\u015bcie Warty"}, {"desc": null, "start_date": "2026-08-29T08:25:00+00:00", "title": "Kulinarne w\u0119dr\u00f3wki z Jol\u0105 Kleser | S01E02"}, {"desc": null, "start_date": "2026-08-29T09:00:00+00:00", "title": "Wielka naturalna bariera | E02"}, {"desc": null, "start_date": "2026-08-29T10:05:00+00:00", "title": "Lato na ROD'os"}, {"desc": null, "start_date": "2026-08-29T10:35:00+00:00", "title": "R\u0105czka gotuje \u2013 Pasterska osada"}, {"desc": null, "start_date": "2026-08-29T11:10:00+00:00", "title": "Regiony na TAK"}, {"desc": null, "start_date": "2026-08-29T11:30:00+00:00", "title": "Program lokalny"}, {"desc": null, "start_date": "2026-08-29T13:00:00+00:00", "title": "Koronka do Mi\u0142osierdzia Bo\u017cego"}, {"desc": null, "start_date": "2026-08-29T13:25:00+00:00", "title": "Pi\u0142ka no\u017cna: Betclic 1. Liga: Polonia Warszawa \u2013 Lechia Gda\u0144sk"}, {"desc": null, "start_date": "2026-08-29T15:30:00+00:00", "title": "Program lokalny"}, {"desc": null, "start_date": "2026-08-29T18:00:00+00:00", "title": "Dziennik region\u00f3w"}, {"desc": null, "start_date": "2026-08-29T18:10:00+00:00", "title": "Pogoda"}, {"desc": null, "start_date": "2026-08-29T18:15:00+00:00", "title": "Regiony na TAK"}, {"desc": null, "start_date": "2026-08-29T18:30:00+00:00", "title": "Piosenka od Ciebie"}, {"desc": null, "start_date": "2026-08-29T19:00:00+00:00", "title": "Program lokalny"}, {"desc": null, "start_date": "2026-08-29T20:00:00+00:00", "title": "Dziennik region\u00f3w"}, {"desc": null, "start_date": "2026-08-29T20:20:00+00:00", "title": "Pogoda"}, {"desc": null, "start_date": "2026-08-29T20:30:00+00:00", "title": "Kryminalna si\u00f3demka \u2013 Extra"}, {"desc": null, "start_date": "2026-08-29T21:00:00+00:00", "title": "Piosenka od Ciebie"}, {"desc": null, "start_date": "2026-08-29T21:30:00+00:00", "title": "Regiony na TAK"}, {"desc": null, "start_date": "2026-08-29T21:55:00+00:00", "title": "Panorama"}, {"desc": null, "start_date": "2026-08-29T22:20:00+00:00", "title": "Serwis Info Wiecz\u00f3r"}, {"desc": null, "start_date": "2026-08-29T22:25:00+00:00", "title": "Serwis Info Wiecz\u00f3r"}, {"desc": null, "start_date": "2026-08-29T22:55:00+00:00", "title": "Antenowe remanenty"}, {"desc": null, "start_date": "2026-08-29T23:05:00+00:00", "title": "Teleplotki"}, {"desc": null, "start_date": "2026-08-29T23:15:00+00:00", "title": "Turystyczna jazda \u2013 Austria: Innsbruck | E198"}, {"desc": null, "start_date": "2026-08-29T23:20:00+00:00", "title": "Turystyczna jazda \u2013 Austria: Innsbruck | E198"}, {"desc": null, "start_date": "2026-08-29T23:35:00+00:00", "title": "Sprawa dla reportera"}, {"desc": null, "start_date": "2026-08-29T23:40:00+00:00", "title": "Sprawa dla reportera"}], "offset": "+00:00", "timezone": "UTC", "error_code": -1, "start_date": "2026-08-28", "icon": "https://epg.pw/media/images/epg/2024/06/08/20240608024504734829_89.png"}