{"end_date": "2026-09-02", "name": "Planete+ HD", "info_url": "https://epg.pw/channels/6876/20260831.html", "country": "Russian Federation", "description": null, "error_message": "", "provider": "", "source_url": "https://epg.pw/api/epg.json?channel_id=6876&date=20260831&timezone=None", "epg_list": [{"desc": null, "start_date": "2026-08-31T18:50:00+00:00", "title": "Jak budowano Watykan. Sekrety \u015bwi\u0119tego miasta"}, {"desc": null, "start_date": "2026-08-31T20:00:00+00:00", "title": "Legendarne bitwy 2 | S02E04"}, {"desc": null, "start_date": "2026-08-31T21:00:00+00:00", "title": "Ekskluzywna szko\u0142a dla lokaj\u00f3w | E02"}, {"desc": null, "start_date": "2026-08-31T21:35:00+00:00", "title": "Sekta | E01"}, {"desc": null, "start_date": "2026-08-31T22:20:00+00:00", "title": "Niezwykle podr\u00f3\u017ce kolej\u0105 14 | S14E05"}, {"desc": null, "start_date": "2026-08-31T23:25:00+00:00", "title": "Polska z g\u00f3ry 7 \u2013 Puszcza Drawska | S07E06"}, {"desc": null, "start_date": "2026-09-01T00:00:00+00:00", "title": "Polska dobrze zaprojektowana | E03"}, {"desc": null, "start_date": "2026-09-01T00:30:00+00:00", "title": "Polska dobrze zaprojektowana | E04"}, {"desc": null, "start_date": "2026-09-01T01:00:00+00:00", "title": "Ludzie morza | E01"}, {"desc": null, "start_date": "2026-09-01T02:00:00+00:00", "title": "Polska z g\u00f3ry. Nad wod\u0105 3 \u2013 Jezioro Sulejowskie na Pilicy | S03E03"}, {"desc": null, "start_date": "2026-09-01T02:30:00+00:00", "title": "Polska z g\u00f3ry. Nad wod\u0105 3 \u2013 Radunia i jej elektrownie | S03E04"}, {"desc": null, "start_date": "2026-09-01T03:00:00+00:00", "title": "Potyczki naukowc\u00f3w | E01"}, {"desc": null, "start_date": "2026-09-01T03:30:00+00:00", "title": "Potyczki naukowc\u00f3w | E02"}, {"desc": null, "start_date": "2026-09-01T03:55:00+00:00", "title": "Zako\u0144czenie programu"}, {"desc": null, "start_date": "2026-09-01T04:00:00+00:00", "title": "Zwierz\u0119ta Wajraka \u2013 \u017bubry we mgle | E03"}, {"desc": null, "start_date": "2026-09-01T04:30:00+00:00", "title": "Zwierz\u0119ta Wajraka \u2013 Jesienne trzcinowiska | E04"}, {"desc": null, "start_date": "2026-09-01T05:05:00+00:00", "title": "Naturalnie Polska | S01E03"}, {"desc": null, "start_date": "2026-09-01T05:35:00+00:00", "title": "Naturalnie Polska | S01E04"}, {"desc": null, "start_date": "2026-09-01T06:10:00+00:00", "title": "360\u00b0 \u015awiat bez granic 11 | E11"}, {"desc": null, "start_date": "2026-09-01T07:20:00+00:00", "title": "Polska z g\u00f3ry 5 \u2013 Dolina Dolnej Narwi | S05E02"}, {"desc": null, "start_date": "2026-09-01T07:50:00+00:00", "title": "Polska z g\u00f3ry 5 \u2013 Od ma\u0142ego Krakowa do ma\u0142ego Krakowa | S05E03"}, {"desc": null, "start_date": "2026-09-01T08:20:00+00:00", "title": "Podr\u00f3\u017c do wn\u0119trza chmur | E02"}, {"desc": null, "start_date": "2026-09-01T09:25:00+00:00", "title": "Zaginione \u015bwiaty | E01"}, {"desc": null, "start_date": "2026-09-01T10:35:00+00:00", "title": "360\u00b0 \u015awiat bez granic 11 | E07"}, {"desc": null, "start_date": "2026-09-01T11:45:00+00:00", "title": "Dzikie iberyjskie opowie\u015bci | S01E02"}, {"desc": null, "start_date": "2026-09-01T12:50:00+00:00", "title": "Wiatr. Niewidzialna si\u0142a | E04"}, {"desc": null, "start_date": "2026-09-01T13:50:00+00:00", "title": "Niezwykle podr\u00f3\u017ce kolej\u0105 14 | S14E05"}, {"desc": null, "start_date": "2026-09-01T14:55:00+00:00", "title": "\u015awiat z g\u00f3ry 10 \u2013 W\u0142ochy. Z parku krajobrazowego w Portofino do Turynu | S10E07"}, {"desc": null, "start_date": "2026-09-01T15:25:00+00:00", "title": "\u015awiat z g\u00f3ry 10 \u2013 RPA. Z G\u00f3r Smoczych do Krwawej Rzeki | S10E08"}, {"desc": null, "start_date": "2026-09-01T15:55:00+00:00", "title": "Polska z g\u00f3ry: Blokowiska | E01"}, {"desc": null, "start_date": "2026-09-01T16:20:00+00:00", "title": "Dok\u0105d dzisiaj? 4 | S04E05"}, {"desc": null, "start_date": "2026-09-01T16:40:00+00:00", "title": "Dok\u0105d dzisiaj? 4 | S04E06"}, {"desc": null, "start_date": "2026-09-01T17:00:00+00:00", "title": "Dzieci chaosu"}, {"desc": null, "start_date": "2026-09-01T18:50:00+00:00", "title": "1936-1953. Hiszpa\u0144ska zbrodnia domowa | E02"}, {"desc": null, "start_date": "2026-09-01T20:00:00+00:00", "title": "Kto zap\u0142aci\u0142 za II wojn\u0119 \u015bwiatow\u0105?"}, {"desc": null, "start_date": "2026-09-01T21:10:00+00:00", "title": "Znikni\u0119cie doktora Godarda | E01"}, {"desc": null, "start_date": "2026-09-01T22:25:00+00:00", "title": "Niezwykle podr\u00f3\u017ce kolej\u0105 14 | S14E06"}, {"desc": null, "start_date": "2026-09-01T23:35:00+00:00", "title": "Polska z g\u00f3ry 7 \u2013 Dolina S\u0142upi | S07E07"}, {"desc": null, "start_date": "2026-09-02T00:00:00+00:00", "title": "Polska dobrze zaprojektowana | E05"}], "offset": "+00:00", "timezone": "UTC", "error_code": -1, "start_date": "2026-08-31", "icon": "https://epg.pw/media/images/epg/2024/06/08/20240608030820060981_16.png"}