{"end_date": "2026-08-30", "name": "TVP Kobieta", "info_url": "https://epg.pw/channels/6977/20260829.html", "country": "Russian Federation", "description": null, "error_message": "", "provider": "", "source_url": "https://epg.pw/api/epg.json?channel_id=6977&date=20260829&timezone=None", "epg_list": [{"desc": null, "start_date": "2026-08-29T00:55:00+00:00", "title": "Zako\u0144czenie programu"}, {"desc": null, "start_date": "2026-08-29T01:00:00+00:00", "title": "Zako\u0144czenie programu"}, {"desc": null, "start_date": "2026-08-29T03:05:00+00:00", "title": "Ojciec Mateusz 19 \u2013 Narzeczona | S19E243"}, {"desc": null, "start_date": "2026-08-29T04:05:00+00:00", "title": "Ojciec Mateusz 19 \u2013 Sparring | S19E244"}, {"desc": null, "start_date": "2026-08-29T05:00:00+00:00", "title": "Kulinarne w\u0119dr\u00f3wki z Jol\u0105 Kleser 2 \u2013 Ziemniaki | S02E08"}, {"desc": null, "start_date": "2026-08-29T05:40:00+00:00", "title": "G\u00f3rna p\u00f3\u0142ka smaku | S03E07"}, {"desc": null, "start_date": "2026-08-29T06:20:00+00:00", "title": "Okrasa \u0142amie przepisy \u2013 Ryby w grzybach"}, {"desc": null, "start_date": "2026-08-29T06:55:00+00:00", "title": "\u017bona dla Polaka | S01E04"}, {"desc": null, "start_date": "2026-08-29T07:45:00+00:00", "title": "Kulisy serialu | E1656"}, {"desc": null, "start_date": "2026-08-29T07:55:00+00:00", "title": "M jak mi\u0142o\u015b\u0107 | E1923"}, {"desc": null, "start_date": "2026-08-29T08:55:00+00:00", "title": "Akacjowa 38 | E916"}, {"desc": null, "start_date": "2026-08-29T10:00:00+00:00", "title": "Okrasa \u0142amie przepisy \u2013 Tajemnice domowej kie\u0142basy"}, {"desc": null, "start_date": "2026-08-29T10:30:00+00:00", "title": "Pi\u0119knie przyprawiONA 5 \u2013 Wiosenny piknik w stylu wege | S05E09"}, {"desc": null, "start_date": "2026-08-29T11:00:00+00:00", "title": "Zatoka Neapolita\u0144ska. W cieniu wulkan\u00f3w"}, {"desc": null, "start_date": "2026-08-29T12:00:00+00:00", "title": "Rodzinka.pl \u2013 Kwestia perspektywy | S08E176"}, {"desc": null, "start_date": "2026-08-29T12:30:00+00:00", "title": "Rodzinka.pl \u2013 \u017bycie nie jest nudne | S08E177"}, {"desc": null, "start_date": "2026-08-29T13:00:00+00:00", "title": "Ta\u0144cz\u0105ca ze \u015bwiatem \u2013 Malta | S07E02"}, {"desc": null, "start_date": "2026-08-29T13:30:00+00:00", "title": "Ojciec Mateusz 9 \u2013 Festyn | S09E111"}, {"desc": null, "start_date": "2026-08-29T14:25:00+00:00", "title": "Ojciec Mateusz 9 \u2013 Powr\u00f3t po latach | S09E112"}, {"desc": null, "start_date": "2026-08-29T15:20:00+00:00", "title": "Marianna \u2013 kr\u00f3lowa Kotliny"}, {"desc": null, "start_date": "2026-08-29T15:25:00+00:00", "title": "Marianna \u2013 kr\u00f3lowa Kotliny"}, {"desc": null, "start_date": "2026-08-29T16:30:00+00:00", "title": "Anna Wyszkoni na dobry wiecz\u00f3r"}, {"desc": null, "start_date": "2026-08-29T17:30:00+00:00", "title": "Mi\u0142o\u015b\u0107 i nadzieja | E348"}, {"desc": null, "start_date": "2026-08-29T18:30:00+00:00", "title": "Wichrowe wzg\u00f3rze | E329"}, {"desc": null, "start_date": "2026-08-29T19:30:00+00:00", "title": "Karol, w\u0142adca Hiszpanii | E19"}, {"desc": null, "start_date": "2026-08-29T20:30:00+00:00", "title": "Karol, w\u0142adca Hiszpanii | E20"}, {"desc": null, "start_date": "2026-08-29T21:25:00+00:00", "title": "\u017bona do podzia\u0142u"}, {"desc": null, "start_date": "2026-08-29T22:50:00+00:00", "title": "Przysta\u0144 \u2013 Nieoczekiwany go\u015b\u0107 | E8/13"}, {"desc": null, "start_date": "2026-08-29T23:40:00+00:00", "title": "Ranczo 9 \u2013 Zamro\u017cony kapita\u0142 | S09E114"}, {"desc": null, "start_date": "2026-08-30T00:30:00+00:00", "title": "Wesele w Hamptons"}, {"desc": null, "start_date": "2026-08-30T00:35:00+00:00", "title": "Wesele w Hamptons"}, {"desc": null, "start_date": "2026-08-30T02:00:00+00:00", "title": "Zako\u0144czenie programu"}, {"desc": null, "start_date": "2026-08-30T03:00:00+00:00", "title": "Ojciec Mateusz 19 \u2013 Salowy | S19E245"}, {"desc": null, "start_date": "2026-08-30T04:00:00+00:00", "title": "Ojciec Mateusz 19 \u2013 Polowanie na jelenie | S19E246"}, {"desc": null, "start_date": "2026-08-30T05:00:00+00:00", "title": "Amnezja. Gdy zastrajkuje m\u00f3zg"}, {"desc": null, "start_date": "2026-08-30T06:05:00+00:00", "title": "Mi\u0142o\u015b\u0107 ze smakiem"}, {"desc": null, "start_date": "2026-08-30T07:35:00+00:00", "title": "Kulisy serialu | E1657"}, {"desc": null, "start_date": "2026-08-30T07:45:00+00:00", "title": "M jak mi\u0142o\u015b\u0107 | E1924"}, {"desc": null, "start_date": "2026-08-30T08:40:00+00:00", "title": "Akacjowa 38 | E917"}, {"desc": null, "start_date": "2026-08-30T08:45:00+00:00", "title": "Akacjowa 38 | E917"}, {"desc": null, "start_date": "2026-08-30T10:00:00+00:00", "title": "Okrasa \u0142amie przepisy \u2013 Owoce po nalewkach"}, {"desc": null, "start_date": "2026-08-30T10:30:00+00:00", "title": "Kwiaty na warsztat 5 \u2013 R\u00f3\u017ce ogrodowe. Piel\u0119gnacja i kompozycja | S05E1/6"}, {"desc": null, "start_date": "2026-08-30T11:00:00+00:00", "title": "63. KFPP w Opolu \u2013 Superjedynki. 40-lecie Teleexpresu | E02"}, {"desc": null, "start_date": "2026-08-30T12:00:00+00:00", "title": "Rodzinka.pl \u2013 Mimo wszystko mi\u0142o\u015b\u0107 | S08E178"}, {"desc": null, "start_date": "2026-08-30T12:30:00+00:00", "title": "Rodzinka.pl \u2013 Gdyby k\u00f3zka nie skaka\u0142a\u2026 | S08E179"}, {"desc": null, "start_date": "2026-08-30T13:00:00+00:00", "title": "Podr\u00f3\u017ce Ma\u0142ej i Du\u017cej 7 \u2013 Chiny: Pekin | S07E08"}, {"desc": null, "start_date": "2026-08-30T13:30:00+00:00", "title": "Ojciec Mateusz 9 \u2013 Z mi\u0142o\u015bci | S09E113"}, {"desc": null, "start_date": "2026-08-30T14:25:00+00:00", "title": "Ojciec Mateusz 9 \u2013 Zbrodnia na pierwsz\u0105 stron\u0119 | S09E114"}, {"desc": null, "start_date": "2026-08-30T14:30:00+00:00", "title": "Ojciec Mateusz 9 \u2013 Zbrodnia na pierwsz\u0105 stron\u0119 | S09E114"}, {"desc": null, "start_date": "2026-08-30T15:25:00+00:00", "title": "Sting: A Free Man"}, {"desc": null, "start_date": "2026-08-30T16:30:00+00:00", "title": "Daj\u0119 s\u0142owo \u2013 Maciej Or\u0142o\u015b 2 \u2013 Ma\u0142gorzata Ostrowska | S02E14"}, {"desc": null, "start_date": "2026-08-30T17:30:00+00:00", "title": "Mi\u0142o\u015b\u0107 i nadzieja | E349"}, {"desc": null, "start_date": "2026-08-30T18:30:00+00:00", "title": "Wichrowe wzg\u00f3rze | E330"}, {"desc": null, "start_date": "2026-08-30T19:30:00+00:00", "title": "Karol, w\u0142adca Hiszpanii | E21"}, {"desc": null, "start_date": "2026-08-30T20:30:00+00:00", "title": "Karol, w\u0142adca Hiszpanii | E22"}, {"desc": null, "start_date": "2026-08-30T21:20:00+00:00", "title": "Niezapomniany miesi\u0105c miodowy"}, {"desc": null, "start_date": "2026-08-30T21:25:00+00:00", "title": "Niezapomniany miesi\u0105c miodowy"}, {"desc": null, "start_date": "2026-08-30T23:05:00+00:00", "title": "Przysta\u0144 \u2013 Zjazd klasowy | E9/13"}], "offset": "+00:00", "timezone": "UTC", "error_code": -1, "start_date": "2026-08-29", "icon": "https://epg.pw/media/images/epg/2024/06/08/20240608031417774013_36.png"}