{"end_date": "2026-04-30", "name": "TVP Kultura", "info_url": "https://epg.pw/channels/7014/20260429.html", "country": "Russian Federation", "description": null, "error_message": "", "provider": "", "source_url": "https://epg.pw/api/epg.json?channel_id=7014&date=20260429&timezone=None", "epg_list": [{"desc": null, "start_date": "2026-04-29T00:55:00+00:00", "title": "Kt\u00f3r\u0119dy po sztuk\u0119 \u2013 Alina Szapocznikow | S01E07"}, {"desc": null, "start_date": "2026-04-29T01:10:00+00:00", "title": "Tygodnik kulturalny"}, {"desc": null, "start_date": "2026-04-29T01:50:00+00:00", "title": "Przysta\u0144"}, {"desc": null, "start_date": "2026-04-29T03:15:00+00:00", "title": "Przysta\u0144 nad Bibli\u0105 \u2013 Go\u015bcinno\u015b\u0107 Abrahama"}, {"desc": null, "start_date": "2026-04-29T04:55:00+00:00", "title": "Tamte lata, tamte dni \u2013 Stanis\u0142awa Celi\u0144ska"}, {"desc": null, "start_date": "2026-04-29T05:35:00+00:00", "title": "Podr\u00f3\u017ce z histori\u0105 \u2013 \u0141\u00f3d\u017a filmowa | E38"}, {"desc": null, "start_date": "2026-04-29T06:10:00+00:00", "title": "WTEM \u2013 Joanna \u017babnicka"}, {"desc": null, "start_date": "2026-04-29T06:15:00+00:00", "title": "WTEM \u2013 Piotr Janicki"}, {"desc": null, "start_date": "2026-04-29T06:20:00+00:00", "title": "Porozmawiajmy szczerze \u2013 Artur Barci\u015b"}, {"desc": null, "start_date": "2026-04-29T06:55:00+00:00", "title": "Tygodnik kulturalny"}, {"desc": null, "start_date": "2026-04-29T07:50:00+00:00", "title": "Na k\u0142opoty\u2026 Bednarski \u2013 Znak w\u0119\u017ca | E5/7"}, {"desc": null, "start_date": "2026-04-29T09:00:00+00:00", "title": "Dom moich syn\u00f3w"}, {"desc": null, "start_date": "2026-04-29T10:10:00+00:00", "title": "Zawr\u00f3cony"}, {"desc": null, "start_date": "2026-04-29T11:45:00+00:00", "title": "Pastor. Cztery akty"}, {"desc": null, "start_date": "2026-04-29T13:05:00+00:00", "title": "Emil Karewicz. Portret aktora"}, {"desc": null, "start_date": "2026-04-29T14:00:00+00:00", "title": "Dlaczego nie Evans? | S01E03"}, {"desc": null, "start_date": "2026-04-29T15:00:00+00:00", "title": "Na k\u0142opoty\u2026 Bednarski \u2013 Ostatnie lato | E6/7"}, {"desc": null, "start_date": "2026-04-29T16:00:00+00:00", "title": "Dobre strony \u2013 Andrzej Chyra i Mery Spolsky"}, {"desc": null, "start_date": "2026-04-29T16:30:00+00:00", "title": "Informacje kulturalne"}, {"desc": null, "start_date": "2026-04-29T16:50:00+00:00", "title": "Re\u017cyserzy \u2013 Quentin Tarantino | E6/10"}, {"desc": null, "start_date": "2026-04-29T17:35:00+00:00", "title": "WTEM \u2013 Jacek Dehnel"}, {"desc": null, "start_date": "2026-04-29T17:40:00+00:00", "title": "WTEM \u2013 Aldona Kopkiewicz"}, {"desc": null, "start_date": "2026-04-29T17:42:00+00:00", "title": "Andrzej Wajda \u2013 Notatki \u2013 Jerzy Radziwi\u0142owicz"}, {"desc": null, "start_date": "2026-04-29T18:00:00+00:00", "title": "Filip"}, {"desc": null, "start_date": "2026-04-29T20:15:00+00:00", "title": "Przygody Sherlocka Holmesa \u2013 The Greek Interpreter | S02E09"}, {"desc": null, "start_date": "2026-04-29T21:20:00+00:00", "title": "Hala odlot\u00f3w | E58"}, {"desc": null, "start_date": "2026-04-29T22:20:00+00:00", "title": "Komeda \u2013 inspirations"}, {"desc": null, "start_date": "2026-04-29T23:10:00+00:00", "title": "Szef roku"}, {"desc": null, "start_date": "2026-04-30T01:10:00+00:00", "title": "Film noir \u2013 Style | E03"}, {"desc": null, "start_date": "2026-04-30T02:00:00+00:00", "title": "Informacje kulturalne"}, {"desc": null, "start_date": "2026-04-30T02:20:00+00:00", "title": "Wykluczeni"}, {"desc": null, "start_date": "2026-04-30T04:55:00+00:00", "title": "Tamte lata, tamte dni \u2013 Karol Strasburger"}, {"desc": null, "start_date": "2026-04-30T05:35:00+00:00", "title": "Podr\u00f3\u017ce z histori\u0105 \u2013 Regu\u0142y templariuszy | E39"}, {"desc": null, "start_date": "2026-04-30T06:15:00+00:00", "title": "WTEM \u2013 Jacek Dehnel"}, {"desc": null, "start_date": "2026-04-30T06:18:00+00:00", "title": "WTEM \u2013 Aldona Kopkiewicz"}, {"desc": null, "start_date": "2026-04-30T06:20:00+00:00", "title": "Przysta\u0144 nad Bibli\u0105 \u2013 Go\u015bcinno\u015b\u0107 Abrahama"}, {"desc": null, "start_date": "2026-04-30T06:35:00+00:00", "title": "Informacje kulturalne"}, {"desc": null, "start_date": "2026-04-30T07:00:00+00:00", "title": "Kolekcja \u2013 Ewa Kuryluk"}, {"desc": null, "start_date": "2026-04-30T07:15:00+00:00", "title": "Niedziela z\u2026 \u2013 Andrzejem Sewerynem"}, {"desc": null, "start_date": "2026-04-30T08:10:00+00:00", "title": "Na k\u0142opoty\u2026 Bednarski \u2013 Ostatnie lato | E6/7"}, {"desc": null, "start_date": "2026-04-30T09:10:00+00:00", "title": "Respect"}, {"desc": null, "start_date": "2026-04-30T11:40:00+00:00", "title": "Re\u017cyserzy \u2013 Quentin Tarantino | E6/10"}, {"desc": null, "start_date": "2026-04-30T12:35:00+00:00", "title": "Klucznik"}, {"desc": null, "start_date": "2026-04-30T14:10:00+00:00", "title": "Dlaczego nie Evans? | S01E04"}, {"desc": null, "start_date": "2026-04-30T15:05:00+00:00", "title": "Na k\u0142opoty\u2026 Bednarski \u2013 Nasz cz\u0142owiek | E7-ost"}, {"desc": null, "start_date": "2026-04-30T16:10:00+00:00", "title": "Wydarzenie aktualne"}, {"desc": null, "start_date": "2026-04-30T16:40:00+00:00", "title": "Kt\u00f3r\u0119dy po sztuk\u0119 \u2013 Mykola Ridnyj | S01E08"}, {"desc": null, "start_date": "2026-04-30T16:50:00+00:00", "title": "Enzo Ferrari. Czerwony i Czarny"}, {"desc": null, "start_date": "2026-04-30T18:00:00+00:00", "title": "Czwartkowy klub filmowy \u2013 Wst\u0119p do filmu"}, {"desc": null, "start_date": "2026-04-30T18:10:00+00:00", "title": "Popio\u0142y | E2-ost"}, {"desc": null, "start_date": "2026-04-30T20:25:00+00:00", "title": "Hala odlot\u00f3w | E59"}, {"desc": null, "start_date": "2026-04-30T21:25:00+00:00", "title": "Dzie\u0144, w kt\u00f3rym umar\u0142a gwiazda rocka \u2013 Jim Morrison"}, {"desc": null, "start_date": "2026-04-30T22:00:00+00:00", "title": "Video Killed the Radio Star \u2013 Spandau Ballet"}, {"desc": null, "start_date": "2026-04-30T22:30:00+00:00", "title": "Filip"}], "offset": "+00:00", "timezone": "UTC", "error_code": -1, "start_date": "2026-04-29", "icon": "https://epg.pw/media/images/epg/2024/06/08/20240608031627743941_69.png"}