{"end_date": "2026-08-30", "name": "TVP Historia", "info_url": "https://epg.pw/channels/7057/20260829.html", "country": "Russian Federation", "description": null, "error_message": "", "provider": "", "source_url": "https://epg.pw/api/epg.json?channel_id=7057&date=20260829&timezone=None", "epg_list": [{"desc": null, "start_date": "2026-08-29T18:40:00+00:00", "title": "Operacja"}, {"desc": null, "start_date": "2026-08-29T20:10:00+00:00", "title": "Powstanie warszawskie"}, {"desc": null, "start_date": "2026-08-29T21:50:00+00:00", "title": "Historia w postaciach zapisana \u2013 Ksi\u0119\u017cna Diana, wielka i nieznana"}, {"desc": null, "start_date": "2026-08-29T23:50:00+00:00", "title": "S\u0142awa i chwa\u0142a \u2013 Wojenka | E03"}, {"desc": null, "start_date": "2026-08-29T23:55:00+00:00", "title": "S\u0142awa i chwa\u0142a \u2013 Wojenka | E03"}, {"desc": null, "start_date": "2026-08-30T00:50:00+00:00", "title": "Solidarno\u015b\u0107, Solidarno\u015b\u0107"}, {"desc": null, "start_date": "2026-08-30T00:55:00+00:00", "title": "Solidarno\u015b\u0107, Solidarno\u015b\u0107"}, {"desc": null, "start_date": "2026-08-30T02:45:00+00:00", "title": "Zako\u0144czenie programu"}, {"desc": null, "start_date": "2026-08-30T02:50:00+00:00", "title": "Zako\u0144czenie programu"}, {"desc": null, "start_date": "2026-08-30T03:35:00+00:00", "title": "By\u0142 taki dzie\u0144 \u2013 30 sierpnia"}, {"desc": null, "start_date": "2026-08-30T03:39:00+00:00", "title": "Przy\u0142bice i kaptury \u2013 Po\u017coga | E3/9"}, {"desc": null, "start_date": "2026-08-30T03:40:00+00:00", "title": "By\u0142 taki dzie\u0144 \u2013 30 sierpnia"}, {"desc": null, "start_date": "2026-08-30T03:45:00+00:00", "title": "Przy\u0142bice i kaptury \u2013 Po\u017coga | E3/9"}, {"desc": null, "start_date": "2026-08-30T04:40:00+00:00", "title": "Podr\u00f3\u017ce z histori\u0105 \u2013 Jak powsta\u0142y nasze nazwiska? | E50"}, {"desc": null, "start_date": "2026-08-30T04:50:00+00:00", "title": "Podr\u00f3\u017ce z histori\u0105 \u2013 Jak powsta\u0142y nasze nazwiska? | E50"}, {"desc": null, "start_date": "2026-08-30T05:20:00+00:00", "title": "Podr\u00f3\u017ce z histori\u0105 \u2013 Z \u017cycia wy\u017cszych sfer | E51"}, {"desc": null, "start_date": "2026-08-30T05:25:00+00:00", "title": "Podr\u00f3\u017ce z histori\u0105 \u2013 Z \u017cycia wy\u017cszych sfer | E51"}, {"desc": null, "start_date": "2026-08-30T06:00:00+00:00", "title": "Wspomnienie, \u015bwidermajery w Otwocku"}, {"desc": null, "start_date": "2026-08-30T06:05:00+00:00", "title": "Wspomnienie, \u015bwidermajery w Otwocku"}, {"desc": null, "start_date": "2026-08-30T06:25:00+00:00", "title": "Mam dobry los"}, {"desc": null, "start_date": "2026-08-30T06:30:00+00:00", "title": "Mam dobry los"}, {"desc": null, "start_date": "2026-08-30T06:50:00+00:00", "title": "Niepoj\u0119te \u2013 Rozum a wiara"}, {"desc": null, "start_date": "2026-08-30T06:55:00+00:00", "title": "Niepoj\u0119te \u2013 Rozum a wiara"}, {"desc": null, "start_date": "2026-08-30T07:10:00+00:00", "title": "Przy\u0142bice i kaptury \u2013 Przerwane ogniwo | E4/9"}, {"desc": null, "start_date": "2026-08-30T07:15:00+00:00", "title": "Przy\u0142bice i kaptury \u2013 Przerwane ogniwo | E4/9"}, {"desc": null, "start_date": "2026-08-30T08:10:00+00:00", "title": "Wenecja, miasto wyros\u0142e z bagien"}, {"desc": null, "start_date": "2026-08-30T09:10:00+00:00", "title": "Odkry\u0107 tajemnic\u0119 \u2013 Tajna bro\u0144 Rzymu | S07"}, {"desc": null, "start_date": "2026-08-30T10:00:00+00:00", "title": "Wszystkie kolory \u015bwiata \u2013 Szwajcaria, bij\u0105ce serce Alp"}, {"desc": null, "start_date": "2026-08-30T10:05:00+00:00", "title": "Wszystkie kolory \u015bwiata \u2013 Szwajcaria, bij\u0105ce serce Alp"}, {"desc": null, "start_date": "2026-08-30T11:05:00+00:00", "title": "Najwspanialsze g\u00f3ry Afryki | E02"}, {"desc": null, "start_date": "2026-08-30T11:10:00+00:00", "title": "Najwspanialsze g\u00f3ry Afryki | E02"}, {"desc": null, "start_date": "2026-08-30T12:05:00+00:00", "title": "Flesz historii | E776"}, {"desc": null, "start_date": "2026-08-30T12:35:00+00:00", "title": "Operacja"}, {"desc": null, "start_date": "2026-08-30T14:00:00+00:00", "title": "S\u0142awa i chwa\u0142a \u2013 Warszawa | E04"}, {"desc": null, "start_date": "2026-08-30T15:05:00+00:00", "title": "Ex Libris"}, {"desc": null, "start_date": "2026-08-30T15:30:00+00:00", "title": "Jerzy Buzek. Si\u0142a marze\u0144"}, {"desc": null, "start_date": "2026-08-30T16:40:00+00:00", "title": "Debata po filmie"}, {"desc": null, "start_date": "2026-08-30T17:45:00+00:00", "title": "Notacje \u2013 Tomasz Szarota. Tr\u00f3jk\u0105t Weimarski"}, {"desc": null, "start_date": "2026-08-30T18:00:00+00:00", "title": "II wojna \u015bwiatowa w kolorze: Droga do zwyci\u0119stwa \u2013 Wy\u015bcig do Berlina | S01E08"}, {"desc": null, "start_date": "2026-08-30T19:05:00+00:00", "title": "Zakazane piosenki"}, {"desc": null, "start_date": "2026-08-30T20:55:00+00:00", "title": "Solidarno\u015b\u0107, Solidarno\u015b\u0107"}, {"desc": null, "start_date": "2026-08-30T23:05:00+00:00", "title": "Nieznana wojna na P\u00f3\u0142nocy | E3/6"}], "offset": "+00:00", "timezone": "UTC", "error_code": -1, "start_date": "2026-08-29", "icon": "https://epg.pw/media/images/epg/2024/06/08/20240608031839292640_34.png"}