{"end_date": "2026-08-31", "name": "Polsat Sport Premium 2", "info_url": "https://epg.pw/channels/7135/20260829.html", "country": "Russian Federation", "description": null, "error_message": "", "provider": "", "source_url": "https://epg.pw/api/epg.json?channel_id=7135&date=20260829&timezone=None", "epg_list": [{"desc": null, "start_date": "2026-08-29T00:00:00+00:00", "title": "Pi\u0142ka no\u017cna: Eliminacje Ligi Europy UEFA"}, {"desc": null, "start_date": "2026-08-29T02:00:00+00:00", "title": "Pi\u0142ka no\u017cna: Eliminacje Ligi Europy UEFA"}, {"desc": null, "start_date": "2026-08-29T04:00:00+00:00", "title": "Pi\u0142ka no\u017cna: Liga Europy/Liga Konferencji \u2013 losowanie fazy ligowej"}, {"desc": null, "start_date": "2026-08-29T05:00:00+00:00", "title": "Pi\u0142ka no\u017cna z archiwum"}, {"desc": null, "start_date": "2026-08-29T06:00:00+00:00", "title": "Brak zaplanowanych transmisji sportowych"}, {"desc": null, "start_date": "2026-08-29T06:40:00+00:00", "title": "\u22d7 Motocyklowe Mistrzostwa \u015awiata: Grand Prix Aragonii \u2013 3. sesja treningowa w klasie Moto3"}, {"desc": null, "start_date": "2026-08-29T07:25:00+00:00", "title": "\u22d7 Motocyklowe Mistrzostwa \u015awiata: Grand Prix Aragonii \u2013 3. sesja treningowa w klasie Moto2"}, {"desc": null, "start_date": "2026-08-29T08:10:00+00:00", "title": "\u22d7 Motocyklowe Mistrzostwa \u015awiata: Grand Prix Aragonii \u2013 3. sesja treningowa w klasie MotoGP"}, {"desc": null, "start_date": "2026-08-29T08:50:00+00:00", "title": "\u22d7 Motocyklowe Mistrzostwa \u015awiata: Grand Prix Aragonii \u2013 1. cz\u0119\u015b\u0107 sesji kwalifikacyjnej w klasie Moto"}, {"desc": null, "start_date": "2026-08-29T09:15:00+00:00", "title": "\u22d7 Motocyklowe Mistrzostwa \u015awiata: Grand Prix Aragonii \u2013 2. cz\u0119\u015b\u0107 sesji kwalifikacyjnej w klasie Moto"}, {"desc": null, "start_date": "2026-08-29T10:00:00+00:00", "title": "Brak zaplanowanych transmisji sportowych"}, {"desc": null, "start_date": "2026-08-29T10:45:00+00:00", "title": "\u22d7 Motocyklowe Mistrzostwa \u015awiata: Grand Prix Aragonii \u2013 1. cz\u0119\u015b\u0107 sesji kwalifikacyjnej w klasie Moto"}, {"desc": null, "start_date": "2026-08-29T11:10:00+00:00", "title": "\u22d7 Motocyklowe Mistrzostwa \u015awiata: Grand Prix Aragonii \u2013 2. cz\u0119\u015b\u0107 sesji kwalifikacyjnej w klasie Moto"}, {"desc": null, "start_date": "2026-08-29T11:40:00+00:00", "title": "\u22d7 Motocyklowe Mistrzostwa \u015awiata: Grand Prix Aragonii \u2013 1. cz\u0119\u015b\u0107 sesji kwalifikacyjnej w klasie Moto"}, {"desc": null, "start_date": "2026-08-29T12:05:00+00:00", "title": "\u22d7 Motocyklowe Mistrzostwa \u015awiata: Grand Prix Aragonii \u2013 2. cz\u0119\u015b\u0107 sesji kwalifikacyjnej w klasie Moto"}, {"desc": null, "start_date": "2026-08-29T13:00:00+00:00", "title": "\u22d7 Motocyklowe Mistrzostwa \u015awiata: Grand Prix Aragonii \u2013 sprint w klasie MotoGP"}, {"desc": null, "start_date": "2026-08-29T14:10:00+00:00", "title": "\u22d7 Motocyklowe Mistrzostwa \u015awiata: Grand Prix Aragonii \u2013 1. wy\u015bcig Bagger\u00f3w"}, {"desc": null, "start_date": "2026-08-29T15:00:00+00:00", "title": "Pi\u0142ka no\u017cna z archiwum"}, {"desc": null, "start_date": "2026-08-29T16:00:00+00:00", "title": "Brak zaplanowanych transmisji sportowych"}, {"desc": null, "start_date": "2026-08-29T16:30:00+00:00", "title": "Pi\u0142ka no\u017cna z archiwum"}, {"desc": null, "start_date": "2026-08-29T18:00:00+00:00", "title": "Pi\u0142ka no\u017cna z archiwum"}, {"desc": null, "start_date": "2026-08-29T19:30:00+00:00", "title": "Pi\u0142ka no\u017cna z archiwum"}, {"desc": null, "start_date": "2026-08-29T21:00:00+00:00", "title": "Pi\u0142ka no\u017cna z archiwum"}, {"desc": null, "start_date": "2026-08-29T22:00:00+00:00", "title": "Brak zaplanowanych transmisji sportowych"}, {"desc": null, "start_date": "2026-08-29T22:30:00+00:00", "title": "Pi\u0142ka no\u017cna z archiwum"}, {"desc": null, "start_date": "2026-08-30T00:00:00+00:00", "title": "Pi\u0142ka no\u017cna: Eliminacje Ligi Europy UEFA"}, {"desc": null, "start_date": "2026-08-30T02:00:00+00:00", "title": "Pi\u0142ka no\u017cna: Eliminacje Ligi Europy UEFA"}, {"desc": null, "start_date": "2026-08-30T04:00:00+00:00", "title": "Pi\u0142ka no\u017cna: Liga Europy/Liga Konferencji \u2013 losowanie fazy ligowej"}, {"desc": null, "start_date": "2026-08-30T05:00:00+00:00", "title": "Pi\u0142ka no\u017cna: Eliminacje Ligi Europy UEFA \u2013 rewan\u017cowy mecz fazy play-off: FC Salzburg \u2013 Mj\u00e4llby AIF"}, {"desc": null, "start_date": "2026-08-30T06:00:00+00:00", "title": "Brak zaplanowanych transmisji sportowych"}, {"desc": null, "start_date": "2026-08-30T06:55:00+00:00", "title": "\u22d7 Motocyklowe Mistrzostwa \u015awiata: Grand Prix Aragonii \u2013 2. wy\u015bcig Bagger\u00f3w"}, {"desc": null, "start_date": "2026-08-30T07:40:00+00:00", "title": "\u22d7 Motocyklowe Mistrzostwa \u015awiata: Grand Prix Aragonii \u2013 rozgrzewka w klasie MotoGP"}, {"desc": null, "start_date": "2026-08-30T08:00:00+00:00", "title": "Pi\u0142ka no\u017cna: Liga Europy/Liga Konferencji \u2013 losowanie fazy ligowej"}, {"desc": null, "start_date": "2026-08-30T09:00:00+00:00", "title": "\u22d7 Motocyklowe Mistrzostwa \u015awiata: Grand Prix Aragonii \u2013 wy\u015bcig w klasie Moto3"}, {"desc": null, "start_date": "2026-08-30T10:00:00+00:00", "title": "Brak zaplanowanych transmisji sportowych"}, {"desc": null, "start_date": "2026-08-30T10:15:00+00:00", "title": "\u22d7 Motocyklowe Mistrzostwa \u015awiata: Grand Prix Aragonii \u2013 wy\u015bcig w klasie Moto2"}, {"desc": null, "start_date": "2026-08-30T12:00:00+00:00", "title": "\u22d7 Motocyklowe Mistrzostwa \u015awiata: Grand Prix Aragonii \u2013 wy\u015bcig w klasie MotoGP"}, {"desc": null, "start_date": "2026-08-30T13:30:00+00:00", "title": "Pi\u0142ka no\u017cna: Liga Europy/Liga Konferencji \u2013 losowanie fazy ligowej"}, {"desc": null, "start_date": "2026-08-30T13:45:00+00:00", "title": "\u22d7 Pi\u0142ka no\u017cna: Liga holenderska. SC Telstar \u2013 AFC Ajax Amsterdam"}, {"desc": null, "start_date": "2026-08-30T16:00:00+00:00", "title": "Brak zaplanowanych transmisji sportowych"}, {"desc": null, "start_date": "2026-08-30T16:30:00+00:00", "title": "Archiwum Ligi Konferencji UEFA: Legia Warszawa \u2013 Molde FK \u2013 22.02.2024 \u2013 1/16 fina\u0142u \u2013 sezon 2023/24"}, {"desc": null, "start_date": "2026-08-30T18:00:00+00:00", "title": "Archiwum Ligi Konferencji UEFA: Lech Pozna\u0144 \u2013 FK Bodo/Glimt \u2013 23.02.2023 \u2013 1/16 fina\u0142u \u2013 sezon 2022/"}, {"desc": null, "start_date": "2026-08-30T19:30:00+00:00", "title": "Archiwum Ligi Europy UEFA: Rapid Bukareszt \u2013 Legia Warszawa 20.10.2011 \u2013 sezon 2011/2012"}, {"desc": null, "start_date": "2026-08-30T21:00:00+00:00", "title": "Archiwum Ligi Europy UEFA: Wis\u0142a Krak\u00f3w \u2013 Twente 14.12.2011 \u2013 sezon 2011/2012"}, {"desc": null, "start_date": "2026-08-30T22:00:00+00:00", "title": "Brak zaplanowanych transmisji sportowych"}, {"desc": null, "start_date": "2026-08-30T22:30:00+00:00", "title": "Archiwum Ligi Konferencji UEFA: Aston Villa \u2013 Legia Warszawa \u2013 30.11.2023 \u2013 mecz grupowy \u2013 sezon 202"}, {"desc": null, "start_date": "2026-08-31T00:00:00+00:00", "title": "Pi\u0142ka no\u017cna: Eliminacje Ligi Konferencji UEFA \u2013 rewan\u017cowy mecz fazy play-off: AS Monaco \u2013 G\u00f3rnik Zab"}], "offset": "+00:00", "timezone": "UTC", "error_code": -1, "start_date": "2026-08-29", "icon": "https://epg.pw/media/images/epg/2024/06/08/20240608032240026618_13.png"}