{"end_date": "2026-09-01", "name": "CANAL+ Premium HD", "info_url": "https://epg.pw/channels/7317/20260831.html", "country": "Russian Federation", "description": null, "error_message": "", "provider": "", "source_url": "https://epg.pw/api/epg.json?channel_id=7317&date=20260831&timezone=None", "epg_list": [{"desc": null, "start_date": "2026-08-31T01:25:00+00:00", "title": "To uczucie"}, {"desc": null, "start_date": "2026-08-31T02:45:00+00:00", "title": "Joseph i jego dzieci"}, {"desc": null, "start_date": "2026-08-31T03:40:00+00:00", "title": "M\u00f3j jedyny wr\u00f3g"}, {"desc": null, "start_date": "2026-08-31T04:00:00+00:00", "title": "\u0141apu Capu | E207"}, {"desc": null, "start_date": "2026-08-31T04:15:00+00:00", "title": "Wszyscy \u015bwi\u0119ci"}, {"desc": null, "start_date": "2026-08-31T05:35:00+00:00", "title": "Hannah Arendt: My\u015blenie jest niebezpieczne"}, {"desc": null, "start_date": "2026-08-31T07:00:00+00:00", "title": "Ida"}, {"desc": null, "start_date": "2026-08-31T08:20:00+00:00", "title": "\u0141apu Capu | E207"}, {"desc": null, "start_date": "2026-08-31T08:35:00+00:00", "title": "Kopni\u0119ci w czasie"}, {"desc": null, "start_date": "2026-08-31T10:20:00+00:00", "title": "Fuks"}, {"desc": null, "start_date": "2026-08-31T11:45:00+00:00", "title": "Wszystko, czego nie zd\u0105\u017cyli\u015bmy powiedzie\u0107 | E01"}, {"desc": null, "start_date": "2026-08-31T12:15:00+00:00", "title": "Wszystko, czego nie zd\u0105\u017cyli\u015bmy powiedzie\u0107 | E02"}, {"desc": null, "start_date": "2026-08-31T12:50:00+00:00", "title": "Copa 71"}, {"desc": null, "start_date": "2026-08-31T14:20:00+00:00", "title": "Thelma"}, {"desc": null, "start_date": "2026-08-31T16:00:00+00:00", "title": "\u0141apu Capu | E208"}, {"desc": null, "start_date": "2026-08-31T16:05:00+00:00", "title": "To\u017csamo\u015b\u0107 Bourne'a"}, {"desc": null, "start_date": "2026-08-31T18:00:00+00:00", "title": "Niewypowiedziana wojna 2 | S02E03"}, {"desc": null, "start_date": "2026-08-31T18:50:00+00:00", "title": "Strefa zagro\u017cenia"}, {"desc": null, "start_date": "2026-08-31T20:40:00+00:00", "title": "Romer\u00eda"}, {"desc": null, "start_date": "2026-08-31T22:35:00+00:00", "title": "The Wasp"}, {"desc": null, "start_date": "2026-09-01T00:10:00+00:00", "title": "Franz Kafka"}, {"desc": null, "start_date": "2026-09-01T02:15:00+00:00", "title": "Asekuracja"}, {"desc": null, "start_date": "2026-09-01T02:45:00+00:00", "title": "Silniejszy"}, {"desc": null, "start_date": "2026-09-01T04:00:00+00:00", "title": "\u0141apu Capu | E208"}, {"desc": null, "start_date": "2026-09-01T04:05:00+00:00", "title": "Kr\u00f3lowa chmur"}, {"desc": null, "start_date": "2026-09-01T05:25:00+00:00", "title": "Maria Callas. Nieznane lata"}, {"desc": null, "start_date": "2026-09-01T07:10:00+00:00", "title": "D\u0142ugi weekend"}, {"desc": null, "start_date": "2026-09-01T08:25:00+00:00", "title": "\u0141apu Capu | E208"}, {"desc": null, "start_date": "2026-09-01T08:30:00+00:00", "title": "By\u0107 kochan\u0105"}, {"desc": null, "start_date": "2026-09-01T10:15:00+00:00", "title": "Masz ci los!"}, {"desc": null, "start_date": "2026-09-01T11:45:00+00:00", "title": "Wszystko, czego nie zd\u0105\u017cyli\u015bmy powiedzie\u0107 | E03"}, {"desc": null, "start_date": "2026-09-01T12:20:00+00:00", "title": "Wszystko, czego nie zd\u0105\u017cyli\u015bmy powiedzie\u0107 | E04"}, {"desc": null, "start_date": "2026-09-01T12:50:00+00:00", "title": "Naturalna dziko\u015b\u0107 serca"}, {"desc": null, "start_date": "2026-09-01T14:15:00+00:00", "title": "Cudowne \u017cycie"}, {"desc": null, "start_date": "2026-09-01T15:55:00+00:00", "title": "\u0141apu Capu | E209"}, {"desc": null, "start_date": "2026-09-01T16:00:00+00:00", "title": "Zmierzch"}, {"desc": null, "start_date": "2026-09-01T18:00:00+00:00", "title": "Najbogatsza kobieta \u015bwiata"}, {"desc": null, "start_date": "2026-09-01T20:05:00+00:00", "title": "Replika"}, {"desc": null, "start_date": "2026-09-01T21:40:00+00:00", "title": "Gigant"}, {"desc": null, "start_date": "2026-09-01T23:35:00+00:00", "title": "Ich broni\u0105 by\u0142y kamery: Od pla\u017c Normandii do Dachau"}], "offset": "+00:00", "timezone": "UTC", "error_code": -1, "start_date": "2026-08-31", "icon": "https://epg.pw/media/images/epg/2024/06/08/20240608033333468979_18.png"}