{"end_date": "2026-09-01", "name": "TVP Dokument", "info_url": "https://epg.pw/channels/7434/20260831.html", "country": "Russian Federation", "description": null, "error_message": "", "provider": "", "source_url": "https://epg.pw/api/epg.json?channel_id=7434&date=20260831&timezone=None", "epg_list": [{"desc": null, "start_date": "2026-08-31T00:15:00+00:00", "title": "Podr\u00f3\u017ce z histori\u0105 \u2013 Regu\u0142y templariuszy | E39"}, {"desc": null, "start_date": "2026-08-31T00:30:00+00:00", "title": "Podr\u00f3\u017ce z histori\u0105 \u2013 Regu\u0142y templariuszy | E39"}, {"desc": null, "start_date": "2026-08-31T00:50:00+00:00", "title": "Depresja mon amour (Janusz G\u0142owacki)"}, {"desc": null, "start_date": "2026-08-31T01:10:00+00:00", "title": "Depresja mon amour (Janusz G\u0142owacki)"}, {"desc": null, "start_date": "2026-08-31T01:55:00+00:00", "title": "Dzieci duchy"}, {"desc": null, "start_date": "2026-08-31T02:15:00+00:00", "title": "Dzieci duchy"}, {"desc": null, "start_date": "2026-08-31T03:10:00+00:00", "title": "Zako\u0144czenie programu"}, {"desc": null, "start_date": "2026-08-31T03:35:00+00:00", "title": "Dzika Polska \u2013 Pogada\u0107 z s\u00f3weczk\u0105"}, {"desc": null, "start_date": "2026-08-31T03:40:00+00:00", "title": "Dzika Polska \u2013 Pogada\u0107 z s\u00f3weczk\u0105"}, {"desc": null, "start_date": "2026-08-31T04:10:00+00:00", "title": "Wykrywacz k\u0142amstw"}, {"desc": null, "start_date": "2026-08-31T04:15:00+00:00", "title": "Wykrywacz k\u0142amstw"}, {"desc": null, "start_date": "2026-08-31T04:40:00+00:00", "title": "Polskie parki narodowe \u2013 Drawie\u0144ski Park Narodowy | E04"}, {"desc": null, "start_date": "2026-08-31T05:15:00+00:00", "title": "Zakochaj si\u0119 w Polsce \u2013 Ko\u017cuch\u00f3w | E251"}, {"desc": null, "start_date": "2026-08-31T05:45:00+00:00", "title": "Dzika Praga"}, {"desc": null, "start_date": "2026-08-31T06:45:00+00:00", "title": "Dzika Argentyna \u2013 Kraina mistrz\u00f3w przetrwania | E02"}, {"desc": null, "start_date": "2026-08-31T06:50:00+00:00", "title": "Dzika Argentyna \u2013 Kraina mistrz\u00f3w przetrwania | E02"}, {"desc": null, "start_date": "2026-08-31T07:45:00+00:00", "title": "W g\u0142\u0105b wszech\u015bwiata: zagadki kosmosu \u2013 Podr\u00f3\u017c kosmicznych promieni | S01E06"}, {"desc": null, "start_date": "2026-08-31T07:50:00+00:00", "title": "W g\u0142\u0105b wszech\u015bwiata: zagadki kosmosu \u2013 Podr\u00f3\u017c kosmicznych promieni | S01E06"}, {"desc": null, "start_date": "2026-08-31T08:45:00+00:00", "title": "Ukryte oblicze \u2013 Meksyk | E02"}, {"desc": null, "start_date": "2026-08-31T08:50:00+00:00", "title": "Ukryte oblicze \u2013 Meksyk | E02"}, {"desc": null, "start_date": "2026-08-31T09:45:00+00:00", "title": "Dziuple i ich mieszka\u0144cy"}, {"desc": null, "start_date": "2026-08-31T10:40:00+00:00", "title": "Patagonia, droga na koniec \u015bwiata"}, {"desc": null, "start_date": "2026-08-31T11:40:00+00:00", "title": "Ivohiboro \u2013 zapomniany las"}, {"desc": null, "start_date": "2026-08-31T12:45:00+00:00", "title": "Kalendarz przyrody \u2013 Sierpie\u0144 | E08"}, {"desc": null, "start_date": "2026-08-31T13:45:00+00:00", "title": "Marzenie Leonarda. Sekrety latania"}, {"desc": null, "start_date": "2026-08-31T14:50:00+00:00", "title": "Magiczny Adriatyk \u2013 Od Triestu po Comacchio | E01"}, {"desc": null, "start_date": "2026-08-31T15:55:00+00:00", "title": "Sanatorium mi\u0142o\u015bci 2 | S02E02"}, {"desc": null, "start_date": "2026-08-31T16:55:00+00:00", "title": "Anna. Szcz\u0119\u015bliwa i pogodzona"}, {"desc": null, "start_date": "2026-08-31T18:00:00+00:00", "title": "Kto rz\u0105dzi \u015bwiatem? \u2013 Kto rz\u0105dzi \u015bwiatow\u0105 energi\u0105? | S01E01"}, {"desc": null, "start_date": "2026-08-31T19:05:00+00:00", "title": "Dusza zakl\u0119ta w fortepianie"}, {"desc": null, "start_date": "2026-08-31T20:20:00+00:00", "title": "Niebezpieczne drogi \u2013 Tajlandia | E06"}, {"desc": null, "start_date": "2026-08-31T21:10:00+00:00", "title": "Barbara W\u0142odarczyk zaprasza \u2013 Kim Jo Dzong. Czerwona ksi\u0119\u017cniczka"}, {"desc": null, "start_date": "2026-08-31T21:15:00+00:00", "title": "Wanda. Ostatnia z oddzia\u0142u"}, {"desc": null, "start_date": "2026-08-31T22:20:00+00:00", "title": "Podr\u00f3\u017ce z histori\u0105 \u2013 Legenda czarnej wo\u0142gi | E11"}, {"desc": null, "start_date": "2026-08-31T23:00:00+00:00", "title": "Podr\u00f3\u017ce z histori\u0105 \u2013 \u017bu\u0142awska depresja | E40"}, {"desc": null, "start_date": "2026-08-31T23:35:00+00:00", "title": "Tam, gdzie si\u0119 ludzie nie umawiali"}, {"desc": null, "start_date": "2026-09-01T00:40:00+00:00", "title": "Dusza zakl\u0119ta w fortepianie"}, {"desc": null, "start_date": "2026-09-01T01:40:00+00:00", "title": "Niebezpieczne drogi \u2013 Tajlandia | E06"}, {"desc": null, "start_date": "2026-09-01T02:15:00+00:00", "title": "Dziuple i ich mieszka\u0144cy"}, {"desc": null, "start_date": "2026-09-01T03:06:00+00:00", "title": "Zako\u0144czenie programu"}, {"desc": null, "start_date": "2026-09-01T03:50:00+00:00", "title": "Wykrywacz k\u0142amstw"}, {"desc": null, "start_date": "2026-09-01T04:15:00+00:00", "title": "Dzika Polska \u2013 Baletnica z przer\u0119bli"}, {"desc": null, "start_date": "2026-09-01T04:50:00+00:00", "title": "Zakochaj si\u0119 w Polsce \u2013 Radomsko | E252"}, {"desc": null, "start_date": "2026-09-01T05:20:00+00:00", "title": "Podr\u00f3\u017ce z histori\u0105 \u2013 Kr\u00f3tka historia brudu | E41"}, {"desc": null, "start_date": "2026-09-01T05:55:00+00:00", "title": "Ivohiboro \u2013 zapomniany las"}, {"desc": null, "start_date": "2026-09-01T06:55:00+00:00", "title": "Kalendarz przyrody \u2013 Sierpie\u0144 | E08"}, {"desc": null, "start_date": "2026-09-01T07:55:00+00:00", "title": "Marzenie Leonarda. Sekrety latania"}, {"desc": null, "start_date": "2026-09-01T09:00:00+00:00", "title": "Magiczny Adriatyk \u2013 Od Triestu po Comacchio | E01"}, {"desc": null, "start_date": "2026-09-01T10:00:00+00:00", "title": "Statkiem po trawie"}, {"desc": null, "start_date": "2026-09-01T10:50:00+00:00", "title": "Lasy p\u00f3\u0142nocnej Europy \u2013 Jastrz\u0105b zwyczajny | E09"}, {"desc": null, "start_date": "2026-09-01T11:00:00+00:00", "title": "Kto rz\u0105dzi \u015bwiatem? \u2013 Kto rz\u0105dzi \u015bwiatow\u0105 energi\u0105? | S01E01"}, {"desc": null, "start_date": "2026-09-01T12:00:00+00:00", "title": "Lataj\u0105ce rzeki Amazonii"}, {"desc": null, "start_date": "2026-09-01T13:05:00+00:00", "title": "Kalendarz przyrody \u2013 Wrzesie\u0144 | E09"}, {"desc": null, "start_date": "2026-09-01T13:55:00+00:00", "title": "Lasy p\u00f3\u0142nocnej Europy \u2013 Puszczyk mszarny | E08"}, {"desc": null, "start_date": "2026-09-01T14:05:00+00:00", "title": "Uk\u0142ad odporno\u015bciowy: stra\u017cnik naszego zdrowia"}, {"desc": null, "start_date": "2026-09-01T15:10:00+00:00", "title": "Magiczny Adriatyk \u2013 Od Izoli po Primosten | E02"}, {"desc": null, "start_date": "2026-09-01T16:05:00+00:00", "title": "Opowie\u015bci o nied\u017awiedziu \u2013 M\u0142ode"}, {"desc": null, "start_date": "2026-09-01T16:20:00+00:00", "title": "Sanatorium mi\u0142o\u015bci 2 | S02E03"}, {"desc": null, "start_date": "2026-09-01T17:15:00+00:00", "title": "\u017bwirko i Wigura. 15 dni chwa\u0142y"}, {"desc": null, "start_date": "2026-09-01T18:20:00+00:00", "title": "Kto rz\u0105dzi \u015bwiatem? \u2013 Kto rz\u0105dzi \u015bwiatowym transportem? | S01E02"}, {"desc": null, "start_date": "2026-09-01T19:25:00+00:00", "title": "Obro\u0144cy"}, {"desc": null, "start_date": "2026-09-01T20:20:00+00:00", "title": "Barbara W\u0142odarczyk zaprasza \u2013 Dzieci w niewoli lajk\u00f3w"}, {"desc": null, "start_date": "2026-09-01T20:30:00+00:00", "title": "Dzieci w niewoli lajk\u00f3w"}, {"desc": null, "start_date": "2026-09-01T21:30:00+00:00", "title": "Moja historia '44 \u2013 Wanda Traczyk-Stawska"}, {"desc": null, "start_date": "2026-09-01T21:45:00+00:00", "title": "Niebezpieczne drogi \u2013 Los Angeles | E07"}, {"desc": null, "start_date": "2026-09-01T22:50:00+00:00", "title": "Podr\u00f3\u017ce z histori\u0105 \u2013 Prezydenckie siedziby | E12"}, {"desc": null, "start_date": "2026-09-01T23:25:00+00:00", "title": "Przyrodnik na tropie \u2013 Bielik | E01"}, {"desc": null, "start_date": "2026-09-01T23:55:00+00:00", "title": "Jan Zachwatowicz"}], "offset": "+00:00", "timezone": "UTC", "error_code": -1, "start_date": "2026-08-31", "icon": "https://epg.pw/media/images/epg/2024/06/08/20240608034036493006_91.png"}