{"end_date": "2026-09-02", "name": "TVP Dokument", "info_url": "https://epg.pw/channels/7434/20260901.html", "country": "Russian Federation", "description": null, "error_message": "", "provider": "", "source_url": "https://epg.pw/api/epg.json?channel_id=7434&date=20260901&timezone=None", "epg_list": [{"desc": null, "start_date": "2026-09-01T00:40:00+00:00", "title": "Dusza zakl\u0119ta w fortepianie"}, {"desc": null, "start_date": "2026-09-01T01:40:00+00:00", "title": "Niebezpieczne drogi \u2013 Tajlandia | E06"}, {"desc": null, "start_date": "2026-09-01T02:15:00+00:00", "title": "Dziuple i ich mieszka\u0144cy"}, {"desc": null, "start_date": "2026-09-01T03:06:00+00:00", "title": "Zako\u0144czenie programu"}, {"desc": null, "start_date": "2026-09-01T03:50:00+00:00", "title": "Wykrywacz k\u0142amstw"}, {"desc": null, "start_date": "2026-09-01T04:15:00+00:00", "title": "Dzika Polska \u2013 Baletnica z przer\u0119bli"}, {"desc": null, "start_date": "2026-09-01T04:50:00+00:00", "title": "Zakochaj si\u0119 w Polsce \u2013 Radomsko | E252"}, {"desc": null, "start_date": "2026-09-01T05:20:00+00:00", "title": "Podr\u00f3\u017ce z histori\u0105 \u2013 Kr\u00f3tka historia brudu | E41"}, {"desc": null, "start_date": "2026-09-01T05:55:00+00:00", "title": "Ivohiboro \u2013 zapomniany las"}, {"desc": null, "start_date": "2026-09-01T06:55:00+00:00", "title": "Kalendarz przyrody \u2013 Sierpie\u0144 | E08"}, {"desc": null, "start_date": "2026-09-01T07:55:00+00:00", "title": "Marzenie Leonarda. Sekrety latania"}, {"desc": null, "start_date": "2026-09-01T09:00:00+00:00", "title": "Magiczny Adriatyk \u2013 Od Triestu po Comacchio | E01"}, {"desc": null, "start_date": "2026-09-01T10:00:00+00:00", "title": "Statkiem po trawie"}, {"desc": null, "start_date": "2026-09-01T10:50:00+00:00", "title": "Lasy p\u00f3\u0142nocnej Europy \u2013 Jastrz\u0105b zwyczajny | E09"}, {"desc": null, "start_date": "2026-09-01T11:00:00+00:00", "title": "Kto rz\u0105dzi \u015bwiatem? \u2013 Kto rz\u0105dzi \u015bwiatow\u0105 energi\u0105? | S01E01"}, {"desc": null, "start_date": "2026-09-01T12:00:00+00:00", "title": "Lataj\u0105ce rzeki Amazonii"}, {"desc": null, "start_date": "2026-09-01T13:05:00+00:00", "title": "Kalendarz przyrody \u2013 Wrzesie\u0144 | E09"}, {"desc": null, "start_date": "2026-09-01T13:55:00+00:00", "title": "Lasy p\u00f3\u0142nocnej Europy \u2013 Puszczyk mszarny | E08"}, {"desc": null, "start_date": "2026-09-01T14:05:00+00:00", "title": "Uk\u0142ad odporno\u015bciowy: stra\u017cnik naszego zdrowia"}, {"desc": null, "start_date": "2026-09-01T15:10:00+00:00", "title": "Magiczny Adriatyk \u2013 Od Izoli po Primosten | E02"}, {"desc": null, "start_date": "2026-09-01T16:05:00+00:00", "title": "Opowie\u015bci o nied\u017awiedziu \u2013 M\u0142ode"}, {"desc": null, "start_date": "2026-09-01T16:20:00+00:00", "title": "Sanatorium mi\u0142o\u015bci 2 | S02E03"}, {"desc": null, "start_date": "2026-09-01T17:15:00+00:00", "title": "\u017bwirko i Wigura. 15 dni chwa\u0142y"}, {"desc": null, "start_date": "2026-09-01T18:20:00+00:00", "title": "Kto rz\u0105dzi \u015bwiatem? \u2013 Kto rz\u0105dzi \u015bwiatowym transportem? | S01E02"}, {"desc": null, "start_date": "2026-09-01T19:25:00+00:00", "title": "Obro\u0144cy"}, {"desc": null, "start_date": "2026-09-01T20:20:00+00:00", "title": "Barbara W\u0142odarczyk zaprasza \u2013 Dzieci w niewoli lajk\u00f3w"}, {"desc": null, "start_date": "2026-09-01T20:30:00+00:00", "title": "Dzieci w niewoli lajk\u00f3w"}, {"desc": null, "start_date": "2026-09-01T21:30:00+00:00", "title": "Moja historia '44 \u2013 Wanda Traczyk-Stawska"}, {"desc": null, "start_date": "2026-09-01T21:45:00+00:00", "title": "Niebezpieczne drogi \u2013 Los Angeles | E07"}, {"desc": null, "start_date": "2026-09-01T22:50:00+00:00", "title": "Podr\u00f3\u017ce z histori\u0105 \u2013 Prezydenckie siedziby | E12"}, {"desc": null, "start_date": "2026-09-01T23:25:00+00:00", "title": "Przyrodnik na tropie \u2013 Bielik | E01"}, {"desc": null, "start_date": "2026-09-01T23:55:00+00:00", "title": "Jan Zachwatowicz"}, {"desc": null, "start_date": "2026-09-02T00:45:00+00:00", "title": "Obro\u0144cy"}, {"desc": null, "start_date": "2026-09-02T01:35:00+00:00", "title": "Niebezpieczne drogi \u2013 Los Angeles | E07"}, {"desc": null, "start_date": "2026-09-02T02:30:00+00:00", "title": "Korona G\u00f3r Polski 2 \u2013 Rudawiec i Kowad\u0142o | S02E07"}, {"desc": null, "start_date": "2026-09-02T02:55:00+00:00", "title": "Zako\u0144czenie programu"}, {"desc": null, "start_date": "2026-09-02T03:40:00+00:00", "title": "Wykrywacz k\u0142amstw"}, {"desc": null, "start_date": "2026-09-02T04:10:00+00:00", "title": "Dzika Polska \u2013 D\u017centelmeni przyrody"}, {"desc": null, "start_date": "2026-09-02T04:45:00+00:00", "title": "Zakochaj si\u0119 w Polsce \u2013 Hrubiesz\u00f3w | E253"}, {"desc": null, "start_date": "2026-09-02T05:15:00+00:00", "title": "Podr\u00f3\u017ce z histori\u0105 \u2013 Na ratunek! | E42"}, {"desc": null, "start_date": "2026-09-02T05:50:00+00:00", "title": "Lataj\u0105ce rzeki Amazonii"}, {"desc": null, "start_date": "2026-09-02T06:55:00+00:00", "title": "Kalendarz przyrody \u2013 Wrzesie\u0144 | E09"}, {"desc": null, "start_date": "2026-09-02T07:55:00+00:00", "title": "Uk\u0142ad odporno\u015bciowy: stra\u017cnik naszego zdrowia"}, {"desc": null, "start_date": "2026-09-02T08:55:00+00:00", "title": "Magiczny Adriatyk \u2013 Od Izoli po Primosten | E02"}, {"desc": null, "start_date": "2026-09-02T09:55:00+00:00", "title": "W\u0119drowcy Karkonoszy"}, {"desc": null, "start_date": "2026-09-02T11:05:00+00:00", "title": "Kto rz\u0105dzi \u015bwiatem? \u2013 Kto rz\u0105dzi \u015bwiatowym transportem? | S01E02"}, {"desc": null, "start_date": "2026-09-02T12:05:00+00:00", "title": "Szmaragdowe wyspy | E01"}, {"desc": null, "start_date": "2026-09-02T13:05:00+00:00", "title": "Kalendarz przyrody \u2013 Pa\u017adziernik | E10"}, {"desc": null, "start_date": "2026-09-02T14:05:00+00:00", "title": "Cukrzyca, s\u0142ony rachunek"}, {"desc": null, "start_date": "2026-09-02T15:05:00+00:00", "title": "Magiczny Adriatyk \u2013 Od Ravenny po Vasto | E03"}, {"desc": null, "start_date": "2026-09-02T16:10:00+00:00", "title": "Sanatorium mi\u0142o\u015bci 2 | S02E04"}, {"desc": null, "start_date": "2026-09-02T17:10:00+00:00", "title": "Szalenie odwa\u017cna hrabina"}, {"desc": null, "start_date": "2026-09-02T18:20:00+00:00", "title": "Kto rz\u0105dzi \u015bwiatem? \u2013 Kto rz\u0105dzi \u015bwiatow\u0105 \u017cywno\u015bci\u0105? | S01E03"}, {"desc": null, "start_date": "2026-09-02T19:25:00+00:00", "title": "Dekady Diany \u2013 Lata siedemdziesi\u0105te | E1/3"}, {"desc": null, "start_date": "2026-09-02T20:25:00+00:00", "title": "Barbara W\u0142odarczyk zaprasza \u2013 Adopcje zagraniczne \u2013 \u015bwiatowy skandal"}, {"desc": null, "start_date": "2026-09-02T20:35:00+00:00", "title": "Adopcje zagraniczne \u2013 \u015bwiatowy skandal"}, {"desc": null, "start_date": "2026-09-02T21:40:00+00:00", "title": "Niebezpieczne drogi \u2013 Teksas | E08"}, {"desc": null, "start_date": "2026-09-02T22:50:00+00:00", "title": "Podr\u00f3\u017ce z histori\u0105 \u2013 Pi\u0119kno wykute w stali | E13"}, {"desc": null, "start_date": "2026-09-02T23:30:00+00:00", "title": "Przyrodnik na tropie \u2013 B\u00f3br | E02"}], "offset": "+00:00", "timezone": "UTC", "error_code": -1, "start_date": "2026-09-01", "icon": "https://epg.pw/media/images/epg/2024/06/08/20240608034036493006_91.png"}