{"end_date": "2026-09-03", "name": "TVP Dokument", "info_url": "https://epg.pw/channels/7434/20260902.html", "country": "Russian Federation", "description": null, "error_message": "", "provider": "", "source_url": "https://epg.pw/api/epg.json?channel_id=7434&date=20260902&timezone=None", "epg_list": [{"desc": null, "start_date": "2026-09-02T00:45:00+00:00", "title": "Obro\u0144cy"}, {"desc": null, "start_date": "2026-09-02T01:35:00+00:00", "title": "Niebezpieczne drogi \u2013 Los Angeles | E07"}, {"desc": null, "start_date": "2026-09-02T02:30:00+00:00", "title": "Korona G\u00f3r Polski 2 \u2013 Rudawiec i Kowad\u0142o | S02E07"}, {"desc": null, "start_date": "2026-09-02T02:55:00+00:00", "title": "Zako\u0144czenie programu"}, {"desc": null, "start_date": "2026-09-02T03:40:00+00:00", "title": "Wykrywacz k\u0142amstw"}, {"desc": null, "start_date": "2026-09-02T04:10:00+00:00", "title": "Dzika Polska \u2013 D\u017centelmeni przyrody"}, {"desc": null, "start_date": "2026-09-02T04:45:00+00:00", "title": "Zakochaj si\u0119 w Polsce \u2013 Hrubiesz\u00f3w | E253"}, {"desc": null, "start_date": "2026-09-02T05:15:00+00:00", "title": "Podr\u00f3\u017ce z histori\u0105 \u2013 Na ratunek! | E42"}, {"desc": null, "start_date": "2026-09-02T05:50:00+00:00", "title": "Lataj\u0105ce rzeki Amazonii"}, {"desc": null, "start_date": "2026-09-02T06:55:00+00:00", "title": "Kalendarz przyrody \u2013 Wrzesie\u0144 | E09"}, {"desc": null, "start_date": "2026-09-02T07:55:00+00:00", "title": "Uk\u0142ad odporno\u015bciowy: stra\u017cnik naszego zdrowia"}, {"desc": null, "start_date": "2026-09-02T08:55:00+00:00", "title": "Magiczny Adriatyk \u2013 Od Izoli po Primosten | E02"}, {"desc": null, "start_date": "2026-09-02T09:55:00+00:00", "title": "W\u0119drowcy Karkonoszy"}, {"desc": null, "start_date": "2026-09-02T11:05:00+00:00", "title": "Kto rz\u0105dzi \u015bwiatem? \u2013 Kto rz\u0105dzi \u015bwiatowym transportem? | S01E02"}, {"desc": null, "start_date": "2026-09-02T12:05:00+00:00", "title": "Szmaragdowe wyspy | E01"}, {"desc": null, "start_date": "2026-09-02T13:05:00+00:00", "title": "Kalendarz przyrody \u2013 Pa\u017adziernik | E10"}, {"desc": null, "start_date": "2026-09-02T14:05:00+00:00", "title": "Cukrzyca, s\u0142ony rachunek"}, {"desc": null, "start_date": "2026-09-02T15:05:00+00:00", "title": "Magiczny Adriatyk \u2013 Od Ravenny po Vasto | E03"}, {"desc": null, "start_date": "2026-09-02T16:10:00+00:00", "title": "Sanatorium mi\u0142o\u015bci 2 | S02E04"}, {"desc": null, "start_date": "2026-09-02T17:10:00+00:00", "title": "Szalenie odwa\u017cna hrabina"}, {"desc": null, "start_date": "2026-09-02T18:20:00+00:00", "title": "Kto rz\u0105dzi \u015bwiatem? \u2013 Kto rz\u0105dzi \u015bwiatow\u0105 \u017cywno\u015bci\u0105? | S01E03"}, {"desc": null, "start_date": "2026-09-02T19:25:00+00:00", "title": "Dekady Diany \u2013 Lata siedemdziesi\u0105te | E1/3"}, {"desc": null, "start_date": "2026-09-02T20:25:00+00:00", "title": "Barbara W\u0142odarczyk zaprasza \u2013 Adopcje zagraniczne \u2013 \u015bwiatowy skandal"}, {"desc": null, "start_date": "2026-09-02T20:35:00+00:00", "title": "Adopcje zagraniczne \u2013 \u015bwiatowy skandal"}, {"desc": null, "start_date": "2026-09-02T21:40:00+00:00", "title": "Niebezpieczne drogi \u2013 Teksas | E08"}, {"desc": null, "start_date": "2026-09-02T22:50:00+00:00", "title": "Podr\u00f3\u017ce z histori\u0105 \u2013 Pi\u0119kno wykute w stali | E13"}, {"desc": null, "start_date": "2026-09-02T23:30:00+00:00", "title": "Przyrodnik na tropie \u2013 B\u00f3br | E02"}, {"desc": null, "start_date": "2026-09-03T00:10:00+00:00", "title": "Wycinanki pana N"}, {"desc": null, "start_date": "2026-09-03T01:10:00+00:00", "title": "Dekady Diany \u2013 Lata siedemdziesi\u0105te | E1/3"}, {"desc": null, "start_date": "2026-09-03T01:55:00+00:00", "title": "Niebezpieczne drogi \u2013 Teksas | E08"}, {"desc": null, "start_date": "2026-09-03T02:50:00+00:00", "title": "Korona G\u00f3r Polski 2 \u2013 Wysoka Kopa | S02E08"}, {"desc": null, "start_date": "2026-09-03T03:15:00+00:00", "title": "Zako\u0144czenie programu"}, {"desc": null, "start_date": "2026-09-03T03:50:00+00:00", "title": "Wykrywacz k\u0142amstw"}, {"desc": null, "start_date": "2026-09-03T04:20:00+00:00", "title": "Dzika Polska \u2013 \u0141owca dzikich kadr\u00f3w"}, {"desc": null, "start_date": "2026-09-03T04:50:00+00:00", "title": "Zakochaj si\u0119 w Polsce \u2013 Kra\u015bnik | E254"}, {"desc": null, "start_date": "2026-09-03T05:20:00+00:00", "title": "Podr\u00f3\u017ce z histori\u0105 \u2013 Kaszubskie \u017cycie | E43"}, {"desc": null, "start_date": "2026-09-03T06:00:00+00:00", "title": "Szmaragdowe wyspy | E01"}, {"desc": null, "start_date": "2026-09-03T07:00:00+00:00", "title": "Kalendarz przyrody \u2013 Pa\u017adziernik | E10"}, {"desc": null, "start_date": "2026-09-03T07:55:00+00:00", "title": "Cukrzyca, s\u0142ony rachunek"}, {"desc": null, "start_date": "2026-09-03T09:00:00+00:00", "title": "Magiczny Adriatyk \u2013 Od Ravenny po Vasto | E03"}, {"desc": null, "start_date": "2026-09-03T10:00:00+00:00", "title": "Ksi\u0105\u017c. Klucz do \u015al\u0105ska"}, {"desc": null, "start_date": "2026-09-03T11:05:00+00:00", "title": "Kto rz\u0105dzi \u015bwiatem? \u2013 Kto rz\u0105dzi \u015bwiatow\u0105 \u017cywno\u015bci\u0105? | S01E03"}, {"desc": null, "start_date": "2026-09-03T12:05:00+00:00", "title": "Szmaragdowe wyspy | E02"}, {"desc": null, "start_date": "2026-09-03T13:05:00+00:00", "title": "Kalendarz przyrody \u2013 Listopad | E11"}, {"desc": null, "start_date": "2026-09-03T14:05:00+00:00", "title": "Pestycydy, cicha zag\u0142ada"}, {"desc": null, "start_date": "2026-09-03T15:10:00+00:00", "title": "Magiczny Adriatyk \u2013 Od Splitu po Dubrownik | E04"}, {"desc": null, "start_date": "2026-09-03T16:15:00+00:00", "title": "Sanatorium mi\u0142o\u015bci 2 | S02E05"}, {"desc": null, "start_date": "2026-09-03T17:15:00+00:00", "title": "Kaziu, Polska Ci dzi\u0119kuje"}, {"desc": null, "start_date": "2026-09-03T18:10:00+00:00", "title": "Kto rz\u0105dzi \u015bwiatem? \u2013 Kto rz\u0105dzi \u015bwiatowym gruntem? | S01E04"}, {"desc": null, "start_date": "2026-09-03T19:15:00+00:00", "title": "Dekady Diany \u2013 Lata osiemdziesi\u0105te | E2/3"}, {"desc": null, "start_date": "2026-09-03T20:15:00+00:00", "title": "Barbara W\u0142odarczyk zaprasza \u2013 Gwardia Szwajcarska. Armia Watykanu"}, {"desc": null, "start_date": "2026-09-03T20:25:00+00:00", "title": "Gwardia Szwajcarska. Armia Watykanu"}, {"desc": null, "start_date": "2026-09-03T21:30:00+00:00", "title": "Niebezpieczne drogi \u2013 G\u00f3ry Skaliste | E09"}, {"desc": null, "start_date": "2026-09-03T22:35:00+00:00", "title": "Podr\u00f3\u017ce z histori\u0105 \u2013 Gor\u0105czka srebra | E14"}, {"desc": null, "start_date": "2026-09-03T23:35:00+00:00", "title": "Przyrodnik na tropie \u2013 Bocian bia\u0142y | E03"}], "offset": "+00:00", "timezone": "UTC", "error_code": -1, "start_date": "2026-09-02", "icon": "https://epg.pw/media/images/epg/2024/06/08/20240608034036493006_91.png"}