{"end_date": "2026-09-03", "name": "Polsat News", "info_url": "https://epg.pw/channels/7625/20260827.html", "country": "Russian Federation", "description": null, "error_message": "", "provider": "", "source_url": "https://epg.pw/api/epg.json?channel_id=7625&date=20260827&timezone=None", "epg_list": [{"desc": null, "start_date": "2026-09-02T00:30:00+00:00", "title": "Wydarzenia wieczorne"}, {"desc": null, "start_date": "2026-09-02T01:05:00+00:00", "title": "Go\u015b\u0107"}, {"desc": null, "start_date": "2026-09-02T01:40:00+00:00", "title": "Pogromcy mafii"}, {"desc": null, "start_date": "2026-09-02T02:25:00+00:00", "title": "Pogromcy mafii"}, {"desc": null, "start_date": "2026-09-02T03:15:00+00:00", "title": "Dzie\u0144 na \u015bwiecie"}, {"desc": null, "start_date": "2026-09-02T04:00:00+00:00", "title": "Nowy dzie\u0144"}, {"desc": null, "start_date": "2026-09-02T05:40:00+00:00", "title": "Graffiti"}, {"desc": null, "start_date": "2026-09-02T06:00:00+00:00", "title": "Nowy dzie\u0144"}, {"desc": null, "start_date": "2026-09-02T08:00:00+00:00", "title": "W rytmie dnia \u2013 serwis informacyjny"}, {"desc": null, "start_date": "2026-09-02T08:30:00+00:00", "title": "W rytmie dnia \u2013 serwis informacyjny"}, {"desc": null, "start_date": "2026-09-02T08:55:00+00:00", "title": "Pogoda"}, {"desc": null, "start_date": "2026-09-02T09:00:00+00:00", "title": "W rytmie dnia \u2013 serwis informacyjny"}, {"desc": null, "start_date": "2026-09-02T09:30:00+00:00", "title": "W rytmie dnia \u2013 serwis informacyjny"}, {"desc": null, "start_date": "2026-09-02T09:55:00+00:00", "title": "Pogoda"}, {"desc": null, "start_date": "2026-09-02T10:00:00+00:00", "title": "W rytmie dnia \u2013 serwis informacyjny"}, {"desc": null, "start_date": "2026-09-02T10:30:00+00:00", "title": "W rytmie dnia \u2013 serwis informacyjny"}, {"desc": null, "start_date": "2026-09-02T10:45:00+00:00", "title": "Pogoda"}, {"desc": null, "start_date": "2026-09-02T10:50:00+00:00", "title": "Wydarzenia 12:50"}, {"desc": null, "start_date": "2026-09-02T11:30:00+00:00", "title": "W rytmie dnia \u2013 serwis informacyjny"}, {"desc": null, "start_date": "2026-09-02T11:55:00+00:00", "title": "Pogoda"}, {"desc": null, "start_date": "2026-09-02T12:00:00+00:00", "title": "W rytmie dnia \u2013 serwis informacyjny"}, {"desc": null, "start_date": "2026-09-02T12:30:00+00:00", "title": "W rytmie dnia \u2013 serwis informacyjny"}, {"desc": null, "start_date": "2026-09-02T12:55:00+00:00", "title": "Pogoda"}, {"desc": null, "start_date": "2026-09-02T13:00:00+00:00", "title": "W rytmie dnia \u2013 serwis informacyjny"}, {"desc": null, "start_date": "2026-09-02T13:30:00+00:00", "title": "Sport"}, {"desc": null, "start_date": "2026-09-02T13:40:00+00:00", "title": "Pogoda"}, {"desc": null, "start_date": "2026-09-02T13:50:00+00:00", "title": "Wydarzenia 15:50"}, {"desc": null, "start_date": "2026-09-02T14:30:00+00:00", "title": "Punkt widzenia Jankowskiego"}, {"desc": null, "start_date": "2026-09-02T16:00:00+00:00", "title": "Punkt widzenia Szubartowicza"}, {"desc": null, "start_date": "2026-09-02T17:15:00+00:00", "title": "Go\u015b\u0107"}, {"desc": null, "start_date": "2026-09-02T17:50:00+00:00", "title": "Debata Gozdyry"}, {"desc": null, "start_date": "2026-09-02T19:50:00+00:00", "title": "Wydarzenia wieczorne"}, {"desc": null, "start_date": "2026-09-02T20:30:00+00:00", "title": "Dzie\u0144 na \u015bwiecie"}, {"desc": null, "start_date": "2026-09-02T21:30:00+00:00", "title": "Obraz dnia \u2013 serwis informacyjny"}, {"desc": null, "start_date": "2026-09-02T22:00:00+00:00", "title": "Punkt widzenia Jankowskiego"}, {"desc": null, "start_date": "2026-09-02T23:25:00+00:00", "title": "Punkt widzenia Szubartowicza"}, {"desc": null, "start_date": "2026-09-03T00:30:00+00:00", "title": "Wydarzenia wieczorne"}, {"desc": null, "start_date": "2026-09-03T01:05:00+00:00", "title": "Go\u015b\u0107"}, {"desc": null, "start_date": "2026-09-03T01:40:00+00:00", "title": "Najwi\u0119ksze \u015bledztwa CB\u015aP"}, {"desc": null, "start_date": "2026-09-03T02:25:00+00:00", "title": "Najwi\u0119ksze \u015bledztwa CB\u015aP"}, {"desc": null, "start_date": "2026-09-03T03:15:00+00:00", "title": "Dzie\u0144 na \u015bwiecie"}, {"desc": null, "start_date": "2026-09-03T04:00:00+00:00", "title": "Nowy dzie\u0144"}, {"desc": null, "start_date": "2026-09-03T05:40:00+00:00", "title": "Graffiti"}, {"desc": null, "start_date": "2026-09-03T06:00:00+00:00", "title": "Nowy dzie\u0144"}, {"desc": null, "start_date": "2026-09-03T08:00:00+00:00", "title": "W rytmie dnia \u2013 serwis informacyjny"}, {"desc": null, "start_date": "2026-09-03T08:30:00+00:00", "title": "W rytmie dnia \u2013 serwis informacyjny"}, {"desc": null, "start_date": "2026-09-03T08:55:00+00:00", "title": "Pogoda"}, {"desc": null, "start_date": "2026-09-03T09:00:00+00:00", "title": "W rytmie dnia \u2013 serwis informacyjny"}, {"desc": null, "start_date": "2026-09-03T09:30:00+00:00", "title": "W rytmie dnia \u2013 serwis informacyjny"}, {"desc": null, "start_date": "2026-09-03T09:55:00+00:00", "title": "Pogoda"}, {"desc": null, "start_date": "2026-09-03T10:00:00+00:00", "title": "W rytmie dnia \u2013 serwis informacyjny"}, {"desc": null, "start_date": "2026-09-03T10:30:00+00:00", "title": "W rytmie dnia \u2013 serwis informacyjny"}, {"desc": null, "start_date": "2026-09-03T10:45:00+00:00", "title": "Pogoda"}, {"desc": null, "start_date": "2026-09-03T10:50:00+00:00", "title": "Wydarzenia 12:50"}, {"desc": null, "start_date": "2026-09-03T11:30:00+00:00", "title": "W rytmie dnia \u2013 serwis informacyjny"}, {"desc": null, "start_date": "2026-09-03T11:55:00+00:00", "title": "Pogoda"}, {"desc": null, "start_date": "2026-09-03T12:00:00+00:00", "title": "W rytmie dnia \u2013 serwis informacyjny"}, {"desc": null, "start_date": "2026-09-03T12:30:00+00:00", "title": "W rytmie dnia \u2013 serwis informacyjny"}, {"desc": null, "start_date": "2026-09-03T12:55:00+00:00", "title": "Pogoda"}, {"desc": null, "start_date": "2026-09-03T13:00:00+00:00", "title": "W rytmie dnia \u2013 serwis informacyjny"}, {"desc": null, "start_date": "2026-09-03T13:30:00+00:00", "title": "Sport"}, {"desc": null, "start_date": "2026-09-03T13:40:00+00:00", "title": "Pogoda"}, {"desc": null, "start_date": "2026-09-03T13:50:00+00:00", "title": "Wydarzenia 15:50"}, {"desc": null, "start_date": "2026-09-03T14:30:00+00:00", "title": "Punkt widzenia Jankowskiego"}, {"desc": null, "start_date": "2026-09-03T16:00:00+00:00", "title": "Punkt widzenia Szubartowicza"}, {"desc": null, "start_date": "2026-09-03T17:15:00+00:00", "title": "Go\u015b\u0107"}, {"desc": null, "start_date": "2026-09-03T17:50:00+00:00", "title": "Debata Gozdyry"}, {"desc": null, "start_date": "2026-09-03T19:50:00+00:00", "title": "Wydarzenia wieczorne"}, {"desc": null, "start_date": "2026-09-03T20:30:00+00:00", "title": "Dzie\u0144 na \u015bwiecie"}, {"desc": null, "start_date": "2026-09-03T21:30:00+00:00", "title": "Obraz dnia \u2013 serwis informacyjny"}, {"desc": null, "start_date": "2026-09-03T22:00:00+00:00", "title": "Punkt widzenia Jankowskiego"}, {"desc": null, "start_date": "2026-09-03T23:25:00+00:00", "title": "Punkt widzenia Szubartowicza"}], "offset": "+00:00", "timezone": "UTC", "error_code": -1, "start_date": "2026-09-02", "icon": "https://epg.pw/media/images/epg/2024/06/08/20240608035053578126_21.png"}