{"end_date": "2026-05-01", "name": "ORF 2", "info_url": "https://epg.pw/channels/76616/20260430.html", "country": "Germany", "description": null, "error_message": "", "provider": "", "source_url": "https://epg.pw/api/epg.json?channel_id=76616&date=20260430&timezone=None", "epg_list": [{"desc": "Von Patron und K\u00fcchenchef Stephan Vadnjal und dem W\u00f6rthersee als Quelle f\u00fcr Energie und saftige Reinanken. Vom bildenden K\u00fcnstler Richard Klammer, seinen Wegen aus Klagenfurt fort und nach Klagenfurt wieder zur\u00fcck. (Senderinfo).", "start_date": "2026-04-30T00:45:00+00:00", "title": "Aufgetischt vor 10"}, {"desc": "Die Poesie des Augenblicks in der Natur bleibt dem menschlichen Auge oft verborgen, denn die faszinierendsten Momente der Tiere passieren oft zu schnell, dass wir sie nicht sehen. Etwa, wenn sich ein Eisvogel aus dem Wasser erhebt oder wenn der Wanderfalke, der schnellste Vogel der Welt, Jagd auf Stare macht.\\n\\nMit extremen Zeitlupen und -raffern zeigt Christian Baumeister einen verborgenen Kosmo", "start_date": "2026-04-30T00:50:00+00:00", "title": "Universum"}, {"desc": "Um ihre Pension aufzustocken, geht Frau Singer stundenweise bei der Studentin Manuela Lautner putzen. Der Schock ist gro\u00df, als sie die blutjunge Frau eines Morgens tot in ihrer Wohnung auffindet. Alles deutet darauf hin, dass die 29-J\u00e4hrige im Affekt erstickt wurde. Bei der Tatortbegehung f\u00e4llt den Kommissaren die exklusive Ausstattung ihrer Wohnung auf. Offenbar hatte Frau Lautner einen reichen G", "start_date": "2026-04-30T01:35:00+00:00", "title": "Die Rosenheim-Cops"}, {"desc": "Das t\u00e4gliche Gesellschaftsmagazin des ORF informiert \u00fcber Premieren, Kulturfestivals, Charity-Aktionen und die nationale und internationale High Society. (Senderinfo).", "start_date": "2026-04-30T02:20:00+00:00", "title": "Seitenblicke"}, {"desc": "Patrick Budgen oder Mariella Gittler stellen die Menschen hinter den Schlagzeilen vor und beleuchten im pers\u00f6nlichen Gespr\u00e4ch prominente und weniger prominente Lebensgeschichten, die im aktuellen Geschehen \u00d6sterreichs von Relevanz sind. \"Hinter den Schlagzeilen\" bietet Information mit Herz und \u00f6ffnet dem ORF-Publikum neue Perspektiven und interessante Lebenswelten. (Senderinfo).", "start_date": "2026-04-30T02:25:00+00:00", "title": "Hinter den Schlagzeilen"}, {"desc": "\"Studio 2\" ist DIE TV-Illustrierte \u2013 aktuell, informativ und unterhaltsam. Das Service-Magazin beleuchtet Hintergr\u00fcnde zu aktuellen Ereignissen, unterst\u00fctzt bei Alltagsfragen und blickt hinter die Kulissen von Kultur und Society. \"Studio 2\" bietet t\u00e4glich die besten Tipps f\u00fcr Gesundheit, Lifestyle, Kulinarik und ein achtsames Leben. Durch die Sendung f\u00fchren Barbara Karlich, Verena Hartlieb und Nor", "start_date": "2026-04-30T02:55:00+00:00", "title": "Studio 2"}, {"desc": "Neben den Verbraucherinformationen stehen Hintergr\u00fcnde, Fakten, Reportagen \u00fcber Probleme der Zuschauerinnen und Zuschauer sowie umweltvertr\u00e4gliche Tipps und Ratschl\u00e4ge im Vordergrund des Magazins. (Senderinfo).", "start_date": "2026-04-30T03:55:00+00:00", "title": "konkret"}, {"desc": "Ein bunter Mix aus Panoramabildern ausgew\u00e4hlter Destinationen, versehen mit objektiven Infos \u00fcber Schnee- und Wetterlage sowie weiteren Informationen unterh\u00e4lt und erzeugt Urlaubsflair. (Senderinfo).", "start_date": "2026-04-30T04:10:00+00:00", "title": "Wetter-Panorama und Programmvorschau"}, {"desc": "Am 1. Mai startet das umstrittene Mercosur-Abkommen. ORF Wirtschaftsexperte und \"ZIB 2\"-Chef Christoph Varga analysiert die Vor- und Nachteile dieses Handelsabkommens. Gartentipps kommen diese Woche von Reinhard Kittenberger. Bevor das \u00f6sterreichische Indie-Folk-Duo Michelle Gonzalez und Kevin Etheridge nach Costa Rica aufbricht, um als Vorband beim Ed-Sheeran-Konzert aufzutreten, pr\u00e4sentieren die", "start_date": "2026-04-30T04:30:00+00:00", "title": "Guten Morgen \u00d6sterreich"}, {"desc": "Es wird vom aktuellen Geschehen in \u00d6sterreich und weltweit berichtet. Mit den wichtigsten Neuigkeiten aus Wirtschaft, Politik, Gesellschaft und Sport bleiben das Publikum stets auf dem Laufenden. (Senderinfo).", "start_date": "2026-04-30T05:00:00+00:00", "title": "ZIB"}, {"desc": "Das Team des Morgenmagazins ist st\u00e4ndig unterwegs. Jeden Morgen wird aus einer anderen Gemeinde gesendet und \u00fcber die jeweiligen Gemeinden sowie Neuigkeiten aus \u00d6sterreich und der Welt informiert. (Senderinfo).", "start_date": "2026-04-30T05:10:00+00:00", "title": "Guten Morgen \u00d6sterreich"}, {"desc": "Es wird vom aktuellen Geschehen in \u00d6sterreich und weltweit berichtet. Mit den wichtigsten Neuigkeiten aus Wirtschaft, Politik, Gesellschaft und Sport bleiben das Publikum stets auf dem Laufenden. (Senderinfo).", "start_date": "2026-04-30T05:30:00+00:00", "title": "ZIB"}, {"desc": "Das Team des Morgenmagazins ist st\u00e4ndig unterwegs. Jeden Morgen wird aus einer anderen Gemeinde gesendet und \u00fcber die jeweiligen Gemeinden sowie Neuigkeiten aus \u00d6sterreich und der Welt informiert. (Senderinfo).", "start_date": "2026-04-30T05:33:00+00:00", "title": "Guten Morgen \u00d6sterreich"}, {"desc": "Es wird vom aktuellen Geschehen in \u00d6sterreich und weltweit berichtet. Mit den wichtigsten Neuigkeiten aus Wirtschaft, Politik, Gesellschaft und Sport bleiben das Publikum stets auf dem Laufenden. (Senderinfo).", "start_date": "2026-04-30T06:00:00+00:00", "title": "ZIB"}, {"desc": "Das Team des Morgenmagazins ist st\u00e4ndig unterwegs. Jeden Morgen wird aus einer anderen Gemeinde gesendet und \u00fcber die jeweiligen Gemeinden sowie Neuigkeiten aus \u00d6sterreich und der Welt informiert. (Senderinfo).", "start_date": "2026-04-30T06:10:00+00:00", "title": "Guten Morgen \u00d6sterreich"}, {"desc": "Es wird vom aktuellen Geschehen in \u00d6sterreich und weltweit berichtet. Mit den wichtigsten Neuigkeiten aus Wirtschaft, Politik, Gesellschaft und Sport bleiben das Publikum stets auf dem Laufenden. (Senderinfo).", "start_date": "2026-04-30T06:30:00+00:00", "title": "ZIB"}, {"desc": "Das Team des Morgenmagazins ist st\u00e4ndig unterwegs. Jeden Morgen wird aus einer anderen Gemeinde gesendet und \u00fcber die jeweiligen Gemeinden sowie Neuigkeiten aus \u00d6sterreich und der Welt informiert. (Senderinfo).", "start_date": "2026-04-30T06:33:00+00:00", "title": "Guten Morgen \u00d6sterreich"}, {"desc": "Es wird vom aktuellen Geschehen in \u00d6sterreich und weltweit berichtet. Mit den wichtigsten Neuigkeiten aus Wirtschaft, Politik, Gesellschaft und Sport bleiben das Publikum stets auf dem Laufenden. (Senderinfo).", "start_date": "2026-04-30T07:00:00+00:00", "title": "ZIB"}, {"desc": "\"Fit mit den Stars\" bringt t\u00e4glich frische Motivation f\u00fcr einen aktiven Start in den Tag! Das ORF-Fitnessformat l\u00e4uft von Montag bis Freitag um 9:10 Uhr auf ORF 2. Ob Tanzprofi, Sportlegende oder TV-Star \u2013 jede prominente Person bringt seine oder ihre pers\u00f6nliche Note in die Fitness\u00fcbungen ein. Neben wechselnden G\u00e4sten sorgen Fixstarter Conny Kreuter und Corinna Kamper mit ihren abwechslungsreiche", "start_date": "2026-04-30T07:10:00+00:00", "title": "Fit mit den Stars"}, {"desc": null, "start_date": "2026-04-30T07:27:00+00:00", "title": "Wetter-Panorama"}, {"desc": "Kochen mit den besten K\u00f6chinnen und K\u00f6chen \u00d6sterreichs und zus\u00e4tzlich in die sch\u00f6nsten Regionen des Landes entf\u00fchrt werden \u2013 das verspricht Silvia Schneider. Von Montag bis Donnerstag kocht die Moderatorin mit ihren G\u00e4sten im neuen Kochstudio. Am Freitag zieht es sie hinaus in die sch\u00f6nsten Regionen des Landes. Dort pr\u00e4sentiert sie Ausflugs- und Restauranttipps sowie kulinarische Gustost\u00fcckerl. Je", "start_date": "2026-04-30T07:30:00+00:00", "title": "Silvia kocht"}, {"desc": "Thomas und Jakob Ressler bekommen heraus, dass sich B\u00fcrgermeister Georg Plattner am Wellnessprojekt rund um Schloss Bergham pers\u00f6nlich bereichern wollte. Thomas r\u00e4t daraufhin Schlossbesitzer Andreas Koblenz sein Anwesen nicht der Stadtgemeinde Rust zu verkaufen. Das erf\u00e4hrt Georg in der Rehaklinik. Als er auch noch erfahren muss, dass Paul und Thomas in seinem Weingut aushelfen, plant er sein bald", "start_date": "2026-04-30T07:55:00+00:00", "title": "Der Winzerk\u00f6nig"}, {"desc": "Die Dokumentation widmet sich einer der eindrucksvollsten Flusslandschaften im Herzen Ober\u00f6sterreichs. Entlang der smaragdgr\u00fcnen Steyr, die vom Toten Gebirge bis in die alte Eisenstadt Steyr flie\u00dft, entfaltet sich eine ber\u00fchrende filmische Reise durch Natur, Kultur und Geschichte. Im Mittelpunkt stehen Menschen, die tief mit dem Tal verwurzelt sind: Sensenmacher, Kunstschmiede, Wildh\u00fcter, Musiker ", "start_date": "2026-04-30T08:40:00+00:00", "title": "Erlebnis \u00d6sterreich"}, {"desc": "Karl Ploberger pr\u00e4sentiert einen Tiroler Gastgarten, praxisnahe Erd\u00e4pfeltipps und Kr\u00e4uterhexe Uschi Zezelitsch widmet sich dem aromatischen Lauch in all seinen Facetten. Die G\u00e4rtnerinnen auf der Garten Tulln gestalten nat\u00fcrliche Fr\u00fchlingsdekorationen. (Senderinfo).", "start_date": "2026-04-30T09:05:00+00:00", "title": "Natur im Garten"}, {"desc": "Wenige Branchen haben einen so schlechten Ruf wie der Tourismus, wenn es um den richtigen Arbeitsplatz f\u00fcrs Leben geht. Doch es gibt sie, die jungen Nachwuchstalente, die allen Unkenrufen zum Trotz sagen: \"Wir sind Tourismus!\" Sie schreiben gemeinsam junge Erfolgsgeschichten aus K\u00e4rnten. Junge Menschen, die f\u00fcr ihre Leidenschaft brennen und G\u00e4ste umsorgen, sei es im Service, in der K\u00fcche oder an d", "start_date": "2026-04-30T09:30:00+00:00", "title": "\u00d6sterreich-Bild aus dem Landesstudio K\u00e4rnten"}, {"desc": "F\u00fcr die Menschen im Iran ist ihre Lage gerade erdr\u00fcckend wie nie zuvor. Zwei Monate nach Kriegsbeginn schwankt die Bev\u00f6lkerung zwischen Hoffnung, Angst und der Sorge, dass die fragile Waffenruhe nicht h\u00e4lt. Das WELTjournal zeigt im Geheimen gedrehte Bilder, die einen seltenen Einblick in den Kriegsalltag er\u00f6ffnen. Familien, die jetzt st\u00e4ndig mit Blick auf die Nachrichten, ohne Arbeit und Einkommen", "start_date": "2026-04-30T09:55:00+00:00", "title": "Iran \u2013 Widerstand und Hoffnung im Krieg"}, {"desc": "\"Kampf der Systeme\": Verbrennermotor gegen Elektroauto: Europ\u00e4ische PKW-Hersteller versenken Milliarden Euro mit falscher Elektrostrategie, die Gewinne brechen ein und der Absatz in China kollabiert. In der EU werden immer weniger Diesel und Benzin-PKW verkauft. Am h\u00e4ufigsten suchen die Kunden nach Hybrid-Modellen \u2013 g\u00fcnstige chinesische Importe \u00fcberrollen gerade den Markt. Gast im Studio: Sigrid S", "start_date": "2026-04-30T10:25:00+00:00", "title": "Fokus Europa"}, {"desc": null, "start_date": "2026-04-30T10:55:00+00:00", "title": "Wetterschau"}, {"desc": "Es wird vom aktuellen Geschehen in \u00d6sterreich und weltweit berichtet. Mit den wichtigsten Neuigkeiten aus Wirtschaft, Politik, Gesellschaft und Sport bleiben das Publikum stets auf dem Laufenden. (Senderinfo).", "start_date": "2026-04-30T11:00:00+00:00", "title": "ZIB"}, {"desc": "Die Sendung bietet die aktuellsten Wettermeldungen. Nat\u00fcrlich gibt es auch einen Ausblick auf das Wetter der n\u00e4chsten Tage, Unwetterwarnungen, einen Regenradar und das internationale Reisewetter. (Senderinfo).", "start_date": "2026-04-30T11:25:00+00:00", "title": "Wetter"}, {"desc": "Die aktuellsten Nachrichten aus \u00d6sterreich und der ganzen Welt. Immer auf dem neuesten Stand \u2013 mit Letzten Meldungen, Livetickern und Benachrichtigungen f\u00fcr die wichtigsten Ereignisse.  (Senderinfo).", "start_date": "2026-04-30T11:30:00+00:00", "title": "Aktuell nach eins"}, {"desc": "Das t\u00e4gliche Gesellschaftsmagazin des ORF informiert \u00fcber Premieren, Kulturfestivals, Charity-Aktionen und die nationale und internationale High Society. (Senderinfo).", "start_date": "2026-04-30T12:15:00+00:00", "title": "Seitenblicke"}, {"desc": "Am Freitag ist Silvia Schneider unterwegs in Krems. Sie beginnt ihre Tour durch die \"S\u00fc\u00dfeste Stadt \u00d6sterreichs\" mit einem Spaziergang \u00fcber den Wochenmarkt. Nirgendwo sonst ist die Dichte an B\u00e4ckern und Zuckerb\u00e4ckern h\u00f6her als in der nieder\u00f6sterreichischen Stadt an der Donau. Da darf ein Stopp in einer Konditorei nicht fehlen \u2013 und so besucht Silvia Schneider den Betrieb von Thomas Hagmann, wo seit", "start_date": "2026-04-30T12:20:00+00:00", "title": "Silvia kocht"}, {"desc": "Schlagartig begreift Kilian, dass Yannik immer recht hatte: Larissa ist skrupellos. Der vermeintliche Giftanschlag auf sie war nur inszeniert. \u00dcberst\u00fcrzt macht sich Kilian auf die Suche nach Fanny. Larissa, die bef\u00fcrchtet, Kilian endg\u00fcltig zu verlieren, eilt ihm hinterher. Derweil erfahren die Geschwister Jakobi, dass Anklage gegen sie erhoben wurde. Im Grunde haben sie nur eine Option: Olivia mus", "start_date": "2026-04-30T12:45:00+00:00", "title": "Sturm der Liebe"}, {"desc": "Johannes Klausberger liebt die Falknerei und kann davon recht gut leben. Weil er so t\u00fcchtig ist, ist es ihm sogar m\u00f6glich, als Sponsor der Musikakademie aufzutreten. Als Klausberger eines Morgens auf offener Stra\u00dfe erschossen wird, f\u00e4llt es schwer, ihn durch neue Geldgeber zu ersetzen. Polizeichef Achtziger und Marie Hofer fangen sich mehrere Absagen ein, w\u00e4hrend die Cops Hansen und Hartl in ihren", "start_date": "2026-04-30T13:35:00+00:00", "title": "Die Rosenheim-Cops"}, {"desc": "Patrick Budgen oder Mariella Gittler stellen die Menschen hinter den Schlagzeilen vor und beleuchten im pers\u00f6nlichen Gespr\u00e4ch prominente und weniger prominente Lebensgeschichten, die im aktuellen Geschehen \u00d6sterreichs von Relevanz sind. \"Hinter den Schlagzeilen\" bietet Information mit Herz und \u00f6ffnet dem ORF-Publikum neue Perspektiven und interessante Lebenswelten. (Senderinfo).", "start_date": "2026-04-30T14:20:00+00:00", "title": "Hinter den Schlagzeilen"}, {"desc": "Es wird vom aktuellen Geschehen in \u00d6sterreich und weltweit berichtet. Mit den wichtigsten Neuigkeiten aus Wirtschaft, Politik, Gesellschaft und Sport bleiben das Publikum stets auf dem Laufenden. (Senderinfo).", "start_date": "2026-04-30T15:00:00+00:00", "title": "ZIB"}, {"desc": "Die aktuellsten Nachrichten aus \u00d6sterreich und der ganzen Welt. Immer auf dem neuesten Stand \u2013 mit Letzten Meldungen, Livetickern und Benachrichtigungen f\u00fcr die wichtigsten Ereignisse. (Senderinfo).", "start_date": "2026-04-30T15:05:00+00:00", "title": "Aktuell nach f\u00fcnf"}, {"desc": "\"Studio 2\" ist DIE TV-Illustrierte \u2013 aktuell, informativ und unterhaltsam. Das Service-Magazin beleuchtet Hintergr\u00fcnde zu aktuellen Ereignissen, unterst\u00fctzt bei Alltagsfragen und blickt hinter die Kulissen von Kultur und Society. \"Studio 2\" bietet t\u00e4glich die besten Tipps f\u00fcr Gesundheit, Lifestyle, Kulinarik und ein achtsames Leben. Durch die Sendung f\u00fchren Barbara Karlich, Verena Hartlieb und Nor", "start_date": "2026-04-30T15:30:00+00:00", "title": "Studio 2"}, {"desc": "Neben den Verbraucherinformationen stehen Hintergr\u00fcnde, Fakten, Reportagen \u00fcber Probleme der Zuschauerinnen und Zuschauer sowie umweltvertr\u00e4gliche Tipps und Ratschl\u00e4ge im Vordergrund des Magazins. (Senderinfo).", "start_date": "2026-04-30T16:30:00+00:00", "title": "konkret"}, {"desc": "Die Sendung bietet interessante Produktvorstellungen, Gewinnspiele und h\u00e4lt die Zuschauer mit cleveren Tipps und Tricks zu den Themen Haushalt, Garten und Familie auf dem Laufenden. (Senderinfo).", "start_date": "2026-04-30T16:51:00+00:00", "title": "infos & tipps"}, {"desc": null, "start_date": "2026-04-30T17:00:00+00:00", "title": "Bundesland heute"}, {"desc": "Ob Schneefall im Winter, Gewitter im Fr\u00fchling, Hitzewelle und Ozonbelastung im Sommer oder dichter Nebel und Sturmwarnungen im Herbst \u2013 die Sendung bietet den Zuschauern aktuelle Wettermeldungen. (Senderinfo).", "start_date": "2026-04-30T17:23:00+00:00", "title": "Wetter Bundesland"}, {"desc": null, "start_date": "2026-04-30T17:30:00+00:00", "title": "Zeit im Bild"}, {"desc": "Die Sendung bietet die aktuellsten Wettermeldungen. Nat\u00fcrlich gibt es auch einen Ausblick auf das Wetter der n\u00e4chsten Tage, Unwetterwarnungen, einen Regenradar und das internationale Reisewetter. (Senderinfo).", "start_date": "2026-04-30T17:51:00+00:00", "title": "Wetter"}, {"desc": "Siege und Niederlagen, aktuelle Sportergebnisse, sowie Interviews und Stellungnahmen, Live-Schaltungen ins Stadion oder auf die Formel-1-Rennstrecke: Die Sportredaktion informiert sie umfassend. (Senderinfo).", "start_date": "2026-04-30T17:56:00+00:00", "title": "Sport Aktuell"}, {"desc": "Das t\u00e4gliche Gesellschaftsmagazin des ORF informiert \u00fcber Premieren, Kulturfestivals, Charity-Aktionen und die nationale und internationale High Society. (Senderinfo).", "start_date": "2026-04-30T18:05:00+00:00", "title": "Seitenblicke"}, {"desc": "Marie Hofer staunt nicht schlecht, als sie nach einem Rendezvous mit ihrer Jugendliebe Viktor von Tauffenstein die Zeche f\u00fcr das Essen zahlen muss. Ohne viel Worte hat sich ihr blaubl\u00fctiger Kavalier einfach aus dem Staub gemacht. Tags darauf wird er erschlagen in der Familiengruft aufgefunden. Erst k\u00fcrzlich hatte der Aristokrat zum mittlerweile vierten Mal geheiratet. Bei den Ermittlungen kristall", "start_date": "2026-04-30T18:15:00+00:00", "title": "Die Rosenheim-Cops"}, {"desc": "Gustav S. reiste mit der \u00d6BB von Villach nach Wien und setzte sich auf einen freien Sitzplatz. In Klagenfurt stieg eine Reisende zu mit einer Reservierung f\u00fcr genau diesen Sitzplatz. Doch Dr. S. weigerte sich, den Platz zu verlassen, schlie\u00dflich war er nicht als reserviert gekennzeichnet. Beim n\u00e4chsten Halt stiegen drei Polizeibeamte zu, die Herrn G. aus dem Zug eskortierten. Er muss sich wegen St", "start_date": "2026-04-30T19:05:00+00:00", "title": "Schauplatz Gericht"}, {"desc": "Die t\u00e4gliche Nachrichtensendung beleuchtet in Reportagen und Hintergrundberichten kritisch die wichtigsten Ereignisse und Entwicklungen aus Politik, Wirtschaft, Wissenschaft, Zeitgeschehen und Kultur. (Senderinfo).", "start_date": "2026-04-30T20:00:00+00:00", "title": "ZIB 2"}, {"desc": "Die Sendung pr\u00e4sentiert alles Wichtige aus Politik, Wirtschaft, Wissenschaft, Technik und mehr. Dar\u00fcber hinaus Kommentare, Interviews und Hintergr\u00fcnde zu nationalen und internationalen Themen. (Senderinfo).", "start_date": "2026-04-30T20:30:00+00:00", "title": "Eco"}, {"desc": "Die Moderatorin Barbara St\u00f6ckl steht f\u00fcr Kompetenz, Glaubw\u00fcrdigkeit, Offenheit und Neugier. Sie sucht nicht die Konfrontation, sie entdeckt den Menschen hinter der Pers\u00f6nlichkeit: Alles, was die G\u00e4ste bewegt, kann zur Sprache kommen \u2013 ihre Geschichte, ihre Zukunftsbilder. Spannung und Unterhaltung garantiert auch die Konstellation der G\u00e4ste untereinander, denn der Spannungsbogen reicht von jenen, ", "start_date": "2026-04-30T21:05:00+00:00", "title": "ST\u00d6CKL"}, {"desc": "Bei Schie\u00df\u00fcbungen im Steinbruch trifft der Franzi (Enzo Gaier) statt der Flasche den geliebten Gro\u00dfvater Anton (August Schm\u00f6lzer). Blutend liegt der Opa im Schotter, reagiert nicht auf Franzi. Statt Hilfe zu holen, rennt der Bub panisch davon; und nicht nur aus Furcht vor den Konsequenzen schweigt er gegen\u00fcber den Eltern Irene (Franziska Weisz) und Franz (Max von Thun). Derweil erwacht Anton Wolf ", "start_date": "2026-04-30T22:05:00+00:00", "title": "Treibjagd im Dorf"}, {"desc": "Gustav S. reiste mit der \u00d6BB von Villach nach Wien und setzte sich auf einen freien Sitzplatz. In Klagenfurt stieg eine Reisende zu mit einer Reservierung f\u00fcr genau diesen Sitzplatz. Doch Dr. S. weigerte sich, den Platz zu verlassen, schlie\u00dflich war er nicht als reserviert gekennzeichnet. Beim n\u00e4chsten Halt stiegen drei Polizeibeamte zu, die Herrn G. aus dem Zug eskortierten. Er muss sich wegen St", "start_date": "2026-04-30T23:35:00+00:00", "title": "Schauplatz Gericht"}, {"desc": "Die Sendung pr\u00e4sentiert alles Wichtige aus Politik, Wirtschaft, Wissenschaft, Technik und mehr. Dar\u00fcber hinaus Kommentare, Interviews und Hintergr\u00fcnde zu nationalen und internationalen Themen. (Senderinfo).", "start_date": "2026-05-01T00:25:00+00:00", "title": "Eco"}, {"desc": "Die Moderatorin Barbara St\u00f6ckl steht f\u00fcr Kompetenz, Glaubw\u00fcrdigkeit, Offenheit und Neugier. Sie sucht nicht die Konfrontation, sie entdeckt den Menschen hinter der Pers\u00f6nlichkeit: Alles, was die G\u00e4ste bewegt, kann zur Sprache kommen \u2013 ihre Geschichte, ihre Zukunftsbilder. Spannung und Unterhaltung garantiert auch die Konstellation der G\u00e4ste untereinander, denn der Spannungsbogen reicht von jenen, ", "start_date": "2026-05-01T00:55:00+00:00", "title": "ST\u00d6CKL"}, {"desc": "Am Freitag ist Silvia Schneider unterwegs in Krems. Sie beginnt ihre Tour durch die \"S\u00fc\u00dfeste Stadt \u00d6sterreichs\" mit einem Spaziergang \u00fcber den Wochenmarkt. Nirgendwo sonst ist die Dichte an B\u00e4ckern und Zuckerb\u00e4ckern h\u00f6her als in der nieder\u00f6sterreichischen Stadt an der Donau. Da darf ein Stopp in einer Konditorei nicht fehlen \u2013 und so besucht Silvia Schneider den Betrieb von Thomas Hagmann, wo seit", "start_date": "2026-05-01T01:55:00+00:00", "title": "Silvia kocht"}, {"desc": "Das t\u00e4gliche Gesellschaftsmagazin des ORF informiert \u00fcber Premieren, Kulturfestivals, Charity-Aktionen und die nationale und internationale High Society. (Senderinfo).", "start_date": "2026-05-01T02:20:00+00:00", "title": "Seitenblicke"}, {"desc": "Patrick Budgen oder Mariella Gittler stellen die Menschen hinter den Schlagzeilen vor und beleuchten im pers\u00f6nlichen Gespr\u00e4ch prominente und weniger prominente Lebensgeschichten, die im aktuellen Geschehen \u00d6sterreichs von Relevanz sind. \"Hinter den Schlagzeilen\" bietet Information mit Herz und \u00f6ffnet dem ORF-Publikum neue Perspektiven und interessante Lebenswelten. (Senderinfo).", "start_date": "2026-05-01T02:25:00+00:00", "title": "Hinter den Schlagzeilen"}, {"desc": "\"Studio 2\" ist DIE TV-Illustrierte \u2013 aktuell, informativ und unterhaltsam. Das Service-Magazin beleuchtet Hintergr\u00fcnde zu aktuellen Ereignissen, unterst\u00fctzt bei Alltagsfragen und blickt hinter die Kulissen von Kultur und Society. \"Studio 2\" bietet t\u00e4glich die besten Tipps f\u00fcr Gesundheit, Lifestyle, Kulinarik und ein achtsames Leben. Durch die Sendung f\u00fchren Barbara Karlich, Verena Hartlieb und Nor", "start_date": "2026-05-01T02:55:00+00:00", "title": "Studio 2"}, {"desc": "Neben den Verbraucherinformationen stehen Hintergr\u00fcnde, Fakten, Reportagen \u00fcber Probleme der Zuschauerinnen und Zuschauer sowie umweltvertr\u00e4gliche Tipps und Ratschl\u00e4ge im Vordergrund des Magazins. (Senderinfo).", "start_date": "2026-05-01T03:50:00+00:00", "title": "konkret"}, {"desc": null, "start_date": "2026-05-01T04:10:00+00:00", "title": "Text Aktuell"}, {"desc": null, "start_date": "2026-05-01T05:00:00+00:00", "title": "Wetter-Panorama"}, {"desc": "Es wird vom aktuellen Geschehen in \u00d6sterreich und weltweit berichtet. Mit den wichtigsten Neuigkeiten aus Wirtschaft, Politik, Gesellschaft und Sport bleiben das Publikum stets auf dem Laufenden. (Senderinfo).", "start_date": "2026-05-01T07:00:00+00:00", "title": "ZIB"}, {"desc": "Er ist aus der heimischen Kabarettszene nicht wegzudenken, auch als Schauspieler erwarb er sich Meriten. 45 Jahre dauert seine Karriere nunmehr an, am 1. Mai feiert Andreas Vit\u00e1sek seinen 70. Geburtstag. Aufgewachsen ist er im 10. Wiener Gemeindebezirk, Favoriten \u2013 ganz offenbar ein besonderer N\u00e4hrboden f\u00fcr kreative Menschen. Diese Folge der popul\u00e4ren Bezirke-Reihe versammelt neben Vit\u00e1sek Roland ", "start_date": "2026-05-01T07:05:00+00:00", "title": "Mein Favoriten"}, {"desc": "\u201eIch kann so nicht mehr weiter.\u201c Mehr Worte findet Theo Bretterer (Andreas Vit\u00e1sek) f\u00fcr seine Midlife-Crisis nicht. Aber Taten: Der schweigsame Finanzberater verl\u00e4sst Frau und Firma, um mit Harley und H\u00e4schen der verlorenen Jugend nachzujagen. W\u00e4hrend Gattin Gabi (Susanne Lothar) sich m\u00fchsam aufrappelt und im stotternden Jugendfreund Rudi (Ludwig Hirsch) einen Verehrer findet, zeigt Theos neues Le", "start_date": "2026-05-01T08:05:00+00:00", "title": "Und ewig schweigen die M\u00e4nner"}, {"desc": "Seit 150 Jahren inspiriert die Sandinsel im Norden der Lagune von Venedig ihre Besucher mehr als jeder andere Badeort an der vormals \u00f6sterreichischen Adria: Weil man mit Grado so unwiderstehlich sch\u00f6ne Kindheitserinnerungen verbindet, weil der Sand so gelb und das Eisstanitzel so bunt ist, weil die Weite der Lagune und die Enge der Altstadtg\u00e4sschen faszinieren \u2013 die Anziehungskraft des St\u00e4dtchens ", "start_date": "2026-05-01T09:35:00+00:00", "title": "Sehnsucht nach Grado"}, {"desc": "Es ist eine au\u00dfergew\u00f6hnliche Radtour von den Alpen an das Meer. In acht Etappen erlebt man auf einer Wegstrecke von 410 km eine facettenreiche Vielfalt. Zu den Wegbegleitern z\u00e4hlen idyllische Orte, eindrucksvolle Sehensw\u00fcrdigkeiten und imposante Naturlandschaften. Kulinarische K\u00f6stlichkeiten im Wandel von Alpe und Adria versprechen genussvolle St\u00e4rkung. Der CAAR, wie er kurz genannt wird, ist ein ", "start_date": "2026-05-01T10:30:00+00:00", "title": "Der Ciclovia Alpe Adria Radweg"}, {"desc": null, "start_date": "2026-05-01T10:55:00+00:00", "title": "Wetterschau"}, {"desc": "Es wird vom aktuellen Geschehen in \u00d6sterreich und weltweit berichtet. Mit den wichtigsten Neuigkeiten aus Wirtschaft, Politik, Gesellschaft und Sport bleiben das Publikum stets auf dem Laufenden. (Senderinfo).", "start_date": "2026-05-01T11:00:00+00:00", "title": "ZIB"}, {"desc": "Sommer in Wien. Wenn sich die Buntheit des Parks ins kaiserliche Gelb des Schlosses mischt, ist die beste Zeit f\u00fcr eine Forschungsreise in die ehemalige Wiener Vorstadt, nach Sch\u00f6nbrunn. Entdeckungen sind garantiert, auch f\u00fcr Einheimische, die glauben, schon alles zu kennen. Trotz oder vielleicht gerade wegen unaufhaltsamer Touristen-Str\u00f6me ist ein Blick in das Innere, hinter die attraktive Kuliss", "start_date": "2026-05-01T11:10:00+00:00", "title": "Aufgetischt"}, {"desc": "Dr. Toni Bucher (Wepper) ist ein Charmeur alter Wiener Schule, und seine Geliebte ist nicht mal halb so alt wie er. Nun schleppt Studentin Emma (Eva-Maria Grein von Friedl) ihren Sugardaddy zum romantischen Kurzurlaub nach St. Gilgen am Wolfgangsee. Zu bl\u00f6d: Aufgrund einer Doppelbelegung m\u00fcssen sich die Turtelt\u00e4ubchen ihr Domizil mit der Kochbuchautorin Julia (Gila von Weitershausen) und deren Vat", "start_date": "2026-05-01T12:00:00+00:00", "title": "Alles au\u00dfer Liebe"}, {"desc": "Kinderkrankenschwester Britta (Stephanie Kellner) m\u00f6chte sich zur Kinder\u00e4rztin weiterbilden und liegt dar\u00fcber im Zwist mit ihrem Freund, der offenbar zu viel Eva Herman gelesen hat. Zur Erholung nimmt Freundin Stine (Jana Klinge) sie mit auf Gut Sommarholm \u2013 wo Britta erst dem kleinen Benny das Leben rettet und sich dann in dessen Papa verliebt. Dass beide anderweitig gebunden sind, reicht als Kon", "start_date": "2026-05-01T13:30:00+00:00", "title": "Inga Lindstr\u00f6m: Wolken \u00fcber Sommarholm"}, {"desc": "Es wird vom aktuellen Geschehen in \u00d6sterreich und weltweit berichtet. Mit den wichtigsten Neuigkeiten aus Wirtschaft, Politik, Gesellschaft und Sport bleiben das Publikum stets auf dem Laufenden. (Senderinfo).", "start_date": "2026-05-01T15:00:00+00:00", "title": "ZIB"}, {"desc": "Die aktuellsten Nachrichten aus \u00d6sterreich und der ganzen Welt. Immer auf dem neuesten Stand \u2013 mit Letzten Meldungen, Livetickern und Benachrichtigungen f\u00fcr die wichtigsten Ereignisse. (Senderinfo).", "start_date": "2026-05-01T15:05:00+00:00", "title": "Aktuell nach f\u00fcnf"}, {"desc": "Gemeinsam mit ihrer H\u00fcndin Meixi erkundet Barbara Karlich in dieser Folge das Tullnerfeld. Der Auftakt ihrer Reise f\u00fchrt sie in eine Stadt, in der Musik seit Generationen zum Selbstverst\u00e4ndnis geh\u00f6rt: Tulln. Hier trifft die Moderatorin vier Mitglieder der Familie H\u00f6ckner \u2013 Kathrin, Lukas, Nikolaus und Peter -, die im Gespr\u00e4ch mit Barbara Karlich verraten, in welchen Funktionen sie seit Jahrzehnten", "start_date": "2026-05-01T15:35:00+00:00", "title": "Barbara Karlich unterwegs"}, {"desc": "Die Arena-Besetzung 1976 gilt als Wendepunkt der \u00f6sterreichischen Zivilgesellschaft. Kulturschaffende, Studierende und Intellektuelle verwandelten den ehemaligen Auslandsschlachthof in Wien in einen offenen Raum f\u00fcr Kunst, Kultur und soziales Miteinander \u2013 basisdemokratisch organisiert und ohne staatliche Steuerung. Binnen weniger Wochen wurde das Areal zum Magnet f\u00fcr zehntausende Menschen. Auch w", "start_date": "2026-05-01T16:25:00+00:00", "title": "\u00d6sterreich Bild am Feiertag"}, {"desc": "In regionalen Fenstern zeigen die neun ORF-Landesstudios t\u00e4glich um 19:00 Uhr aktuelle Berichte \u00fcber Ereignisse, die vor der Haust\u00fcr ihrer Zuschauer und Zuschauerinnen stattfinden. (Senderinfo).", "start_date": "2026-05-01T16:57:00+00:00", "title": "Bundesland heute Service"}, {"desc": null, "start_date": "2026-05-01T17:00:00+00:00", "title": "Bundesland heute"}, {"desc": null, "start_date": "2026-05-01T17:30:00+00:00", "title": "Zeit im Bild"}, {"desc": "Die Sendung bietet die aktuellsten Wettermeldungen. Nat\u00fcrlich gibt es auch einen Ausblick auf das Wetter der n\u00e4chsten Tage, Unwetterwarnungen, einen Regenradar und das internationale Reisewetter. (Senderinfo).", "start_date": "2026-05-01T17:51:00+00:00", "title": "Wetter"}, {"desc": "Siege und Niederlagen, aktuelle Sportergebnisse, sowie Interviews und Stellungnahmen, Live-Schaltungen ins Stadion oder auf die Formel-1-Rennstrecke: Die Sportredaktion informiert sie umfassend. (Senderinfo).", "start_date": "2026-05-01T17:56:00+00:00", "title": "Sport Aktuell"}, {"desc": "Das t\u00e4gliche Gesellschaftsmagazin des ORF informiert \u00fcber Premieren, Kulturfestivals, Charity-Aktionen und die nationale und internationale High Society. (Senderinfo).", "start_date": "2026-05-01T18:05:00+00:00", "title": "Seitenblicke"}, {"desc": "Chorleiter Hendrik Sch\u00f6ffel probt mit seinem Ensemble f\u00fcr einen wichtigen Wettbewerb. Als Sch\u00f6ffel im Anschluss mit Laura Wagner noch ihr Solo durchgehen will, wird er vor deren Augen erschossen. Da nur Eingeweihte wissen k\u00f6nnen, wo sich Sch\u00f6ffel zur Tatzeit aufgehalten hat, glaubt Hauptkommissar Caspar Bergmann, dass der Sch\u00fctze aus dem engeren Umfeld des Chors kommt. Die im K\u00f6rper aufgefundenen ", "start_date": "2026-05-01T18:15:00+00:00", "title": "Der Alte"}, {"desc": "Irene erlebt etwas, wovon sie nie gedacht h\u00e4tte, dass es ihr je passieren w\u00fcrde: Der Enkeltrick. Betr\u00fcger bringen sie am Telefon dazu, ihr Geld, ihren Schmuck, sogar ihren Ehering und die wertvolle Uhr ihres verstorbenen Mannes einem vermeintlichen Polizisten an der T\u00fcr mitzugeben. Doch der ist damit pl\u00f6tzlich \u00fcber alle Berge. \\n\\nZur\u00fcck bleibt eine schockierte Irene, die daraufhin beschlie\u00dft, in ", "start_date": "2026-05-01T19:20:00+00:00", "title": "Wir vier und der Enkeltrick"}, {"desc": "Es wird vom aktuellen Geschehen in \u00d6sterreich und weltweit berichtet. Mit den wichtigsten Neuigkeiten aus Wirtschaft, Politik, Gesellschaft und Sport bleiben das Publikum stets auf dem Laufenden. (Senderinfo).", "start_date": "2026-05-01T20:55:00+00:00", "title": "ZIB"}, {"desc": null, "start_date": "2026-05-01T20:59:00+00:00", "title": "Euromillionen"}, {"desc": "Rote Fahnen und b\u00e4ndergeschm\u00fcckte Maib\u00e4ume, ideologische Kampfparolen und biedere Familienausfl\u00fcge, Wiener Ringstra\u00dfe und steirischer Marktplatz: Die Dokumentation von Robert Gokl ist ein filmische Zeitreise zur\u00fcck in die wechselvolle und spannungsreiche Geschichte des 1. Mai \u2013 vom illegalen Kampftag der Arbeiterbewegung am Ende des 19. Jahrhunderts bis hin zum Staatsfeiertag mit Volksfestcharakte", "start_date": "2026-05-01T21:05:00+00:00", "title": "Menschen & M\u00e4chte"}, {"desc": "Chorleiter Hendrik Sch\u00f6ffel probt mit seinem Ensemble f\u00fcr einen wichtigen Wettbewerb. Als Sch\u00f6ffel im Anschluss mit Laura Wagner noch ihr Solo durchgehen will, wird er vor deren Augen erschossen. Da nur Eingeweihte wissen k\u00f6nnen, wo sich Sch\u00f6ffel zur Tatzeit aufgehalten hat, glaubt Hauptkommissar Caspar Bergmann, dass der Sch\u00fctze aus dem engeren Umfeld des Chors kommt. Die im K\u00f6rper aufgefundenen ", "start_date": "2026-05-01T22:00:00+00:00", "title": "Der Alte"}, {"desc": "Die 18-j\u00e4hrige Elisabeth ist in einem Kinderheim aufgewachsen. Woher sie kommt und wer ihre Eltern sind, wei\u00df sie nicht \u2014 bis sie eines Tages einen Mann im Fernsehen wiedererkennt. Iven, frisch verurteilter T\u00fcrsteher auf St. Pauli, hatte sie einst in einer st\u00fcrmischen Nacht umhergefahren. \\n\\nNach einigen \u00dcberzeugungsversuchen verr\u00e4t Iven Elisabeth, dass sie eigentlich Wienke Haien hei\u00dft und die T", "start_date": "2026-05-01T23:00:00+00:00", "title": "Die Flut \u2013 Tod am Deich"}], "offset": "+00:00", "timezone": "UTC", "error_code": -1, "start_date": "2026-04-30", "icon": ""}