{"end_date": "2026-05-02", "name": "ORF 2", "info_url": "https://epg.pw/channels/76616/20260501.html", "country": "Germany", "description": null, "error_message": "", "provider": "", "source_url": "https://epg.pw/api/epg.json?channel_id=76616&date=20260501&timezone=None", "epg_list": [{"desc": "Die Sendung pr\u00e4sentiert alles Wichtige aus Politik, Wirtschaft, Wissenschaft, Technik und mehr. Dar\u00fcber hinaus Kommentare, Interviews und Hintergr\u00fcnde zu nationalen und internationalen Themen. (Senderinfo).", "start_date": "2026-05-01T00:25:00+00:00", "title": "Eco"}, {"desc": "Die Moderatorin Barbara St\u00f6ckl steht f\u00fcr Kompetenz, Glaubw\u00fcrdigkeit, Offenheit und Neugier. Sie sucht nicht die Konfrontation, sie entdeckt den Menschen hinter der Pers\u00f6nlichkeit: Alles, was die G\u00e4ste bewegt, kann zur Sprache kommen \u2013 ihre Geschichte, ihre Zukunftsbilder. Spannung und Unterhaltung garantiert auch die Konstellation der G\u00e4ste untereinander, denn der Spannungsbogen reicht von jenen, ", "start_date": "2026-05-01T00:55:00+00:00", "title": "ST\u00d6CKL"}, {"desc": "Am Freitag ist Silvia Schneider unterwegs in Krems. Sie beginnt ihre Tour durch die \"S\u00fc\u00dfeste Stadt \u00d6sterreichs\" mit einem Spaziergang \u00fcber den Wochenmarkt. Nirgendwo sonst ist die Dichte an B\u00e4ckern und Zuckerb\u00e4ckern h\u00f6her als in der nieder\u00f6sterreichischen Stadt an der Donau. Da darf ein Stopp in einer Konditorei nicht fehlen \u2013 und so besucht Silvia Schneider den Betrieb von Thomas Hagmann, wo seit", "start_date": "2026-05-01T01:55:00+00:00", "title": "Silvia kocht"}, {"desc": "Das t\u00e4gliche Gesellschaftsmagazin des ORF informiert \u00fcber Premieren, Kulturfestivals, Charity-Aktionen und die nationale und internationale High Society. (Senderinfo).", "start_date": "2026-05-01T02:20:00+00:00", "title": "Seitenblicke"}, {"desc": "Patrick Budgen oder Mariella Gittler stellen die Menschen hinter den Schlagzeilen vor und beleuchten im pers\u00f6nlichen Gespr\u00e4ch prominente und weniger prominente Lebensgeschichten, die im aktuellen Geschehen \u00d6sterreichs von Relevanz sind. \"Hinter den Schlagzeilen\" bietet Information mit Herz und \u00f6ffnet dem ORF-Publikum neue Perspektiven und interessante Lebenswelten. (Senderinfo).", "start_date": "2026-05-01T02:25:00+00:00", "title": "Hinter den Schlagzeilen"}, {"desc": "\"Studio 2\" ist DIE TV-Illustrierte \u2013 aktuell, informativ und unterhaltsam. Das Service-Magazin beleuchtet Hintergr\u00fcnde zu aktuellen Ereignissen, unterst\u00fctzt bei Alltagsfragen und blickt hinter die Kulissen von Kultur und Society. \"Studio 2\" bietet t\u00e4glich die besten Tipps f\u00fcr Gesundheit, Lifestyle, Kulinarik und ein achtsames Leben. Durch die Sendung f\u00fchren Barbara Karlich, Verena Hartlieb und Nor", "start_date": "2026-05-01T02:55:00+00:00", "title": "Studio 2"}, {"desc": "Neben den Verbraucherinformationen stehen Hintergr\u00fcnde, Fakten, Reportagen \u00fcber Probleme der Zuschauerinnen und Zuschauer sowie umweltvertr\u00e4gliche Tipps und Ratschl\u00e4ge im Vordergrund des Magazins. (Senderinfo).", "start_date": "2026-05-01T03:50:00+00:00", "title": "konkret"}, {"desc": null, "start_date": "2026-05-01T04:10:00+00:00", "title": "Text Aktuell"}, {"desc": null, "start_date": "2026-05-01T05:00:00+00:00", "title": "Wetter-Panorama"}, {"desc": "Es wird vom aktuellen Geschehen in \u00d6sterreich und weltweit berichtet. Mit den wichtigsten Neuigkeiten aus Wirtschaft, Politik, Gesellschaft und Sport bleiben das Publikum stets auf dem Laufenden. (Senderinfo).", "start_date": "2026-05-01T07:00:00+00:00", "title": "ZIB"}, {"desc": "Er ist aus der heimischen Kabarettszene nicht wegzudenken, auch als Schauspieler erwarb er sich Meriten. 45 Jahre dauert seine Karriere nunmehr an, am 1. Mai feiert Andreas Vit\u00e1sek seinen 70. Geburtstag. Aufgewachsen ist er im 10. Wiener Gemeindebezirk, Favoriten \u2013 ganz offenbar ein besonderer N\u00e4hrboden f\u00fcr kreative Menschen. Diese Folge der popul\u00e4ren Bezirke-Reihe versammelt neben Vit\u00e1sek Roland ", "start_date": "2026-05-01T07:05:00+00:00", "title": "Mein Favoriten"}, {"desc": "\u201eIch kann so nicht mehr weiter.\u201c Mehr Worte findet Theo Bretterer (Andreas Vit\u00e1sek) f\u00fcr seine Midlife-Crisis nicht. Aber Taten: Der schweigsame Finanzberater verl\u00e4sst Frau und Firma, um mit Harley und H\u00e4schen der verlorenen Jugend nachzujagen. W\u00e4hrend Gattin Gabi (Susanne Lothar) sich m\u00fchsam aufrappelt und im stotternden Jugendfreund Rudi (Ludwig Hirsch) einen Verehrer findet, zeigt Theos neues Le", "start_date": "2026-05-01T08:05:00+00:00", "title": "Und ewig schweigen die M\u00e4nner"}, {"desc": "Seit 150 Jahren inspiriert die Sandinsel im Norden der Lagune von Venedig ihre Besucher mehr als jeder andere Badeort an der vormals \u00f6sterreichischen Adria: Weil man mit Grado so unwiderstehlich sch\u00f6ne Kindheitserinnerungen verbindet, weil der Sand so gelb und das Eisstanitzel so bunt ist, weil die Weite der Lagune und die Enge der Altstadtg\u00e4sschen faszinieren \u2013 die Anziehungskraft des St\u00e4dtchens ", "start_date": "2026-05-01T09:35:00+00:00", "title": "Sehnsucht nach Grado"}, {"desc": "Es ist eine au\u00dfergew\u00f6hnliche Radtour von den Alpen an das Meer. In acht Etappen erlebt man auf einer Wegstrecke von 410 km eine facettenreiche Vielfalt. Zu den Wegbegleitern z\u00e4hlen idyllische Orte, eindrucksvolle Sehensw\u00fcrdigkeiten und imposante Naturlandschaften. Kulinarische K\u00f6stlichkeiten im Wandel von Alpe und Adria versprechen genussvolle St\u00e4rkung. Der CAAR, wie er kurz genannt wird, ist ein ", "start_date": "2026-05-01T10:30:00+00:00", "title": "Der Ciclovia Alpe Adria Radweg"}, {"desc": null, "start_date": "2026-05-01T10:55:00+00:00", "title": "Wetterschau"}, {"desc": "Es wird vom aktuellen Geschehen in \u00d6sterreich und weltweit berichtet. Mit den wichtigsten Neuigkeiten aus Wirtschaft, Politik, Gesellschaft und Sport bleiben das Publikum stets auf dem Laufenden. (Senderinfo).", "start_date": "2026-05-01T11:00:00+00:00", "title": "ZIB"}, {"desc": "Sommer in Wien. Wenn sich die Buntheit des Parks ins kaiserliche Gelb des Schlosses mischt, ist die beste Zeit f\u00fcr eine Forschungsreise in die ehemalige Wiener Vorstadt, nach Sch\u00f6nbrunn. Entdeckungen sind garantiert, auch f\u00fcr Einheimische, die glauben, schon alles zu kennen. Trotz oder vielleicht gerade wegen unaufhaltsamer Touristen-Str\u00f6me ist ein Blick in das Innere, hinter die attraktive Kuliss", "start_date": "2026-05-01T11:10:00+00:00", "title": "Aufgetischt"}, {"desc": "Dr. Toni Bucher (Wepper) ist ein Charmeur alter Wiener Schule, und seine Geliebte ist nicht mal halb so alt wie er. Nun schleppt Studentin Emma (Eva-Maria Grein von Friedl) ihren Sugardaddy zum romantischen Kurzurlaub nach St. Gilgen am Wolfgangsee. Zu bl\u00f6d: Aufgrund einer Doppelbelegung m\u00fcssen sich die Turtelt\u00e4ubchen ihr Domizil mit der Kochbuchautorin Julia (Gila von Weitershausen) und deren Vat", "start_date": "2026-05-01T12:00:00+00:00", "title": "Alles au\u00dfer Liebe"}, {"desc": "Kinderkrankenschwester Britta (Stephanie Kellner) m\u00f6chte sich zur Kinder\u00e4rztin weiterbilden und liegt dar\u00fcber im Zwist mit ihrem Freund, der offenbar zu viel Eva Herman gelesen hat. Zur Erholung nimmt Freundin Stine (Jana Klinge) sie mit auf Gut Sommarholm \u2013 wo Britta erst dem kleinen Benny das Leben rettet und sich dann in dessen Papa verliebt. Dass beide anderweitig gebunden sind, reicht als Kon", "start_date": "2026-05-01T13:30:00+00:00", "title": "Inga Lindstr\u00f6m: Wolken \u00fcber Sommarholm"}, {"desc": "Es wird vom aktuellen Geschehen in \u00d6sterreich und weltweit berichtet. Mit den wichtigsten Neuigkeiten aus Wirtschaft, Politik, Gesellschaft und Sport bleiben das Publikum stets auf dem Laufenden. (Senderinfo).", "start_date": "2026-05-01T15:00:00+00:00", "title": "ZIB"}, {"desc": "Die aktuellsten Nachrichten aus \u00d6sterreich und der ganzen Welt. Immer auf dem neuesten Stand \u2013 mit Letzten Meldungen, Livetickern und Benachrichtigungen f\u00fcr die wichtigsten Ereignisse. (Senderinfo).", "start_date": "2026-05-01T15:05:00+00:00", "title": "Aktuell nach f\u00fcnf"}, {"desc": "Gemeinsam mit ihrer H\u00fcndin Meixi erkundet Barbara Karlich in dieser Folge das Tullnerfeld. Der Auftakt ihrer Reise f\u00fchrt sie in eine Stadt, in der Musik seit Generationen zum Selbstverst\u00e4ndnis geh\u00f6rt: Tulln. Hier trifft die Moderatorin vier Mitglieder der Familie H\u00f6ckner \u2013 Kathrin, Lukas, Nikolaus und Peter -, die im Gespr\u00e4ch mit Barbara Karlich verraten, in welchen Funktionen sie seit Jahrzehnten", "start_date": "2026-05-01T15:35:00+00:00", "title": "Barbara Karlich unterwegs"}, {"desc": "Die Arena-Besetzung 1976 gilt als Wendepunkt der \u00f6sterreichischen Zivilgesellschaft. Kulturschaffende, Studierende und Intellektuelle verwandelten den ehemaligen Auslandsschlachthof in Wien in einen offenen Raum f\u00fcr Kunst, Kultur und soziales Miteinander \u2013 basisdemokratisch organisiert und ohne staatliche Steuerung. Binnen weniger Wochen wurde das Areal zum Magnet f\u00fcr zehntausende Menschen. Auch w", "start_date": "2026-05-01T16:25:00+00:00", "title": "\u00d6sterreich Bild am Feiertag"}, {"desc": "In regionalen Fenstern zeigen die neun ORF-Landesstudios t\u00e4glich um 19:00 Uhr aktuelle Berichte \u00fcber Ereignisse, die vor der Haust\u00fcr ihrer Zuschauer und Zuschauerinnen stattfinden. (Senderinfo).", "start_date": "2026-05-01T16:57:00+00:00", "title": "Bundesland heute Service"}, {"desc": null, "start_date": "2026-05-01T17:00:00+00:00", "title": "Bundesland heute"}, {"desc": null, "start_date": "2026-05-01T17:30:00+00:00", "title": "Zeit im Bild"}, {"desc": "Die Sendung bietet die aktuellsten Wettermeldungen. Nat\u00fcrlich gibt es auch einen Ausblick auf das Wetter der n\u00e4chsten Tage, Unwetterwarnungen, einen Regenradar und das internationale Reisewetter. (Senderinfo).", "start_date": "2026-05-01T17:51:00+00:00", "title": "Wetter"}, {"desc": "Siege und Niederlagen, aktuelle Sportergebnisse, sowie Interviews und Stellungnahmen, Live-Schaltungen ins Stadion oder auf die Formel-1-Rennstrecke: Die Sportredaktion informiert sie umfassend. (Senderinfo).", "start_date": "2026-05-01T17:56:00+00:00", "title": "Sport Aktuell"}, {"desc": "Das t\u00e4gliche Gesellschaftsmagazin des ORF informiert \u00fcber Premieren, Kulturfestivals, Charity-Aktionen und die nationale und internationale High Society. (Senderinfo).", "start_date": "2026-05-01T18:05:00+00:00", "title": "Seitenblicke"}, {"desc": "Chorleiter Hendrik Sch\u00f6ffel probt mit seinem Ensemble f\u00fcr einen wichtigen Wettbewerb. Als Sch\u00f6ffel im Anschluss mit Laura Wagner noch ihr Solo durchgehen will, wird er vor deren Augen erschossen. Da nur Eingeweihte wissen k\u00f6nnen, wo sich Sch\u00f6ffel zur Tatzeit aufgehalten hat, glaubt Hauptkommissar Caspar Bergmann, dass der Sch\u00fctze aus dem engeren Umfeld des Chors kommt. Die im K\u00f6rper aufgefundenen ", "start_date": "2026-05-01T18:15:00+00:00", "title": "Der Alte"}, {"desc": "Irene erlebt etwas, wovon sie nie gedacht h\u00e4tte, dass es ihr je passieren w\u00fcrde: Der Enkeltrick. Betr\u00fcger bringen sie am Telefon dazu, ihr Geld, ihren Schmuck, sogar ihren Ehering und die wertvolle Uhr ihres verstorbenen Mannes einem vermeintlichen Polizisten an der T\u00fcr mitzugeben. Doch der ist damit pl\u00f6tzlich \u00fcber alle Berge. \\n\\nZur\u00fcck bleibt eine schockierte Irene, die daraufhin beschlie\u00dft, in ", "start_date": "2026-05-01T19:20:00+00:00", "title": "Wir vier und der Enkeltrick"}, {"desc": "Es wird vom aktuellen Geschehen in \u00d6sterreich und weltweit berichtet. Mit den wichtigsten Neuigkeiten aus Wirtschaft, Politik, Gesellschaft und Sport bleiben das Publikum stets auf dem Laufenden. (Senderinfo).", "start_date": "2026-05-01T20:55:00+00:00", "title": "ZIB"}, {"desc": null, "start_date": "2026-05-01T20:59:00+00:00", "title": "Euromillionen"}, {"desc": "Rote Fahnen und b\u00e4ndergeschm\u00fcckte Maib\u00e4ume, ideologische Kampfparolen und biedere Familienausfl\u00fcge, Wiener Ringstra\u00dfe und steirischer Marktplatz: Die Dokumentation von Robert Gokl ist ein filmische Zeitreise zur\u00fcck in die wechselvolle und spannungsreiche Geschichte des 1. Mai \u2013 vom illegalen Kampftag der Arbeiterbewegung am Ende des 19. Jahrhunderts bis hin zum Staatsfeiertag mit Volksfestcharakte", "start_date": "2026-05-01T21:05:00+00:00", "title": "Menschen & M\u00e4chte"}, {"desc": "Chorleiter Hendrik Sch\u00f6ffel probt mit seinem Ensemble f\u00fcr einen wichtigen Wettbewerb. Als Sch\u00f6ffel im Anschluss mit Laura Wagner noch ihr Solo durchgehen will, wird er vor deren Augen erschossen. Da nur Eingeweihte wissen k\u00f6nnen, wo sich Sch\u00f6ffel zur Tatzeit aufgehalten hat, glaubt Hauptkommissar Caspar Bergmann, dass der Sch\u00fctze aus dem engeren Umfeld des Chors kommt. Die im K\u00f6rper aufgefundenen ", "start_date": "2026-05-01T22:00:00+00:00", "title": "Der Alte"}, {"desc": "Die 18-j\u00e4hrige Elisabeth ist in einem Kinderheim aufgewachsen. Woher sie kommt und wer ihre Eltern sind, wei\u00df sie nicht \u2014 bis sie eines Tages einen Mann im Fernsehen wiedererkennt. Iven, frisch verurteilter T\u00fcrsteher auf St. Pauli, hatte sie einst in einer st\u00fcrmischen Nacht umhergefahren. \\n\\nNach einigen \u00dcberzeugungsversuchen verr\u00e4t Iven Elisabeth, dass sie eigentlich Wienke Haien hei\u00dft und die T", "start_date": "2026-05-01T23:00:00+00:00", "title": "Die Flut \u2013 Tod am Deich"}, {"desc": "Bei Schie\u00df\u00fcbungen im Steinbruch trifft der Franzi (Enzo Gaier) statt der Flasche den geliebten Gro\u00dfvater Anton (August Schm\u00f6lzer). Blutend liegt der Opa im Schotter, reagiert nicht auf Franzi. Statt Hilfe zu holen, rennt der Bub panisch davon; und nicht nur aus Furcht vor den Konsequenzen schweigt er gegen\u00fcber den Eltern Irene (Franziska Weisz) und Franz (Max von Thun). Derweil erwacht Anton Wolf ", "start_date": "2026-05-02T00:45:00+00:00", "title": "Treibjagd im Dorf"}, {"desc": "Rote Fahnen und b\u00e4ndergeschm\u00fcckte Maib\u00e4ume, ideologische Kampfparolen und biedere Familienausfl\u00fcge, Wiener Ringstra\u00dfe und steirischer Marktplatz: Die Dokumentation von Robert Gokl ist ein filmische Zeitreise zur\u00fcck in die wechselvolle und spannungsreiche Geschichte des 1. Mai \u2013 vom illegalen Kampftag der Arbeiterbewegung am Ende des 19. Jahrhunderts bis hin zum Staatsfeiertag mit Volksfestcharakte", "start_date": "2026-05-02T02:15:00+00:00", "title": "Menschen & M\u00e4chte"}, {"desc": "Die Arena-Besetzung 1976 gilt als Wendepunkt der \u00f6sterreichischen Zivilgesellschaft. Kulturschaffende, Studierende und Intellektuelle verwandelten den ehemaligen Auslandsschlachthof in Wien in einen offenen Raum f\u00fcr Kunst, Kultur und soziales Miteinander \u2013 basisdemokratisch organisiert und ohne staatliche Steuerung. Binnen weniger Wochen wurde das Areal zum Magnet f\u00fcr zehntausende Menschen. Auch w", "start_date": "2026-05-02T03:05:00+00:00", "title": "\u00d6sterreich Bild am Feiertag"}, {"desc": "Das t\u00e4gliche Gesellschaftsmagazin des ORF informiert \u00fcber Premieren, Kulturfestivals, Charity-Aktionen und die nationale und internationale High Society. (Senderinfo).", "start_date": "2026-05-02T03:30:00+00:00", "title": "Seitenblicke"}, {"desc": "Sommer in Wien. Wenn sich die Buntheit des Parks ins kaiserliche Gelb des Schlosses mischt, ist die beste Zeit f\u00fcr eine Forschungsreise in die ehemalige Wiener Vorstadt, nach Sch\u00f6nbrunn. Entdeckungen sind garantiert, auch f\u00fcr Einheimische, die glauben, schon alles zu kennen. Trotz oder vielleicht gerade wegen unaufhaltsamer Touristen-Str\u00f6me ist ein Blick in das Innere, hinter die attraktive Kuliss", "start_date": "2026-05-02T03:35:00+00:00", "title": "Aufgetischt"}, {"desc": null, "start_date": "2026-05-02T04:20:00+00:00", "title": "Text Aktuell"}, {"desc": null, "start_date": "2026-05-02T05:00:00+00:00", "title": "Wetter-Panorama"}, {"desc": "Es wird vom aktuellen Geschehen in \u00d6sterreich und weltweit berichtet. Mit den wichtigsten Neuigkeiten aus Wirtschaft, Politik, Gesellschaft und Sport bleiben das Publikum stets auf dem Laufenden. (Senderinfo).", "start_date": "2026-05-02T07:00:00+00:00", "title": "ZIB"}, {"desc": "In Eisenstadt treffen wir die einzige Schneidermeisterin der Stadt, zwei K\u00f6che in einer der \u00e4ltesten Gastst\u00e4tten der burgenl\u00e4ndischen Hauptstadt und G\u00e4rtner, die schon seit 20 Jahren mit N\u00fctzlingen arbeiten. Schneiderin Reingard Ruzicka ist bekannt f\u00fcr ihre nachhaltigen Ideen: Aus einem Brautkleid wird heute ein Taufkleid. In der G\u00e4rtnerei Horvath, die in vierter Generation von Heinz Peter Schindl", "start_date": "2026-05-02T07:05:00+00:00", "title": "Zur\u00fcck zur Natur"}, {"desc": "Dr. Toni Bucher (Wepper) ist ein Charmeur alter Wiener Schule, und seine Geliebte ist nicht mal halb so alt wie er. Nun schleppt Studentin Emma (Eva-Maria Grein von Friedl) ihren Sugardaddy zum romantischen Kurzurlaub nach St. Gilgen am Wolfgangsee. Zu bl\u00f6d: Aufgrund einer Doppelbelegung m\u00fcssen sich die Turtelt\u00e4ubchen ihr Domizil mit der Kochbuchautorin Julia (Gila von Weitershausen) und deren Vat", "start_date": "2026-05-02T07:30:00+00:00", "title": "Alles au\u00dfer Liebe"}, {"desc": "Irene erlebt etwas, wovon sie nie gedacht h\u00e4tte, dass es ihr je passieren w\u00fcrde: Der Enkeltrick. Betr\u00fcger bringen sie am Telefon dazu, ihr Geld, ihren Schmuck, sogar ihren Ehering und die wertvolle Uhr ihres verstorbenen Mannes einem vermeintlichen Polizisten an der T\u00fcr mitzugeben. Doch der ist damit pl\u00f6tzlich \u00fcber alle Berge. \\n\\nZur\u00fcck bleibt eine schockierte Irene, die daraufhin beschlie\u00dft, in ", "start_date": "2026-05-02T09:00:00+00:00", "title": "Wir vier und der Enkeltrick"}, {"desc": "Tierische Augenblicke ist zu Gast bei Modeexpertin Martina Reuter und ihren drei Meerschweinchen. Wir begleiten Bettwanzensp\u00fcrhund Konrad bei seiner Arbeit, schauen uns an, wie das gest\u00f6rte Vertrauensverh\u00e4ltnis zwischen Pferd und Reiter wieder hergestellt werden kann und fragen nach, was man tut, wenn man verlassende Wildtierbabys findet. Au\u00dferdem stellt Maggie Entenfellner Tiere vor, die ein neue", "start_date": "2026-05-02T10:30:00+00:00", "title": "Tierische Augenblicke"}, {"desc": null, "start_date": "2026-05-02T10:55:00+00:00", "title": "Wetterschau"}, {"desc": "Es wird vom aktuellen Geschehen in \u00d6sterreich und weltweit berichtet. Mit den wichtigsten Neuigkeiten aus Wirtschaft, Politik, Gesellschaft und Sport bleiben das Publikum stets auf dem Laufenden. (Senderinfo).", "start_date": "2026-05-02T11:00:00+00:00", "title": "ZIB"}, {"desc": "Die Sendung bietet die aktuellsten Wettermeldungen. Nat\u00fcrlich gibt es auch einen Ausblick auf das Wetter der n\u00e4chsten Tage, Unwetterwarnungen, einen Regenradar und das internationale Reisewetter. (Senderinfo).", "start_date": "2026-05-02T11:12:00+00:00", "title": "Wetter"}, {"desc": "\u00d6sterreich geh\u00f6rt zu den L\u00e4ndern mit einer besonders hohen Dichte an Lebensmittelgesch\u00e4ften in Europa. Vor allem in Wien liegen Supermarktfilialen oft nur wenige Gehminuten auseinander \u2013 gleichzeitig wird der Markt von wenigen gro\u00dfen Handelsunternehmen gepr\u00e4gt. Doch wer genauer hinschaut, entdeckt eine zweite Ebene des Handels: Ethno-Superm\u00e4rkte. Betrieben von Migrantinnen und Migranten, bringen s", "start_date": "2026-05-02T11:15:00+00:00", "title": "betrifft: uns \u2013 Reportagen ohne Filter"}, {"desc": "In der Wochenzusammenfassung der Seitenblicke-Redaktion sehen Sie nochmals die besten Beitr\u00e4ge der vergangenen Fernsehwoche. (Senderinfo).", "start_date": "2026-05-02T11:45:00+00:00", "title": "Seitenblicke Weekend"}, {"desc": "Schwester Lotte und B\u00fcrgermeister W\u00f6ller werden zuf\u00e4llig Zeugen eines Bank\u00fcberfalls und zusammen mit Bankdirektor Traugott im Tresorraum eingesperrt. W\u00e4hrend Traugott bef\u00fcrchtet, ohne sein dringend ben\u00f6tigtes Insulin einen Schock zu erleiden, ist W\u00f6ller aufgrund seiner Platzangst kurz davor, in Panik zu verfallen. Einzig Lotte versucht, Ruhe zu bewahren und einen Ausweg zu finden. Es dauert nicht ", "start_date": "2026-05-02T12:00:00+00:00", "title": "Um Himmels Willen"}, {"desc": "Bergdoktor Gruber erreicht ein Notruf: Familie Wedekind (Katrin Ritt, Patrick Bach und Vincent Mauz) wurde in den Bergen von einem heftigen Unwetter \u00fcberrascht. W\u00e4hrend bereits die Rettung naht, trifft Mutter Melanie ein Blitz. Dann f\u00e4llt auch noch Sohn Philipp ins Koma.", "start_date": "2026-05-02T12:50:00+00:00", "title": "Der Bergdoktor"}, {"desc": "Ein falsches Medikament ist schuld, dass Bergf\u00fchrer Erik in seinem Job versagt. Eine Familie wandert deshalb geradewegs in ihr Ungl\u00fcck.", "start_date": "2026-05-02T13:35:00+00:00", "title": "Der Bergdoktor"}, {"desc": "Mosterlebnis neu gedacht Anl\u00e4sslich der Nieder\u00f6sterreichischen Landesausstellung \"Wenn die Welt Kopf steht \u2013 Mensch. Psyche. Gesundheit.\" im Mostviertel haben sich auch die Mostbarone in der Region etwas \u00fcberlegt, um eine landwirtschaftliche Besonderheit der Region genauer vorzustellen: die Birnb\u00e4ume, den Most und alles, was damit zusammenh\u00e4ngt. Auf neu gestalteten Erlebniswegen kann man bei den M", "start_date": "2026-05-02T14:20:00+00:00", "title": "Land und Leute"}, {"desc": "Kopftuchverbot, Sterbehilfe, religi\u00f6se Symbole im Wahlkampf: Religion und Ethik spielen in der \u00f6ffentlichen Diskussion immer wieder eine zentrale Rolle. PRISMA, das neue ORF-TV-Format informiert \u00fcber aktuelle Geschehnisse aus Religion und Ethik an der Schnittstelle zu Politik, Gesellschaft und Wissenschaft sowie \u00fcber aktuelle Ereignisse aus den verschiedenen Kirchen und Religionsgemeinschaften. PR", "start_date": "2026-05-02T14:45:00+00:00", "title": "Prisma"}, {"desc": "Es wird vom aktuellen Geschehen in \u00d6sterreich und weltweit berichtet. Mit den wichtigsten Neuigkeiten aus Wirtschaft, Politik, Gesellschaft und Sport bleiben das Publikum stets auf dem Laufenden. (Senderinfo).", "start_date": "2026-05-02T15:00:00+00:00", "title": "ZIB"}, {"desc": "Die aktuellsten Nachrichten aus \u00d6sterreich und der ganzen Welt. Immer auf dem neuesten Stand \u2013 mit Letzten Meldungen, Livetickern und Benachrichtigungen f\u00fcr die wichtigsten Ereignisse. (Senderinfo).", "start_date": "2026-05-02T15:05:00+00:00", "title": "Aktuell nach f\u00fcnf"}, {"desc": "Wichtige Erkenntnisse rund um das gro\u00dfe Thema Vorsorge, das Wiederentdecken alten Wissens \u00fcber das, was K\u00f6rper und Seele gut tut und zusammenh\u00e4lt, bis hin zu neuen Ergebnissen aus der Welt der Medizin sind die Eckpfeiler der Sendung. Ricarda Reinisch, Leiterin des ORF-Gesundheitskompetenzzentrums, ist die Moderatorin des Gesundheitsmagazins und hat gemeinsam mit Gerhard Klein auch die Sendungsvera", "start_date": "2026-05-02T15:30:00+00:00", "title": "Bewusst Gesund \u2013 Das Magazin"}, {"desc": "Unerw\u00fcnschter Transport: Nach einem Skiunfall wird die Nieder\u00f6sterreicherin Kathrin E. \u2013 anders als urspr\u00fcnglich mit den Ersthelfern vereinbart \u2013 mit dem Rettungshubschrauber ins Krankenhaus geflogen.; Teurer Hubschraubereinsatz: Der 14j\u00e4hrige Daniel K. hat sich beim Schiurlaub in K\u00e4rnten den Arm gebrochen. Ein Mitarbeiter des Pistendienstes eilte zur Unfallstelle und man bot ihm an ihn mit einem ", "start_date": "2026-05-02T16:00:00+00:00", "title": "B\u00fcrgeranwalt"}, {"desc": "In regionalen Fenstern zeigen die neun ORF-Landesstudios t\u00e4glich um 19:00 Uhr aktuelle Berichte \u00fcber Ereignisse, die vor der Haust\u00fcr ihrer Zuschauer und Zuschauerinnen stattfinden. (Senderinfo).", "start_date": "2026-05-02T16:57:00+00:00", "title": "Bundesland heute Service"}, {"desc": null, "start_date": "2026-05-02T17:00:00+00:00", "title": "Bundesland heute"}, {"desc": null, "start_date": "2026-05-02T17:30:00+00:00", "title": "Zeit im Bild"}, {"desc": "Die Sendung bietet die aktuellsten Wettermeldungen. Nat\u00fcrlich gibt es auch einen Ausblick auf das Wetter der n\u00e4chsten Tage, Unwetterwarnungen, einen Regenradar und das internationale Reisewetter. (Senderinfo).", "start_date": "2026-05-02T17:51:00+00:00", "title": "Wetter"}, {"desc": "Siege und Niederlagen, aktuelle Sportergebnisse, sowie Interviews und Stellungnahmen, Live-Schaltungen ins Stadion oder auf die Formel-1-Rennstrecke: Die Sportredaktion informiert sie umfassend. (Senderinfo).", "start_date": "2026-05-02T17:56:00+00:00", "title": "Sport Aktuell"}, {"desc": "Das t\u00e4gliche Gesellschaftsmagazin des ORF informiert \u00fcber Premieren, Kulturfestivals, Charity-Aktionen und die nationale und internationale High Society. (Senderinfo).", "start_date": "2026-05-02T18:05:00+00:00", "title": "Seitenblicke"}, {"desc": "Die Volksmusikwunschsendung \"Mei liabste Weis\" kommt am 2. Mai. Inmitten der Kirschbl\u00fcte, begleitet von feinem Wein und mit Blick auf das Ufer des Neusiedlersees, begr\u00fc\u00dft Franz Posch vier Gruppen aus der Region. Im Bio-Landgut Esterhazy werden eine kleine Dorfmusik, die Goldgeiger, die Spielmusik Potzmann und die Folkloregruppe Granicari musizieren und gemeinsam f\u00fcr einen stimmungsvollen und abwec", "start_date": "2026-05-02T18:15:00+00:00", "title": "Mei liabste Weis"}, {"desc": "Es wird vom aktuellen Geschehen in \u00d6sterreich und weltweit berichtet. Mit den wichtigsten Neuigkeiten aus Wirtschaft, Politik, Gesellschaft und Sport bleiben das Publikum stets auf dem Laufenden. (Senderinfo).", "start_date": "2026-05-02T19:50:00+00:00", "title": "ZIB"}, {"desc": "Gerade erst hat Restaurantleiter Ivan zwei Kellner gefeuert, dann angetrunken Bedienung Adina bedr\u00e4ngt, nun ist er tot \u2013 erstochen. Die junge Frau aus Rum\u00e4nien ist spurlos verschwunden. Ihr Freund Danijel und sein Kumpel Tin sind in ihr Heimatdorf Privonice abged\u00fcst. Dorthin fahren Stascha und Emil von der Mordkommission Split, um etwas \u00fcber Adina und ihren Aufenthaltsort zu erfahren. Amtshilfe be", "start_date": "2026-05-02T20:00:00+00:00", "title": "Der Kroatien-Krimi: Die Patin von Privonice"}, {"desc": "\u201eDu hast mich damals fertiggemacht. Daf\u00fcr werde ich dich jetzt vernichten.\u201c  So lauten die letzten Worte von TV-Klatschtante Verity (\u201eGolden Girl\u201c Rue McClanahan). Bevor sie zur Tat schreiten kann, schl\u00e4gt Bestatter Eric die Natter nieder und \u00e4schert sie statt eines anderen im Krematorium ein. Am Morgen danach gibt Veritys Assistent eine Vermisstenanzeige auf. Columbo (Peter Falk) findet schnell h", "start_date": "2026-05-02T21:30:00+00:00", "title": "Columbo: Das Aschenpuzzle"}, {"desc": "Marie Hofer staunt nicht schlecht, als sie nach einem Rendezvous mit ihrer Jugendliebe Viktor von Tauffenstein die Zeche f\u00fcr das Essen zahlen muss. Ohne viel Worte hat sich ihr blaubl\u00fctiger Kavalier einfach aus dem Staub gemacht. Tags darauf wird er erschlagen in der Familiengruft aufgefunden. Erst k\u00fcrzlich hatte der Aristokrat zum mittlerweile vierten Mal geheiratet. Bei den Ermittlungen kristall", "start_date": "2026-05-02T22:55:00+00:00", "title": "Die Rosenheim-Cops"}, {"desc": "Gerade erst hat Restaurantleiter Ivan zwei Kellner gefeuert, dann angetrunken Bedienung Adina bedr\u00e4ngt, nun ist er tot \u2013 erstochen. Die junge Frau aus Rum\u00e4nien ist spurlos verschwunden. Ihr Freund Danijel und sein Kumpel Tin sind in ihr Heimatdorf Privonice abged\u00fcst. Dorthin fahren Stascha und Emil von der Mordkommission Split, um etwas \u00fcber Adina und ihren Aufenthaltsort zu erfahren. Amtshilfe be", "start_date": "2026-05-02T23:40:00+00:00", "title": "Der Kroatien-Krimi: Die Patin von Privonice"}], "offset": "+00:00", "timezone": "UTC", "error_code": -1, "start_date": "2026-05-01", "icon": ""}