{"end_date": "2026-08-30", "name": "TV5 Monde", "info_url": "https://epg.pw/channels/76629/20260829.html", "country": "Germany", "description": null, "error_message": "", "provider": "", "source_url": "https://epg.pw/api/epg.json?channel_id=76629&date=20260829&timezone=None", "epg_list": [{"desc": "Docteure en bio-informatique, Salom\u00e9 Nashed re\u00e7oit le prix Jeunes Talents L'Or\u00e9al en 2022. Elle est aussi post-doctorante au Mus\u00e9um national d'Histoire naturelle (Paris). (Senderinfo).", "start_date": "2026-08-29T18:26:00+00:00", "title": "Le court du jour : femmes de science"}, {"desc": "2e journ\u00e9e. Olympique Lyonnais/Havre AC. Groupama Stadium (D\u00e9cines-Charpieu). 1re mi-temps. Commentaires : \u00c9ric Rabesandratana (Senderinfo).", "start_date": "2026-08-29T18:40:00+00:00", "title": "Football : Ligue 1 McDonald's"}, {"desc": null, "start_date": "2026-08-29T20:45:00+00:00", "title": "Le Journal de France 2"}, {"desc": "Gala d'ouverture du 36e Montreux Comedy festival avec, aux commandes, deux incontournables de la sc\u00e8ne comique francophone, Pierre-Emmanuel Barr\u00e9 et Aymeric Lompret, connus pour leur humour noir, leur irr\u00e9v\u00e9rence et leur sens aigu de la provocation. Attendez-vous \u00e0 une exploration satirique et sans concession des clich\u00e9s am\u00e9ricains ! Auteurs : Pierre-Emmanuel Barr\u00e9, Aymeric Lompret, Arsen Mise en ", "start_date": "2026-08-29T21:18:00+00:00", "title": "Le super m\u00e9ga giga show \u00e0 l'am\u00e9ricaine"}, {"desc": null, "start_date": "2026-08-29T23:05:00+00:00", "title": "Le journal Afrique"}, {"desc": null, "start_date": "2026-08-29T23:32:00+00:00", "title": "M\u00e9t\u00e9o"}, {"desc": "\u00c0 l'occasion de sa 21e \u00e9dition, le Festival Arcomik 2024 donne carte blanche \u00e0 Chicandier et Mathou Cann pour cette soir\u00e9e d'humour. Autoproclam\u00e9 \\\" Les Fumiers \\.", "start_date": "2026-08-29T23:34:00+00:00", "title": "Chicandier et Mathou font leur show \u00e0 Saint-\u00c9tienne"}, {"desc": "Lucie au saxo et au chant. Elisa \u00e0 la batterie et au chant. Au violoncelle, \u00e0 la guitare, \u00e0 la basse et aux choeurs : Juliette. L.E.J., c'est une histoire de musique et un roman d'amiti\u00e9. Brillants arrangements, harmonies ang\u00e9liques, sonorit\u00e9s actuelles : un concert de pure mixit\u00e9 musicale ! (Senderinfo).", "start_date": "2026-08-30T00:58:00+00:00", "title": "Les Estivales de France 4"}, {"desc": "Le journal de 23 heures de franceinfo (heure de Paris). Retrouvez les grands reportages, les interviews et les d\u00e9cryptages de la r\u00e9daction sur toute l'actualit\u00e9 fran\u00e7aise et internationale. (Senderinfo).", "start_date": "2026-08-30T02:00:00+00:00", "title": "Le 23h"}, {"desc": "Laurie Bontemps Puluiuvea est n\u00e9e sur l'\u00eele de Wallis, dans le Pacifique, \u00e0 plus de 16 000 kilom\u00e8tres de l'Hexagone. Adopt\u00e9e \u00e0 la naissance, elle grandit \u00e0 Paris. \u00c0 28 ans, confront\u00e9e \u00e0 un profond questionnement identitaire, la jeune femme d\u00e9cide d'entreprendre un voyage cathartique vers sa terre natale. (Senderinfo).", "start_date": "2026-08-30T02:30:00+00:00", "title": "Laurie, du coeur et des racines"}, {"desc": null, "start_date": "2026-08-30T03:22:00+00:00", "title": "Tarmac Comedy"}, {"desc": null, "start_date": "2026-08-30T03:26:00+00:00", "title": "Tarmac Comedy"}, {"desc": null, "start_date": "2026-08-30T03:34:00+00:00", "title": "Wari"}, {"desc": "Au sommaire : rencontre avec J\u00e9r\u00f4me D\u00e9sigaud, musicien et luthier ; le pesto de G\u00eanes ; les paysages de l'estuaire de la Loire ; Pas de panique : chez Sophie (Senderinfo).", "start_date": "2026-08-30T04:02:00+00:00", "title": "Silence, \u00e7a pousse !"}, {"desc": null, "start_date": "2026-08-30T04:52:00+00:00", "title": "Klass"}, {"desc": null, "start_date": "2026-08-30T04:55:00+00:00", "title": "Klass"}, {"desc": "Ploun\u00e9rin, dans les C\u00f4tes-d'Armor. Depuis un demi-si\u00e8cle, la ferme des Bl\u00e9s noirs est g\u00e9r\u00e9e par Mio, 73 ans. Cette ann\u00e9e, Nolan, 19 ans, esp\u00e8re avoir son bac professionnel pour pouvoir reprendre le troupeau de vaches laiti\u00e8res de sa grand-m\u00e8re. Comment vivre de ce m\u00e9tier exigeant ? Il cherche sa voie. (Senderinfo).", "start_date": "2026-08-30T04:59:00+00:00", "title": "Nolan \u2013 devenir \u00e9leveur en Bretagne, la g\u00e9n\u00e9ration d'apr\u00e8s"}, {"desc": "Des chercheurs se sont inspir\u00e9s des microalgues marines, notamment des diatom\u00e9es, pour d\u00e9velopper un filtre \u00e0 air innovant capable de d\u00e9polluer efficacement l'air. Une avanc\u00e9e majeure en chimie durable et circulaire, transformant les polluants en mol\u00e9cules inoffensives sans g\u00e9n\u00e9rer de d\u00e9chets. (Senderinfo).", "start_date": "2026-08-30T05:53:00+00:00", "title": "Nature = Futur !"}, {"desc": null, "start_date": "2026-08-30T06:00:00+00:00", "title": "Le t\u00e9l\u00e9journal"}, {"desc": "Nina et L\u00e9on, deux petites souris, habitent dans une librairie dont la mascotte est Y\u00e9tili, un grand y\u00e9ti en peluche. Chaque soir, quand la librairie ferme, Y\u00e9tili prend vie et installe ses deux amies sur ses genoux pour leur lire une histoire. (Senderinfo).", "start_date": "2026-08-30T06:21:00+00:00", "title": "Y\u00e9tili"}, {"desc": "Nina et L\u00e9on, deux petites souris, habitent dans une librairie dont la mascotte est Y\u00e9tili, un grand y\u00e9ti en peluche. Chaque soir, quand la librairie ferme, Y\u00e9tili prend vie et installe ses deux amies sur ses genoux pour leur lire une histoire. (Senderinfo).", "start_date": "2026-08-30T06:29:00+00:00", "title": "Y\u00e9tili"}, {"desc": "Koumi, 6 ans, gaie et espi\u00e8gle, r\u00eave de conna\u00eetre tous les animaux du monde. En plus de \u00e7a, elle adore dessiner. Dans chaque \u00e9pisode, elle explique comment bien dessiner les animaux. (Senderinfo).", "start_date": "2026-08-30T06:37:00+00:00", "title": "Dessine les animaux avec Koumi"}, {"desc": "Koumi, 6 ans, gaie et espi\u00e8gle, r\u00eave de conna\u00eetre tous les animaux du monde. En plus de \u00e7a, elle adore dessiner. Dans chaque \u00e9pisode, elle explique comment bien dessiner les animaux. (Senderinfo).", "start_date": "2026-08-30T06:42:00+00:00", "title": "Dessine les animaux avec Koumi"}, {"desc": "Iman, ancien professeur de math\u00e9matiques, propose aux \u00e9l\u00e8ves de primaire un \\\" kit de survie \\\" pour aborder sereinement le coll\u00e8ge. Dans chaque \u00e9pisode, \u00e0 l'aide d'une approche ludique et p\u00e9dagogique, il vise \u00e0 rendre sa mati\u00e8re claire et concr\u00e8te. (Senderinfo).", "start_date": "2026-08-30T06:47:00+00:00", "title": "C'est math\u00e9matique ! Avec Iman"}, {"desc": "Ranya et Syrine, deux soeurs jumelles, sont aussi adorables qu'ins\u00e9parables. Leur vie est joyeuse et pleine de petites aventures du quotidien. Mais tout va \u00eatre chamboul\u00e9 avec l'arriv\u00e9e de leur petit fr\u00e8re, Jad. (Senderinfo).", "start_date": "2026-08-30T06:51:00+00:00", "title": "Jad et ses soeurs"}, {"desc": "Colonies de fourmis, mouches et moustiques peuplent notre environnement. Mais que savons-nous d'eux exactement ? (Senderinfo).", "start_date": "2026-08-30T06:54:00+00:00", "title": "Y'a pas \u00e9cole ?"}, {"desc": "Les tripl\u00e9s ont beau avoir des t\u00eates d'ange, ils ne sont pas les derniers pour faire des b\u00eatises... Ins\u00e9parables, les deux fr\u00e8res et la soeur savent se montrer aussi tendres que polissons. Il va falloir bien du courage aux adultes pour canaliser leur \u00e9nergie ! D'apr\u00e8s les personnages de Nicole Lambert (Senderinfo).", "start_date": "2026-08-30T07:12:00+00:00", "title": "Les tripl\u00e9s"}, {"desc": "Boubris est un l\u00e9zard introverti qui r\u00eave de tranquillit\u00e9. Ancien musicien, il a fui le tumulte et s'est install\u00e9 \u00e0 l'\u00e9cart du monde. Jusqu'au jour o\u00f9 Chniwla, une moustique hyperactive et envahissante, vient perturber son quotidien. (Senderinfo).", "start_date": "2026-08-30T07:19:00+00:00", "title": "Chniwla et boubris"}, {"desc": "Boubris est un l\u00e9zard introverti qui r\u00eave de tranquillit\u00e9. Ancien musicien, il a fui le tumulte et s'est install\u00e9 \u00e0 l'\u00e9cart du monde. Jusqu'au jour o\u00f9 Chniwla, une moustique hyperactive et envahissante, vient perturber son quotidien. (Senderinfo).", "start_date": "2026-08-30T07:26:00+00:00", "title": "Chniwla et boubris"}, {"desc": "L'acc\u00e9l\u00e9ration du rythme cardiaque est interdite \u00e0 Louis-Riel Sara tente de raisonner Laboss qui, apr\u00e8s avoir regard\u00e9 une vid\u00e9o sur Internet, est persuad\u00e9e que l'exercice physique est mauvais pour la sant\u00e9 cardiaque des jeunes. Jean-Baptiste doit r\u00e9parer l'ascenseur hors d'usage de l'\u00e9cole. (Senderinfo).", "start_date": "2026-08-30T07:33:00+00:00", "title": "La brigade"}, {"desc": "Tata, 8 ans, arrive dans une nouvelle \u00e9cole. Elle veut int\u00e9grer l'\u00e9quipe de football de l'\u00e9tablissement mais on lui refuse, car elle est une fille. Qu'\u00e0 cela ne tienne : Tata va monter sa propre \u00e9quipe f\u00e9minine avec l'aide de sa bande d'amis. (Senderinfo).", "start_date": "2026-08-30T07:57:00+00:00", "title": "Foot GO"}, {"desc": "Th\u00e9o, adolescent, questionne directement l'intelligence artificielle pour tenter de mieux la comprendre. Il cherche \u00e0 savoir ce qui la constitue, ce qui la nourrit et comment elle analyse les donn\u00e9es. (Senderinfo).", "start_date": "2026-08-30T08:04:00+00:00", "title": "Ma vie avec l'IA"}, {"desc": "Depuis Issy-les-Moulineaux, Omar Da Fonseca, ancien footballeur du Tours FC, du PSG et de l'AS Monaco, \u00e9voque son parcours, ses d\u00e9buts en Argentine, son adaptation en France et son r\u00f4le de consultant. Il commente aussi l'actualit\u00e9 footballistique, notamment la r\u00e9cente \u00e9limination de Monaco en Ligue des Champions. (Senderinfo).", "start_date": "2026-08-30T08:07:00+00:00", "title": "Le match dans le match"}, {"desc": "Pas un \u00e9v\u00e9nement important qui ne soit \u00e9voqu\u00e9, expliqu\u00e9 et analys\u00e9 ! En plateau, invit\u00e9s et journalistes analysent les grands faits du moment mais \u00e9galement les sujets qui font pol\u00e9mique, nous permettant ainsi de mieux comprendre l'actualit\u00e9 sociale, politique, culturelle qui rythme notre quotidien. (Senderinfo).", "start_date": "2026-08-30T08:32:00+00:00", "title": "C dans l'air"}, {"desc": "Billard, baby-foot... Ren\u00e9 Pierre est le fabricant fran\u00e7ais de r\u00e9f\u00e9rence des tables de jeu. Tout savoir sur le bistrot, symbole de la gastronomie populaire. Rencontre avec Nicolas Jurnjack : quand coiffer est aussi l'occasion de cr\u00e9er et de s'exprimer dans l'univers de la mode. Comment porter le corset. Commentaires : Viviane Blassel. (Senderinfo).", "start_date": "2026-08-30T09:44:00+00:00", "title": "Tendance XXI"}, {"desc": null, "start_date": "2026-08-30T10:14:00+00:00", "title": "Chef pays"}, {"desc": "Le grand jour est enfin arriv\u00e9 : la famille Pierroz est r\u00e9unie aux \u00c9tats-Unis ! Jean-Marie est submerg\u00e9 d'\u00e9motion en retrouvant Mich\u00e8le et les enfants. Pour Mich\u00e8le, l'installation est une \u00e9preuve \u00e9prouvante. (Senderinfo).", "start_date": "2026-08-30T10:42:00+00:00", "title": "Bye bye la Suisse"}, {"desc": null, "start_date": "2026-08-30T11:30:00+00:00", "title": "JT 19h30"}, {"desc": "Tout quitter pour Tokyo : c'est l'histoire des Tranchellini-Martinez, une famille genevoise qui a tout plaqu\u00e9 pour ouvrir une p\u00e2tisserie et un salon de th\u00e9 au Japon, sans \u00eatre du m\u00e9tier, ni parler japonais. Uma, 13 ans, l'une des filles de la fratrie, raconte leur nouvelle vie. (Senderinfo).", "start_date": "2026-08-30T12:01:00+00:00", "title": "2nd life : Tout quitter pour Tokyo"}, {"desc": null, "start_date": "2026-08-30T13:18:00+00:00", "title": "Top14 Rugby"}, {"desc": null, "start_date": "2026-08-30T13:44:00+00:00", "title": "VF"}, {"desc": "Des histoires folles invent\u00e9es de toute pi\u00e8ce, des destins incroyables mais authentiques ! Comment d\u00e9m\u00ealer le vrai du faux et d\u00e9masquer les bluffeuses et les bluffeurs ? Avec la participation de Forma, Frani Elle, Yann Lambiel (Senderinfo).", "start_date": "2026-08-30T13:49:00+00:00", "title": "Tu bluffes"}, {"desc": "Aurore Morisse, l'experte li\u00e9geoise bien connue des t\u00e9l\u00e9spectateurs d'\\\" Affaire conclue \\.", "start_date": "2026-08-30T14:30:00+00:00", "title": "Stoemp, p\u00e8k\u00e8t... et des rawettes !"}, {"desc": "Du Poitou \u00e0 la Touraine, l'incroyable destin de saint Martin Au IVe si\u00e8cle, saint Martin, \u00e9v\u00eaque de Tours et grand voyageur, arpente les chemins du Poitou \u00e0 la Touraine. Depuis, trois chemins de randonn\u00e9e balis\u00e9s ont \u00e9t\u00e9 cr\u00e9\u00e9s pour marcher dans ses pas, de Poitiers \u00e0 Tours, en passant par Ligug\u00e9, Candes-Saint-Martin ou encore Langeais. (Senderinfo).", "start_date": "2026-08-30T15:00:00+00:00", "title": "Les 100 lieux qu'il faut voir"}, {"desc": "J\u00e9r\u00f4me Colin, animateur-taximan, embarque une personnalit\u00e9 lors d'une course express et d\u00e9cal\u00e9e, souvent propice aux confidences. (Senderinfo).", "start_date": "2026-08-30T15:52:00+00:00", "title": "Hep taxi ! Express"}, {"desc": "Le grand JT quotidien de TV5MONDE qui d\u00e9crypte l'actualit\u00e9 ! Ce qu'il faut savoir : le regard francophone sur les principaux faits du jour. \u00c9conomie, d\u00e9bats de soci\u00e9t\u00e9, actualit\u00e9 internationale : l'expertise des journalistes de la r\u00e9daction. Chroniques in\u00e9dites le week-end : francophonie, r\u00e9seaux sociaux, infox, politique, sport... http://information.tv5monde.com (Senderinfo).", "start_date": "2026-08-30T16:00:00+00:00", "title": "64' Actu"}, {"desc": null, "start_date": "2026-08-30T16:27:00+00:00", "title": "M\u00e9t\u00e9o"}, {"desc": "Le grand JT quotidien de TV5MONDE qui d\u00e9crypte l'actualit\u00e9 ! Ce qu'il faut comprendre : regards crois\u00e9s des invit\u00e9s sur un sujet marquant. Place accrue pour l'actualit\u00e9 culturelle francophone avec des s\u00e9quences d\u00e9di\u00e9es. Chroniques in\u00e9dites le week-end : francophonie, r\u00e9seaux sociaux, infox, politique, sport... http://information.tv5monde.com (Senderinfo).", "start_date": "2026-08-30T16:30:00+00:00", "title": "64' D\u00e9bat"}, {"desc": "7 jours sur 7 Patrick Simonin rencontre les artistes, les \u00e9crivains, les acteurs et tous ceux qui font vibrer notre \u00e9poque. \\\" L'invit\u00e9 \\\" est le rendez-vous incontournable des stars et des personnalit\u00e9s qui font l'actualit\u00e9. (Senderinfo).", "start_date": "2026-08-30T16:53:00+00:00", "title": "L'invit\u00e9"}, {"desc": "Hugues Hamelynck, animateur et chroniqueur \u00e0 la RTBF, s'est d\u00e9marqu\u00e9 dans son r\u00f4le de professeur de th\u00e9\u00e2tre \u00e0 la \\\" Star Academy \\\". On retrouve aussi ce champion du monde d'impro sur sc\u00e8ne, dans un spectacle plein de malice. Mais quel est le moteur de cet homme passionn\u00e9 ? (Senderinfo).", "start_date": "2026-08-30T17:01:00+00:00", "title": "Dans la bulle de..."}, {"desc": "C'est un artiste ind\u00e9modable qui vient se pr\u00eater au jeu des cinq sens. Fr\u00e9d\u00e9ric Fran\u00e7ois chante l'amour, en fran\u00e7ais, depuis plus de cinquante-cinq ans ! On conna\u00eet bien celui qui reste une exception dans le paysage musical mais que peut encore r\u00e9v\u00e9ler cette exp\u00e9rience de sa personnalit\u00e9 ? (Senderinfo).", "start_date": "2026-08-30T17:31:00+00:00", "title": "Dans la bulle de..."}, {"desc": null, "start_date": "2026-08-30T18:00:00+00:00", "title": "Le Journal de la RTS"}, {"desc": null, "start_date": "2026-08-30T18:26:00+00:00", "title": "Merci Professeur"}, {"desc": null, "start_date": "2026-08-30T18:30:00+00:00", "title": "Le Journal de France 2"}, {"desc": null, "start_date": "2026-08-30T18:57:00+00:00", "title": "M\u00e9t\u00e9o"}, {"desc": "Madeleine et Antoine forment un couple ambitieux et politiquement engag\u00e9. Ils attendent leurs r\u00e9sultats d'admission \u00e0 l'ENA. Mais sur une route isol\u00e9e de Corse, un drame survient et les lie \u00e0 tout jamais. Leur relation et leurs avenirs professionnels basculent, entrav\u00e9s par ce lourd secret. Sc\u00e9nario : Sylvain Desclous, Pierre Erwan Guillaume Distribution : Rebecca Marder (Madeleine), Benjamin Lave", "start_date": "2026-08-30T19:04:00+00:00", "title": "De grandes esp\u00e9rances"}, {"desc": "Wie kam er ins Zimmer, wie hinaus, obwohl die T\u00fcr verschlossen war und das Fenster vergittert? Reporter Joseph Rouletabille sucht Spuren\u2026 \\n\\nGaston Leroux, Pariser Journalist und literarischer Sch\u00f6pfer von \u201eDas Phantom der Oper\u201c, schrieb zwischen 1907 und 1923 sieben Krimigeschichten um den Hobbydetektiv Rouletabille. Diese flotte und schick ausgestattete Killerhatz mit skurrilen Figuren und Einf", "start_date": "2026-08-30T20:48:00+00:00", "title": "Le myst\u00e8re de la chambre jaune"}, {"desc": null, "start_date": "2026-08-30T22:45:00+00:00", "title": "Le journal Afrique"}, {"desc": null, "start_date": "2026-08-30T23:12:00+00:00", "title": "M\u00e9t\u00e9o"}, {"desc": "Le peintre n\u00e9o-classique Guillaume Guillon-Lethi\u00e8re (1760-1832) est connu pour son \\\" Serment des anc\u00eatres \\\". N\u00e9 en Guadeloupe d'un p\u00e8re blanc martiniquais et d'une m\u00e8re esclave affranchie, revendiquant fi\u00e8rement ses origines, Lethi\u00e8re a offert ce tableau engag\u00e9 et r\u00e9volutionnaire \u00e0 la r\u00e9publique ha\u00eftienne, en 1823. Retour son parcours. (Senderinfo).", "start_date": "2026-08-30T23:17:00+00:00", "title": "Lethi\u00e8re, le serment des anc\u00eatres"}, {"desc": "Le grand jour est enfin arriv\u00e9 : la famille Pierroz est r\u00e9unie aux \u00c9tats-Unis ! Jean-Marie est submerg\u00e9 d'\u00e9motion en retrouvant Mich\u00e8le et les enfants. Pour Mich\u00e8le, l'installation est une \u00e9preuve \u00e9prouvante. (Senderinfo).", "start_date": "2026-08-30T23:59:00+00:00", "title": "Bye bye la Suisse"}], "offset": "+00:00", "timezone": "UTC", "error_code": -1, "start_date": "2026-08-29", "icon": ""}