{"end_date": "2026-08-31", "name": "TV5 Monde", "info_url": "https://epg.pw/channels/76629/20260830.html", "country": "Germany", "description": null, "error_message": "", "provider": "", "source_url": "https://epg.pw/api/epg.json?channel_id=76629&date=20260830&timezone=None", "epg_list": [{"desc": "Lucie au saxo et au chant. Elisa \u00e0 la batterie et au chant. Au violoncelle, \u00e0 la guitare, \u00e0 la basse et aux choeurs : Juliette. L.E.J., c'est une histoire de musique et un roman d'amiti\u00e9. Brillants arrangements, harmonies ang\u00e9liques, sonorit\u00e9s actuelles : un concert de pure mixit\u00e9 musicale ! (Senderinfo).", "start_date": "2026-08-30T00:58:00+00:00", "title": "Les Estivales de France 4"}, {"desc": "Le journal de 23 heures de franceinfo (heure de Paris). Retrouvez les grands reportages, les interviews et les d\u00e9cryptages de la r\u00e9daction sur toute l'actualit\u00e9 fran\u00e7aise et internationale. (Senderinfo).", "start_date": "2026-08-30T02:00:00+00:00", "title": "Le 23h"}, {"desc": "Laurie Bontemps Puluiuvea est n\u00e9e sur l'\u00eele de Wallis, dans le Pacifique, \u00e0 plus de 16 000 kilom\u00e8tres de l'Hexagone. Adopt\u00e9e \u00e0 la naissance, elle grandit \u00e0 Paris. \u00c0 28 ans, confront\u00e9e \u00e0 un profond questionnement identitaire, la jeune femme d\u00e9cide d'entreprendre un voyage cathartique vers sa terre natale. (Senderinfo).", "start_date": "2026-08-30T02:30:00+00:00", "title": "Laurie, du coeur et des racines"}, {"desc": null, "start_date": "2026-08-30T03:22:00+00:00", "title": "Tarmac Comedy"}, {"desc": null, "start_date": "2026-08-30T03:26:00+00:00", "title": "Tarmac Comedy"}, {"desc": null, "start_date": "2026-08-30T03:34:00+00:00", "title": "Wari"}, {"desc": "Au sommaire : rencontre avec J\u00e9r\u00f4me D\u00e9sigaud, musicien et luthier ; le pesto de G\u00eanes ; les paysages de l'estuaire de la Loire ; Pas de panique : chez Sophie (Senderinfo).", "start_date": "2026-08-30T04:02:00+00:00", "title": "Silence, \u00e7a pousse !"}, {"desc": null, "start_date": "2026-08-30T04:52:00+00:00", "title": "Klass"}, {"desc": null, "start_date": "2026-08-30T04:55:00+00:00", "title": "Klass"}, {"desc": "Ploun\u00e9rin, dans les C\u00f4tes-d'Armor. Depuis un demi-si\u00e8cle, la ferme des Bl\u00e9s noirs est g\u00e9r\u00e9e par Mio, 73 ans. Cette ann\u00e9e, Nolan, 19 ans, esp\u00e8re avoir son bac professionnel pour pouvoir reprendre le troupeau de vaches laiti\u00e8res de sa grand-m\u00e8re. Comment vivre de ce m\u00e9tier exigeant ? Il cherche sa voie. (Senderinfo).", "start_date": "2026-08-30T04:59:00+00:00", "title": "Nolan \u2013 devenir \u00e9leveur en Bretagne, la g\u00e9n\u00e9ration d'apr\u00e8s"}, {"desc": "Des chercheurs se sont inspir\u00e9s des microalgues marines, notamment des diatom\u00e9es, pour d\u00e9velopper un filtre \u00e0 air innovant capable de d\u00e9polluer efficacement l'air. Une avanc\u00e9e majeure en chimie durable et circulaire, transformant les polluants en mol\u00e9cules inoffensives sans g\u00e9n\u00e9rer de d\u00e9chets. (Senderinfo).", "start_date": "2026-08-30T05:53:00+00:00", "title": "Nature = Futur !"}, {"desc": null, "start_date": "2026-08-30T06:00:00+00:00", "title": "Le t\u00e9l\u00e9journal"}, {"desc": "Nina et L\u00e9on, deux petites souris, habitent dans une librairie dont la mascotte est Y\u00e9tili, un grand y\u00e9ti en peluche. Chaque soir, quand la librairie ferme, Y\u00e9tili prend vie et installe ses deux amies sur ses genoux pour leur lire une histoire. (Senderinfo).", "start_date": "2026-08-30T06:21:00+00:00", "title": "Y\u00e9tili"}, {"desc": "Nina et L\u00e9on, deux petites souris, habitent dans une librairie dont la mascotte est Y\u00e9tili, un grand y\u00e9ti en peluche. Chaque soir, quand la librairie ferme, Y\u00e9tili prend vie et installe ses deux amies sur ses genoux pour leur lire une histoire. (Senderinfo).", "start_date": "2026-08-30T06:29:00+00:00", "title": "Y\u00e9tili"}, {"desc": "Koumi, 6 ans, gaie et espi\u00e8gle, r\u00eave de conna\u00eetre tous les animaux du monde. En plus de \u00e7a, elle adore dessiner. Dans chaque \u00e9pisode, elle explique comment bien dessiner les animaux. (Senderinfo).", "start_date": "2026-08-30T06:37:00+00:00", "title": "Dessine les animaux avec Koumi"}, {"desc": "Koumi, 6 ans, gaie et espi\u00e8gle, r\u00eave de conna\u00eetre tous les animaux du monde. En plus de \u00e7a, elle adore dessiner. Dans chaque \u00e9pisode, elle explique comment bien dessiner les animaux. (Senderinfo).", "start_date": "2026-08-30T06:42:00+00:00", "title": "Dessine les animaux avec Koumi"}, {"desc": "Iman, ancien professeur de math\u00e9matiques, propose aux \u00e9l\u00e8ves de primaire un \\\" kit de survie \\\" pour aborder sereinement le coll\u00e8ge. Dans chaque \u00e9pisode, \u00e0 l'aide d'une approche ludique et p\u00e9dagogique, il vise \u00e0 rendre sa mati\u00e8re claire et concr\u00e8te. (Senderinfo).", "start_date": "2026-08-30T06:47:00+00:00", "title": "C'est math\u00e9matique ! Avec Iman"}, {"desc": "Ranya et Syrine, deux soeurs jumelles, sont aussi adorables qu'ins\u00e9parables. Leur vie est joyeuse et pleine de petites aventures du quotidien. Mais tout va \u00eatre chamboul\u00e9 avec l'arriv\u00e9e de leur petit fr\u00e8re, Jad. (Senderinfo).", "start_date": "2026-08-30T06:51:00+00:00", "title": "Jad et ses soeurs"}, {"desc": "Colonies de fourmis, mouches et moustiques peuplent notre environnement. Mais que savons-nous d'eux exactement ? (Senderinfo).", "start_date": "2026-08-30T06:54:00+00:00", "title": "Y'a pas \u00e9cole ?"}, {"desc": "Les tripl\u00e9s ont beau avoir des t\u00eates d'ange, ils ne sont pas les derniers pour faire des b\u00eatises... Ins\u00e9parables, les deux fr\u00e8res et la soeur savent se montrer aussi tendres que polissons. Il va falloir bien du courage aux adultes pour canaliser leur \u00e9nergie ! D'apr\u00e8s les personnages de Nicole Lambert (Senderinfo).", "start_date": "2026-08-30T07:12:00+00:00", "title": "Les tripl\u00e9s"}, {"desc": "Boubris est un l\u00e9zard introverti qui r\u00eave de tranquillit\u00e9. Ancien musicien, il a fui le tumulte et s'est install\u00e9 \u00e0 l'\u00e9cart du monde. Jusqu'au jour o\u00f9 Chniwla, une moustique hyperactive et envahissante, vient perturber son quotidien. (Senderinfo).", "start_date": "2026-08-30T07:19:00+00:00", "title": "Chniwla et boubris"}, {"desc": "Boubris est un l\u00e9zard introverti qui r\u00eave de tranquillit\u00e9. Ancien musicien, il a fui le tumulte et s'est install\u00e9 \u00e0 l'\u00e9cart du monde. Jusqu'au jour o\u00f9 Chniwla, une moustique hyperactive et envahissante, vient perturber son quotidien. (Senderinfo).", "start_date": "2026-08-30T07:26:00+00:00", "title": "Chniwla et boubris"}, {"desc": "L'acc\u00e9l\u00e9ration du rythme cardiaque est interdite \u00e0 Louis-Riel Sara tente de raisonner Laboss qui, apr\u00e8s avoir regard\u00e9 une vid\u00e9o sur Internet, est persuad\u00e9e que l'exercice physique est mauvais pour la sant\u00e9 cardiaque des jeunes. Jean-Baptiste doit r\u00e9parer l'ascenseur hors d'usage de l'\u00e9cole. (Senderinfo).", "start_date": "2026-08-30T07:33:00+00:00", "title": "La brigade"}, {"desc": "Tata, 8 ans, arrive dans une nouvelle \u00e9cole. Elle veut int\u00e9grer l'\u00e9quipe de football de l'\u00e9tablissement mais on lui refuse, car elle est une fille. Qu'\u00e0 cela ne tienne : Tata va monter sa propre \u00e9quipe f\u00e9minine avec l'aide de sa bande d'amis. (Senderinfo).", "start_date": "2026-08-30T07:57:00+00:00", "title": "Foot GO"}, {"desc": "Th\u00e9o, adolescent, questionne directement l'intelligence artificielle pour tenter de mieux la comprendre. Il cherche \u00e0 savoir ce qui la constitue, ce qui la nourrit et comment elle analyse les donn\u00e9es. (Senderinfo).", "start_date": "2026-08-30T08:04:00+00:00", "title": "Ma vie avec l'IA"}, {"desc": "Depuis Issy-les-Moulineaux, Omar Da Fonseca, ancien footballeur du Tours FC, du PSG et de l'AS Monaco, \u00e9voque son parcours, ses d\u00e9buts en Argentine, son adaptation en France et son r\u00f4le de consultant. Il commente aussi l'actualit\u00e9 footballistique, notamment la r\u00e9cente \u00e9limination de Monaco en Ligue des Champions. (Senderinfo).", "start_date": "2026-08-30T08:07:00+00:00", "title": "Le match dans le match"}, {"desc": "Pas un \u00e9v\u00e9nement important qui ne soit \u00e9voqu\u00e9, expliqu\u00e9 et analys\u00e9 ! En plateau, invit\u00e9s et journalistes analysent les grands faits du moment mais \u00e9galement les sujets qui font pol\u00e9mique, nous permettant ainsi de mieux comprendre l'actualit\u00e9 sociale, politique, culturelle qui rythme notre quotidien. (Senderinfo).", "start_date": "2026-08-30T08:32:00+00:00", "title": "C dans l'air"}, {"desc": "Billard, baby-foot... Ren\u00e9 Pierre est le fabricant fran\u00e7ais de r\u00e9f\u00e9rence des tables de jeu. Tout savoir sur le bistrot, symbole de la gastronomie populaire. Rencontre avec Nicolas Jurnjack : quand coiffer est aussi l'occasion de cr\u00e9er et de s'exprimer dans l'univers de la mode. Comment porter le corset. Commentaires : Viviane Blassel. (Senderinfo).", "start_date": "2026-08-30T09:44:00+00:00", "title": "Tendance XXI"}, {"desc": null, "start_date": "2026-08-30T10:14:00+00:00", "title": "Chef pays"}, {"desc": "Le grand jour est enfin arriv\u00e9 : la famille Pierroz est r\u00e9unie aux \u00c9tats-Unis ! Jean-Marie est submerg\u00e9 d'\u00e9motion en retrouvant Mich\u00e8le et les enfants. Pour Mich\u00e8le, l'installation est une \u00e9preuve \u00e9prouvante. (Senderinfo).", "start_date": "2026-08-30T10:42:00+00:00", "title": "Bye bye la Suisse"}, {"desc": null, "start_date": "2026-08-30T11:30:00+00:00", "title": "JT 19h30"}, {"desc": "Tout quitter pour Tokyo : c'est l'histoire des Tranchellini-Martinez, une famille genevoise qui a tout plaqu\u00e9 pour ouvrir une p\u00e2tisserie et un salon de th\u00e9 au Japon, sans \u00eatre du m\u00e9tier, ni parler japonais. Uma, 13 ans, l'une des filles de la fratrie, raconte leur nouvelle vie. (Senderinfo).", "start_date": "2026-08-30T12:01:00+00:00", "title": "2nd life : Tout quitter pour Tokyo"}, {"desc": null, "start_date": "2026-08-30T13:18:00+00:00", "title": "Top14 Rugby"}, {"desc": null, "start_date": "2026-08-30T13:44:00+00:00", "title": "VF"}, {"desc": "Des histoires folles invent\u00e9es de toute pi\u00e8ce, des destins incroyables mais authentiques ! Comment d\u00e9m\u00ealer le vrai du faux et d\u00e9masquer les bluffeuses et les bluffeurs ? Avec la participation de Forma, Frani Elle, Yann Lambiel (Senderinfo).", "start_date": "2026-08-30T13:49:00+00:00", "title": "Tu bluffes"}, {"desc": "Aurore Morisse, l'experte li\u00e9geoise bien connue des t\u00e9l\u00e9spectateurs d'\\\" Affaire conclue \\.", "start_date": "2026-08-30T14:30:00+00:00", "title": "Stoemp, p\u00e8k\u00e8t... et des rawettes !"}, {"desc": "Du Poitou \u00e0 la Touraine, l'incroyable destin de saint Martin Au IVe si\u00e8cle, saint Martin, \u00e9v\u00eaque de Tours et grand voyageur, arpente les chemins du Poitou \u00e0 la Touraine. Depuis, trois chemins de randonn\u00e9e balis\u00e9s ont \u00e9t\u00e9 cr\u00e9\u00e9s pour marcher dans ses pas, de Poitiers \u00e0 Tours, en passant par Ligug\u00e9, Candes-Saint-Martin ou encore Langeais. (Senderinfo).", "start_date": "2026-08-30T15:00:00+00:00", "title": "Les 100 lieux qu'il faut voir"}, {"desc": "J\u00e9r\u00f4me Colin, animateur-taximan, embarque une personnalit\u00e9 lors d'une course express et d\u00e9cal\u00e9e, souvent propice aux confidences. (Senderinfo).", "start_date": "2026-08-30T15:52:00+00:00", "title": "Hep taxi ! Express"}, {"desc": "Le grand JT quotidien de TV5MONDE qui d\u00e9crypte l'actualit\u00e9 ! Ce qu'il faut savoir : le regard francophone sur les principaux faits du jour. \u00c9conomie, d\u00e9bats de soci\u00e9t\u00e9, actualit\u00e9 internationale : l'expertise des journalistes de la r\u00e9daction. Chroniques in\u00e9dites le week-end : francophonie, r\u00e9seaux sociaux, infox, politique, sport... http://information.tv5monde.com (Senderinfo).", "start_date": "2026-08-30T16:00:00+00:00", "title": "64' Actu"}, {"desc": null, "start_date": "2026-08-30T16:27:00+00:00", "title": "M\u00e9t\u00e9o"}, {"desc": "Le grand JT quotidien de TV5MONDE qui d\u00e9crypte l'actualit\u00e9 ! Ce qu'il faut comprendre : regards crois\u00e9s des invit\u00e9s sur un sujet marquant. Place accrue pour l'actualit\u00e9 culturelle francophone avec des s\u00e9quences d\u00e9di\u00e9es. Chroniques in\u00e9dites le week-end : francophonie, r\u00e9seaux sociaux, infox, politique, sport... http://information.tv5monde.com (Senderinfo).", "start_date": "2026-08-30T16:30:00+00:00", "title": "64' D\u00e9bat"}, {"desc": "7 jours sur 7 Patrick Simonin rencontre les artistes, les \u00e9crivains, les acteurs et tous ceux qui font vibrer notre \u00e9poque. \\\" L'invit\u00e9 \\\" est le rendez-vous incontournable des stars et des personnalit\u00e9s qui font l'actualit\u00e9. (Senderinfo).", "start_date": "2026-08-30T16:53:00+00:00", "title": "L'invit\u00e9"}, {"desc": "Hugues Hamelynck, animateur et chroniqueur \u00e0 la RTBF, s'est d\u00e9marqu\u00e9 dans son r\u00f4le de professeur de th\u00e9\u00e2tre \u00e0 la \\\" Star Academy \\\". On retrouve aussi ce champion du monde d'impro sur sc\u00e8ne, dans un spectacle plein de malice. Mais quel est le moteur de cet homme passionn\u00e9 ? (Senderinfo).", "start_date": "2026-08-30T17:01:00+00:00", "title": "Dans la bulle de..."}, {"desc": "C'est un artiste ind\u00e9modable qui vient se pr\u00eater au jeu des cinq sens. Fr\u00e9d\u00e9ric Fran\u00e7ois chante l'amour, en fran\u00e7ais, depuis plus de cinquante-cinq ans ! On conna\u00eet bien celui qui reste une exception dans le paysage musical mais que peut encore r\u00e9v\u00e9ler cette exp\u00e9rience de sa personnalit\u00e9 ? (Senderinfo).", "start_date": "2026-08-30T17:31:00+00:00", "title": "Dans la bulle de..."}, {"desc": null, "start_date": "2026-08-30T18:00:00+00:00", "title": "Le Journal de la RTS"}, {"desc": null, "start_date": "2026-08-30T18:26:00+00:00", "title": "Merci Professeur"}, {"desc": null, "start_date": "2026-08-30T18:30:00+00:00", "title": "Le Journal de France 2"}, {"desc": null, "start_date": "2026-08-30T18:57:00+00:00", "title": "M\u00e9t\u00e9o"}, {"desc": "Madeleine et Antoine forment un couple ambitieux et politiquement engag\u00e9. Ils attendent leurs r\u00e9sultats d'admission \u00e0 l'ENA. Mais sur une route isol\u00e9e de Corse, un drame survient et les lie \u00e0 tout jamais. Leur relation et leurs avenirs professionnels basculent, entrav\u00e9s par ce lourd secret. Sc\u00e9nario : Sylvain Desclous, Pierre Erwan Guillaume Distribution : Rebecca Marder (Madeleine), Benjamin Lave", "start_date": "2026-08-30T19:04:00+00:00", "title": "De grandes esp\u00e9rances"}, {"desc": "Wie kam er ins Zimmer, wie hinaus, obwohl die T\u00fcr verschlossen war und das Fenster vergittert? Reporter Joseph Rouletabille sucht Spuren\u2026 \\n\\nGaston Leroux, Pariser Journalist und literarischer Sch\u00f6pfer von \u201eDas Phantom der Oper\u201c, schrieb zwischen 1907 und 1923 sieben Krimigeschichten um den Hobbydetektiv Rouletabille. Diese flotte und schick ausgestattete Killerhatz mit skurrilen Figuren und Einf", "start_date": "2026-08-30T20:48:00+00:00", "title": "Le myst\u00e8re de la chambre jaune"}, {"desc": null, "start_date": "2026-08-30T22:45:00+00:00", "title": "Le journal Afrique"}, {"desc": null, "start_date": "2026-08-30T23:12:00+00:00", "title": "M\u00e9t\u00e9o"}, {"desc": "Le peintre n\u00e9o-classique Guillaume Guillon-Lethi\u00e8re (1760-1832) est connu pour son \\\" Serment des anc\u00eatres \\\". N\u00e9 en Guadeloupe d'un p\u00e8re blanc martiniquais et d'une m\u00e8re esclave affranchie, revendiquant fi\u00e8rement ses origines, Lethi\u00e8re a offert ce tableau engag\u00e9 et r\u00e9volutionnaire \u00e0 la r\u00e9publique ha\u00eftienne, en 1823. Retour son parcours. (Senderinfo).", "start_date": "2026-08-30T23:17:00+00:00", "title": "Lethi\u00e8re, le serment des anc\u00eatres"}, {"desc": "Le grand jour est enfin arriv\u00e9 : la famille Pierroz est r\u00e9unie aux \u00c9tats-Unis ! Jean-Marie est submerg\u00e9 d'\u00e9motion en retrouvant Mich\u00e8le et les enfants. Pour Mich\u00e8le, l'installation est une \u00e9preuve \u00e9prouvante. (Senderinfo).", "start_date": "2026-08-30T23:59:00+00:00", "title": "Bye bye la Suisse"}, {"desc": "Chaque ann\u00e9e, des personnes v\u00eatues de sacs de jute se rassemblent \u00e0 la lisi\u00e8re de la for\u00eat et attendent que l'horloge de l'\u00e9glise sonne. Munis de cloches et de cornes, les hommes de la for\u00eat (\\\" Woldmanndli \\.", "start_date": "2026-08-31T00:48:00+00:00", "title": "Les Alpes Suisses : Entre traditions et superstitions"}, {"desc": "Le 5 septembre 1972, des terroristes palestiniens tuent deux membres de l'\u00e9quipe isra\u00e9lienne dans le village olympique de Munich. Ils en prennent ensuite neuf autres en otage, qui trouveront la mort dans une tentative de sauvetage rat\u00e9e. (Senderinfo).", "start_date": "2026-08-31T01:39:00+00:00", "title": "Podium"}, {"desc": "Le journal de 23 heures de franceinfo (heure de Paris). Retrouvez les grands reportages, les interviews et les d\u00e9cryptages de la r\u00e9daction sur toute l'actualit\u00e9 fran\u00e7aise et internationale. (Senderinfo).", "start_date": "2026-08-31T02:00:00+00:00", "title": "Le 23h"}, {"desc": "Alors que Sabine d\u00e9chante en revoyant un ex, Myriam tente de se convaincre qu'elle peut passer \u00e0 autre chose. Pendant ce temps, le Senso est le th\u00e9\u00e2tre d'un terrible \u00e9v\u00e9nement. (Senderinfo).", "start_date": "2026-08-31T03:01:00+00:00", "title": "Un si grand soleil"}, {"desc": "Une enqu\u00eate est ouverte pour comprendre si Virgile et Alix ont des ennemis... Florent se sent incapable d'aider son client. De son c\u00f4t\u00e9, In\u00e8s a peur de perdre son emploi. (Senderinfo).", "start_date": "2026-08-31T03:23:00+00:00", "title": "Un si grand soleil"}, {"desc": "Bijou de l'art baroque et v\u00e9ritable t\u00e9moin artistique de la Sicile, le Palazzo Gangi invite \u00e0 un voyage hors du temps. Ancienne r\u00e9sidence des princes Valguarnera puis des princes Gangi, il se dresse au centre de Palerme et a servi de d\u00e9cor \u00e0 Luchino Visconti pour \\\" Le Gu\u00e9pard \\\". (Senderinfo).", "start_date": "2026-08-31T03:45:00+00:00", "title": "Demeures de collectionneurs"}, {"desc": null, "start_date": "2026-08-31T03:54:00+00:00", "title": "Merci Professeur"}, {"desc": null, "start_date": "2026-08-31T03:58:00+00:00", "title": "Le 6h info"}, {"desc": null, "start_date": "2026-08-31T04:25:00+00:00", "title": "M\u00e9t\u00e9o"}, {"desc": null, "start_date": "2026-08-31T04:29:00+00:00", "title": "T\u00e9l\u00e9matin"}, {"desc": null, "start_date": "2026-08-31T04:45:00+00:00", "title": "Merci Professeur"}, {"desc": null, "start_date": "2026-08-31T04:50:00+00:00", "title": "T\u00e9l\u00e9matin"}, {"desc": "En soir\u00e9e, les blagues fusent. Th\u00e9o cherche la meilleure r\u00e9plique \u00e0 lancer \u00e0 son tour. Voix : Kyan Khojandi, Cyprien Iov, Garance Marillier, Morgane Cadignan (Senderinfo).", "start_date": "2026-08-31T05:21:00+00:00", "title": "Flipp\u00e9"}, {"desc": null, "start_date": "2026-08-31T05:24:00+00:00", "title": "Anne-so what ?"}, {"desc": null, "start_date": "2026-08-31T05:29:00+00:00", "title": "T\u00e9l\u00e9matin"}, {"desc": null, "start_date": "2026-08-31T05:50:00+00:00", "title": "VF"}, {"desc": null, "start_date": "2026-08-31T05:54:00+00:00", "title": "VF"}, {"desc": null, "start_date": "2026-08-31T06:00:00+00:00", "title": "Le t\u00e9l\u00e9journal"}, {"desc": "Quatre petits dinosaures, Rocky, Bill, Tiny et Mazu, d\u00e9couvrent un monde dangereux dans lequel r\u00f4de le myst\u00e9rieux Gigantosaurus, le plus f\u00e9roce de tous les dinosaures. Ces quatre meilleurs amis partent \u00e0 l'aventure, en se confrontant \u00e0 leurs peurs et en s'unissant pour r\u00e9soudre tous leurs probl\u00e8mes. (Senderinfo).", "start_date": "2026-08-31T06:23:00+00:00", "title": "Gigantosaurus"}, {"desc": "Accompagn\u00e9 de ses amis Brigitte la brosse \u00e0 dents et Galipette le hamster ninja, Top Cornichon transforme les impr\u00e9vus en aventures dr\u00f4les et fantaisistes. (Senderinfo).", "start_date": "2026-08-31T06:34:00+00:00", "title": "Top cornichon"}, {"desc": "Comment bien manger, bien bouger, bien dormir ? Dans chaque \u00e9pisode, la capitaine Stella Tonus de la Body Fleet F\u00e9d\u00e9ration voyage \u00e0 l'int\u00e9rieur du corps humain \u00e0 bord du vaisseau le Positron. Son but : informer les enfants des effets b\u00e9n\u00e9fiques ou n\u00e9fastes de certaines pratiques de leur vie quotidienne. (Senderinfo).", "start_date": "2026-08-31T06:40:00+00:00", "title": "Capitaine Tonus"}, {"desc": "Olive, P\u00e9tole, Boulard, Mixo, Raoul et Pamela forment la joyeuse bande des Quiquoi. Ils se posent une foule de questions existentielles qu'ils essayent de r\u00e9soudre \u00e0 l'aide de dessins. \u00c0 leur mani\u00e8re plut\u00f4t loufoque, ils adorent cr\u00e9er des univers surr\u00e9alistes dans lesquels tout devient possible. D'apr\u00e8s les livres de Laurent Rivelaygue et Olivier Tallec (Senderinfo).", "start_date": "2026-08-31T06:44:00+00:00", "title": "Les Quiquoi"}, {"desc": "Koumi, 6 ans, gaie et espi\u00e8gle, r\u00eave de conna\u00eetre tous les animaux du monde. Gr\u00e2ce \u00e0 son imagier, elle part \u00e0 leur rencontre. (Senderinfo).", "start_date": "2026-08-31T06:51:00+00:00", "title": "L'imagier anim\u00e9 de Koumi"}, {"desc": "Gr\u00e2ce au soutien de ses amis, Kenda aborde les petits probl\u00e8mes de la vie quotidienne avec optimisme. Leurs aventures sont aussi une occasion pour comprendre l'importance des valeurs humaines et le monde qui les entoure. (Senderinfo).", "start_date": "2026-08-31T06:56:00+00:00", "title": "Kenda"}, {"desc": "Braillard, Colombe et Lablatte ont d\u00e9couvert le moyen de voyager \u00e0 travers les \u00e9poques et les civilisations anciennes. Ils s'embarquent dans un voyage temporel, passant par de civilisations populaires telles que l'\u00c9gypte et la Gr\u00e8ce antique, ainsi qu'en Afrique sub-saharienne, au Moyen-Orient ou en M\u00e9sopotamie. (Senderinfo).", "start_date": "2026-08-31T07:01:00+00:00", "title": "1001 Mondes antiques"}, {"desc": "Sous son escalier, Alix d\u00e9couvre un passage menant \u00e0 un monde fantaisiste dans lequel vivent d'\u00e9tonnants personnages. Dans cet univers, la jeune fille d\u00e9bordante d'imagination s'\u00e9vade pour vivre des aventures rocambolesques en compagnie de Chapelier et de ses amis, les Merveilleux. (Senderinfo).", "start_date": "2026-08-31T07:05:00+00:00", "title": "Alix et les Merveilleux"}, {"desc": "\u00c0 Cond\u00e9-sur-Iton, des passionn\u00e9s ont r\u00e9uni des voitures embl\u00e9matiques mais aussi des mod\u00e8les moins connus de marques allemandes. Focus sur la tr\u00e8s l\u00e9g\u00e8re Porsche Spyder 550 et la sportive Renault 8 Gordini. (Senderinfo).", "start_date": "2026-08-31T07:29:00+00:00", "title": "Vroum"}, {"desc": "Aurore Morisse, l'experte li\u00e9geoise bien connue des t\u00e9l\u00e9spectateurs d'\\\" Affaire conclue \\.", "start_date": "2026-08-31T07:56:00+00:00", "title": "Stoemp, p\u00e8k\u00e8t... et des rawettes !"}, {"desc": "Miyano Sakai est la cheffe-propri\u00e9taire du Tora-Ya Ramen, un restaurant japonais dans le quartier Saint-Roch \u00e0 Qu\u00e9bec. On d\u00e9couvre avec elle les bo\u00eetes bento, les gyozas et la fameuse soupe ramen. D\u00e9gustation de sak\u00e9s \u00e0 la cl\u00e9. (Senderinfo).", "start_date": "2026-08-31T08:26:00+00:00", "title": "Donner l'go\u00fbt"}, {"desc": "Au programme de la 2e journ\u00e9e : Lille OSC/Paris Saint-Germain, RC Strasbourg/RC Lens, AJ Auxerre/Angers SCO, Stade Brestois/Toulouse FC, FC Lorient/Estac Troyes, Olympique Lyonnais/Havre AC, Paris FC/OGC Nice, Stade Rennais/Le Mans FC, AS Monaco/Olympique de Marseille. (Senderinfo).", "start_date": "2026-08-31T08:53:00+00:00", "title": "Ligue 1 McDonald's : le r\u00e9cap"}, {"desc": "Au programme de la 2e journ\u00e9e : Lille OSC/Paris Saint-Germain, RC Strasbourg/RC Lens, AJ Auxerre/Angers SCO, Stade Brestois/Toulouse FC, FC Lorient/Estac Troyes, Olympique Lyonnais/Havre AC, Paris FC/OGC Nice, Stade Rennais/Le Mans FC, AS Monaco/Olympique de Marseille. (Senderinfo).", "start_date": "2026-08-31T09:22:00+00:00", "title": "Ligue 1 McDonald's : le r\u00e9cap"}, {"desc": "Au sommaire : Le Baron (1988) Rien chez lui n'est quelconque. Surtout pas ses f\u00eates, ses habits renaissance ou ses \u00e9changes de futilit\u00e9s aristocratiques ; ONEM ou on n'aime pas (1989) Dans les pas d'une inspectrice de l'ONEM, l'Office national de l'emploi, en Belgique. (Senderinfo).", "start_date": "2026-08-31T09:32:00+00:00", "title": "Strip-tease"}, {"desc": "Au coeur de la Touraine, le ch\u00e2teau de Sach\u00e9 \u00e9tait le lieu d'inspiration privil\u00e9gi\u00e9 d'Honor\u00e9 de Balzac. Il y a \u00e9crit bon nombre de ses oeuvres. (Senderinfo).", "start_date": "2026-08-31T10:04:00+00:00", "title": "Ch\u00e2teau !"}, {"desc": "La po\u00e9sie, une parenth\u00e8se enchant\u00e9e dans un quotidien satur\u00e9 d'informations. Des interpr\u00e8tes d'horizons divers, c\u00e9l\u00e8bres ou moins connus, s'emparent d'un po\u00e8me et le r\u00e9citent dans un lieu inattendu, cr\u00e9ant des associations harmonieuses ou contrast\u00e9es. Objectif : d\u00e9mocratiser la po\u00e9sie en la rendant accessible et attractive pour tous les publics. (Senderinfo).", "start_date": "2026-08-31T10:18:00+00:00", "title": "Stances"}, {"desc": "Un nouvel agent de l'IGPN, bien connu de l'\u00e9quipe de Becker, d\u00e9barque au commissariat. Pendant ce temps chez L. Cosm\u00e9tiques, Enric se demande s'il aurait sa chance avec Caroline. (Senderinfo).", "start_date": "2026-08-31T10:20:00+00:00", "title": "Un si grand soleil"}, {"desc": null, "start_date": "2026-08-31T10:43:00+00:00", "title": "Tarmac Comedy"}, {"desc": "Le jeu o\u00f9 tout le monde peut devenir champion. Un quiz, des candidats, et un champion que tous r\u00eavent de d\u00e9loger ! (Senderinfo).", "start_date": "2026-08-31T10:47:00+00:00", "title": "Tout le monde veut prendre sa place"}, {"desc": null, "start_date": "2026-08-31T11:30:00+00:00", "title": "JT 19h30"}, {"desc": "Le corps d'H\u00e9l\u00e8ne Bertillon, directrice d'une base nautique, est retrouv\u00e9 dans la r\u00e9serve naturelle de l'\u00e9tang Saint-Paul. L'enqu\u00eate \u00e9tant men\u00e9e conjointement par la police et la gendarmerie, les tensions montent rapidement. (Senderinfo).", "start_date": "2026-08-31T11:59:00+00:00", "title": "OPJ"}, {"desc": "Un autre corps est d\u00e9couvert et tous les regards se tournent vers le t\u00e9l\u00e9phone de la victime, qui pourrait renfermer de pr\u00e9cieux indices. Sc\u00e9nario : Eug\u00e9nie Dard, Vinciane Mokry (Senderinfo).", "start_date": "2026-08-31T12:50:00+00:00", "title": "OPJ"}, {"desc": "Au coeur de la Touraine, le ch\u00e2teau de Sach\u00e9 \u00e9tait le lieu d'inspiration privil\u00e9gi\u00e9 d'Honor\u00e9 de Balzac. Il y a \u00e9crit bon nombre de ses oeuvres. (Senderinfo).", "start_date": "2026-08-31T13:45:00+00:00", "title": "Ch\u00e2teau !"}, {"desc": "Oli et Titus sont deux jouets qui ont \u00e9t\u00e9 remis\u00e9s dans un grenier. Dans cet endroit, \u00e0 l'abri des regards humains, se dresse Minusville : une cit\u00e9 am\u00e9nag\u00e9e pour tous leurs semblables abandonn\u00e9s. En recyclant les objets du quotidien, ils cr\u00e9ent un endroit o\u00f9 il fait bon vivre en communaut\u00e9. (Senderinfo).", "start_date": "2026-08-31T13:59:00+00:00", "title": "Les Minus"}, {"desc": "Les Croquemoutard sont contraints de quitter le pont sous lequel ils ont toujours v\u00e9cu pour aller s'installer parmi les humains. La famille de trolls emm\u00e9nage \u00e0 la Cit\u00e9 des clapiers et d\u00e9couvre la vie en communaut\u00e9. Pas facile d'\u00e9voluer au milieu de ces cr\u00e9atures app\u00e9tissantes aux \u00e9tranges manies ! (Senderinfo).", "start_date": "2026-08-31T14:10:00+00:00", "title": "Les Croquemoutard"}, {"desc": "\u00c0 la suite d'un accident, Liam est en p\u00e9ril. Les jeunes s'unissent pour le sauver. Rafa\u00eble se rapproche d'H\u00e9l\u00e8ne et gagne sa confiance. (Senderinfo).", "start_date": "2026-08-31T14:21:00+00:00", "title": "Liam"}, {"desc": "Qu'il s'agisse de petits tracas ou de probl\u00e9matiques de vie plus complexes, Th\u00e9o Curin invite des enfants de 7 \u00e0 12 ans \u00e0 se confier sur les sujets qui les pr\u00e9occupent. Accompagn\u00e9 d'Alicia Cohen-Freoua et Fabien Richard, il tente de leur donner des clefs pour avancer. (Senderinfo).", "start_date": "2026-08-31T14:44:00+00:00", "title": "T'es au top"}, {"desc": "Les Autochtones debout contre la r\u00e9forme du r\u00e9gime forestier L'\u00e9t\u00e9 2025 a \u00e9t\u00e9 chaud dans les for\u00eats du nord du Qu\u00e9bec. Des blocus de routes y ont \u00e9t\u00e9 \u00e9rig\u00e9s par des membres des Premi\u00e8res Nations pour d\u00e9noncer la r\u00e9forme du r\u00e9gime forestier. Retour sur cet \u00e9pisode de confrontation qui aurait pu mal tourner. Foresterie : l'industrie veut un projet de soci\u00e9t\u00e9 Sacr\u00e9-Coeur, sur la C\u00f4te-Nord, vit de la ", "start_date": "2026-08-31T14:59:00+00:00", "title": "Le Point"}, {"desc": null, "start_date": "2026-08-31T15:51:00+00:00", "title": "Tarmac Comedy"}, {"desc": null, "start_date": "2026-08-31T15:54:00+00:00", "title": "Tarmac Comedy"}, {"desc": "Le grand JT quotidien de TV5MONDE qui d\u00e9crypte l'actualit\u00e9 ! Ce qu'il faut savoir : le regard francophone sur les principaux faits du jour. \u00c9conomie, d\u00e9bats de soci\u00e9t\u00e9, actualit\u00e9 internationale : l'expertise des journalistes de la r\u00e9daction. Chroniques in\u00e9dites le week-end : francophonie, r\u00e9seaux sociaux, infox, politique, sport... http://information.tv5monde.com (Senderinfo).", "start_date": "2026-08-31T16:00:00+00:00", "title": "64' Actu"}, {"desc": null, "start_date": "2026-08-31T16:27:00+00:00", "title": "M\u00e9t\u00e9o"}, {"desc": "Le grand JT quotidien de TV5MONDE qui d\u00e9crypte l'actualit\u00e9 ! Ce qu'il faut comprendre : regards crois\u00e9s des invit\u00e9s sur un sujet marquant. Place accrue pour l'actualit\u00e9 culturelle francophone avec des s\u00e9quences d\u00e9di\u00e9es. Chroniques in\u00e9dites le week-end : francophonie, r\u00e9seaux sociaux, infox, politique, sport... http://information.tv5monde.com (Senderinfo).", "start_date": "2026-08-31T16:30:00+00:00", "title": "64' D\u00e9bat"}, {"desc": "7 jours sur 7 Patrick Simonin rencontre les artistes, les \u00e9crivains, les acteurs et tous ceux qui font vibrer notre \u00e9poque. \\\" L'invit\u00e9 \\\" est le rendez-vous incontournable des stars et des personnalit\u00e9s qui font l'actualit\u00e9. (Senderinfo).", "start_date": "2026-08-31T16:53:00+00:00", "title": "L'invit\u00e9"}, {"desc": "Un nouvel agent de l'IGPN, bien connu de l'\u00e9quipe de Becker, d\u00e9barque au commissariat. Pendant ce temps chez L. Cosm\u00e9tiques, Enric se demande s'il aurait sa chance avec Caroline. (Senderinfo).", "start_date": "2026-08-31T17:02:00+00:00", "title": "Un si grand soleil"}, {"desc": "Elisabeth voit Cl\u00e9mence s'incruster \u00e0 sa soir\u00e9e avec Alain alors que la vie de Johanna s'appr\u00eate \u00e0 basculer. (Senderinfo).", "start_date": "2026-08-31T17:24:00+00:00", "title": "Un si grand soleil"}, {"desc": "Mode, artisanat, design, beaut\u00e9, cuisine, art de vivre... les meilleurs moments de \\\" Tendance XXI \\\" ! Commentaires : Viviane Blassel. (Senderinfo).", "start_date": "2026-08-31T17:46:00+00:00", "title": "Tendance XXI"}, {"desc": "Mode, artisanat, design, beaut\u00e9, cuisine, art de vivre... les meilleurs moments de \\\" Tendance XXI \\\" ! Commentaires : Viviane Blassel. (Senderinfo).", "start_date": "2026-08-31T17:56:00+00:00", "title": "Tendance XXI"}, {"desc": null, "start_date": "2026-08-31T18:00:00+00:00", "title": "Le Journal de la RTS"}, {"desc": null, "start_date": "2026-08-31T18:26:00+00:00", "title": "Merci Professeur"}, {"desc": null, "start_date": "2026-08-31T18:30:00+00:00", "title": "Le Journal de France 2"}, {"desc": null, "start_date": "2026-08-31T19:00:00+00:00", "title": "M\u00e9t\u00e9o"}, {"desc": "Association qui aide les enfants atteints de cardiopathies cong\u00e9nitales et soutient leurs parents et proches le temps des op\u00e9rations. Avec Alexis Lebrun, F\u00e9lix Lebrun, Simon Gauzy, Laurent Maistret, Laurent Romejko, Sissy Mua. (Senderinfo).", "start_date": "2026-08-31T19:03:00+00:00", "title": "Fort Boyard"}, {"desc": null, "start_date": "2026-08-31T20:59:00+00:00", "title": "L'actu"}, {"desc": null, "start_date": "2026-08-31T21:29:00+00:00", "title": "M\u00e9t\u00e9o"}, {"desc": "Sa\u00e2d, Thuruban, Andrija et Luka, officiers suisses d'origines serbe, sri-lankaise et tunisienne, ont conserv\u00e9 un fort lien avec leur culture d'origine. Avec humour et sinc\u00e9rit\u00e9, ils reviennent sur leur vie militaire en apportant une perspective unique sur la notion d'identit\u00e9 suisse. (Senderinfo).", "start_date": "2026-08-31T21:32:00+00:00", "title": "De vrais Suisses"}, {"desc": null, "start_date": "2026-08-31T22:51:00+00:00", "title": "Le journal Afrique"}, {"desc": null, "start_date": "2026-08-31T23:18:00+00:00", "title": "M\u00e9t\u00e9o"}, {"desc": "Du Poitou \u00e0 la Touraine, l'incroyable destin de saint Martin Au IVe si\u00e8cle, saint Martin, \u00e9v\u00eaque de Tours et grand voyageur, arpente les chemins du Poitou \u00e0 la Touraine. Depuis, trois chemins de randonn\u00e9e balis\u00e9s ont \u00e9t\u00e9 cr\u00e9\u00e9s pour marcher dans ses pas, de Poitiers \u00e0 Tours, en passant par Ligug\u00e9, Candes-Saint-Martin ou encore Langeais. (Senderinfo).", "start_date": "2026-08-31T23:20:00+00:00", "title": "Les 100 lieux qu'il faut voir"}], "offset": "+00:00", "timezone": "UTC", "error_code": -1, "start_date": "2026-08-30", "icon": ""}