{"end_date": "2026-09-01", "name": "TV5 Monde", "info_url": "https://epg.pw/channels/76629/20260831.html", "country": "Germany", "description": null, "error_message": "", "provider": "", "source_url": "https://epg.pw/api/epg.json?channel_id=76629&date=20260831&timezone=None", "epg_list": [{"desc": "Chaque ann\u00e9e, des personnes v\u00eatues de sacs de jute se rassemblent \u00e0 la lisi\u00e8re de la for\u00eat et attendent que l'horloge de l'\u00e9glise sonne. Munis de cloches et de cornes, les hommes de la for\u00eat (\\\" Woldmanndli \\.", "start_date": "2026-08-31T00:48:00+00:00", "title": "Les Alpes Suisses : Entre traditions et superstitions"}, {"desc": "Le 5 septembre 1972, des terroristes palestiniens tuent deux membres de l'\u00e9quipe isra\u00e9lienne dans le village olympique de Munich. Ils en prennent ensuite neuf autres en otage, qui trouveront la mort dans une tentative de sauvetage rat\u00e9e. (Senderinfo).", "start_date": "2026-08-31T01:39:00+00:00", "title": "Podium"}, {"desc": "Le journal de 23 heures de franceinfo (heure de Paris). Retrouvez les grands reportages, les interviews et les d\u00e9cryptages de la r\u00e9daction sur toute l'actualit\u00e9 fran\u00e7aise et internationale. (Senderinfo).", "start_date": "2026-08-31T02:00:00+00:00", "title": "Le 23h"}, {"desc": "Alors que Sabine d\u00e9chante en revoyant un ex, Myriam tente de se convaincre qu'elle peut passer \u00e0 autre chose. Pendant ce temps, le Senso est le th\u00e9\u00e2tre d'un terrible \u00e9v\u00e9nement. (Senderinfo).", "start_date": "2026-08-31T03:01:00+00:00", "title": "Un si grand soleil"}, {"desc": "Une enqu\u00eate est ouverte pour comprendre si Virgile et Alix ont des ennemis... Florent se sent incapable d'aider son client. De son c\u00f4t\u00e9, In\u00e8s a peur de perdre son emploi. (Senderinfo).", "start_date": "2026-08-31T03:23:00+00:00", "title": "Un si grand soleil"}, {"desc": "Bijou de l'art baroque et v\u00e9ritable t\u00e9moin artistique de la Sicile, le Palazzo Gangi invite \u00e0 un voyage hors du temps. Ancienne r\u00e9sidence des princes Valguarnera puis des princes Gangi, il se dresse au centre de Palerme et a servi de d\u00e9cor \u00e0 Luchino Visconti pour \\\" Le Gu\u00e9pard \\\". (Senderinfo).", "start_date": "2026-08-31T03:45:00+00:00", "title": "Demeures de collectionneurs"}, {"desc": null, "start_date": "2026-08-31T03:54:00+00:00", "title": "Merci Professeur"}, {"desc": null, "start_date": "2026-08-31T03:58:00+00:00", "title": "Le 6h info"}, {"desc": null, "start_date": "2026-08-31T04:25:00+00:00", "title": "M\u00e9t\u00e9o"}, {"desc": null, "start_date": "2026-08-31T04:29:00+00:00", "title": "T\u00e9l\u00e9matin"}, {"desc": null, "start_date": "2026-08-31T04:45:00+00:00", "title": "Merci Professeur"}, {"desc": null, "start_date": "2026-08-31T04:50:00+00:00", "title": "T\u00e9l\u00e9matin"}, {"desc": "En soir\u00e9e, les blagues fusent. Th\u00e9o cherche la meilleure r\u00e9plique \u00e0 lancer \u00e0 son tour. Voix : Kyan Khojandi, Cyprien Iov, Garance Marillier, Morgane Cadignan (Senderinfo).", "start_date": "2026-08-31T05:21:00+00:00", "title": "Flipp\u00e9"}, {"desc": null, "start_date": "2026-08-31T05:24:00+00:00", "title": "Anne-so what ?"}, {"desc": null, "start_date": "2026-08-31T05:29:00+00:00", "title": "T\u00e9l\u00e9matin"}, {"desc": null, "start_date": "2026-08-31T05:50:00+00:00", "title": "VF"}, {"desc": null, "start_date": "2026-08-31T05:54:00+00:00", "title": "VF"}, {"desc": null, "start_date": "2026-08-31T06:00:00+00:00", "title": "Le t\u00e9l\u00e9journal"}, {"desc": "Quatre petits dinosaures, Rocky, Bill, Tiny et Mazu, d\u00e9couvrent un monde dangereux dans lequel r\u00f4de le myst\u00e9rieux Gigantosaurus, le plus f\u00e9roce de tous les dinosaures. Ces quatre meilleurs amis partent \u00e0 l'aventure, en se confrontant \u00e0 leurs peurs et en s'unissant pour r\u00e9soudre tous leurs probl\u00e8mes. (Senderinfo).", "start_date": "2026-08-31T06:23:00+00:00", "title": "Gigantosaurus"}, {"desc": "Accompagn\u00e9 de ses amis Brigitte la brosse \u00e0 dents et Galipette le hamster ninja, Top Cornichon transforme les impr\u00e9vus en aventures dr\u00f4les et fantaisistes. (Senderinfo).", "start_date": "2026-08-31T06:34:00+00:00", "title": "Top cornichon"}, {"desc": "Comment bien manger, bien bouger, bien dormir ? Dans chaque \u00e9pisode, la capitaine Stella Tonus de la Body Fleet F\u00e9d\u00e9ration voyage \u00e0 l'int\u00e9rieur du corps humain \u00e0 bord du vaisseau le Positron. Son but : informer les enfants des effets b\u00e9n\u00e9fiques ou n\u00e9fastes de certaines pratiques de leur vie quotidienne. (Senderinfo).", "start_date": "2026-08-31T06:40:00+00:00", "title": "Capitaine Tonus"}, {"desc": "Olive, P\u00e9tole, Boulard, Mixo, Raoul et Pamela forment la joyeuse bande des Quiquoi. Ils se posent une foule de questions existentielles qu'ils essayent de r\u00e9soudre \u00e0 l'aide de dessins. \u00c0 leur mani\u00e8re plut\u00f4t loufoque, ils adorent cr\u00e9er des univers surr\u00e9alistes dans lesquels tout devient possible. D'apr\u00e8s les livres de Laurent Rivelaygue et Olivier Tallec (Senderinfo).", "start_date": "2026-08-31T06:44:00+00:00", "title": "Les Quiquoi"}, {"desc": "Koumi, 6 ans, gaie et espi\u00e8gle, r\u00eave de conna\u00eetre tous les animaux du monde. Gr\u00e2ce \u00e0 son imagier, elle part \u00e0 leur rencontre. (Senderinfo).", "start_date": "2026-08-31T06:51:00+00:00", "title": "L'imagier anim\u00e9 de Koumi"}, {"desc": "Gr\u00e2ce au soutien de ses amis, Kenda aborde les petits probl\u00e8mes de la vie quotidienne avec optimisme. Leurs aventures sont aussi une occasion pour comprendre l'importance des valeurs humaines et le monde qui les entoure. (Senderinfo).", "start_date": "2026-08-31T06:56:00+00:00", "title": "Kenda"}, {"desc": "Braillard, Colombe et Lablatte ont d\u00e9couvert le moyen de voyager \u00e0 travers les \u00e9poques et les civilisations anciennes. Ils s'embarquent dans un voyage temporel, passant par de civilisations populaires telles que l'\u00c9gypte et la Gr\u00e8ce antique, ainsi qu'en Afrique sub-saharienne, au Moyen-Orient ou en M\u00e9sopotamie. (Senderinfo).", "start_date": "2026-08-31T07:01:00+00:00", "title": "1001 Mondes antiques"}, {"desc": "Sous son escalier, Alix d\u00e9couvre un passage menant \u00e0 un monde fantaisiste dans lequel vivent d'\u00e9tonnants personnages. Dans cet univers, la jeune fille d\u00e9bordante d'imagination s'\u00e9vade pour vivre des aventures rocambolesques en compagnie de Chapelier et de ses amis, les Merveilleux. (Senderinfo).", "start_date": "2026-08-31T07:05:00+00:00", "title": "Alix et les Merveilleux"}, {"desc": "\u00c0 Cond\u00e9-sur-Iton, des passionn\u00e9s ont r\u00e9uni des voitures embl\u00e9matiques mais aussi des mod\u00e8les moins connus de marques allemandes. Focus sur la tr\u00e8s l\u00e9g\u00e8re Porsche Spyder 550 et la sportive Renault 8 Gordini. (Senderinfo).", "start_date": "2026-08-31T07:29:00+00:00", "title": "Vroum"}, {"desc": "Aurore Morisse, l'experte li\u00e9geoise bien connue des t\u00e9l\u00e9spectateurs d'\\\" Affaire conclue \\.", "start_date": "2026-08-31T07:56:00+00:00", "title": "Stoemp, p\u00e8k\u00e8t... et des rawettes !"}, {"desc": "Miyano Sakai est la cheffe-propri\u00e9taire du Tora-Ya Ramen, un restaurant japonais dans le quartier Saint-Roch \u00e0 Qu\u00e9bec. On d\u00e9couvre avec elle les bo\u00eetes bento, les gyozas et la fameuse soupe ramen. D\u00e9gustation de sak\u00e9s \u00e0 la cl\u00e9. (Senderinfo).", "start_date": "2026-08-31T08:26:00+00:00", "title": "Donner l'go\u00fbt"}, {"desc": "Au programme de la 2e journ\u00e9e : Lille OSC/Paris Saint-Germain, RC Strasbourg/RC Lens, AJ Auxerre/Angers SCO, Stade Brestois/Toulouse FC, FC Lorient/Estac Troyes, Olympique Lyonnais/Havre AC, Paris FC/OGC Nice, Stade Rennais/Le Mans FC, AS Monaco/Olympique de Marseille. (Senderinfo).", "start_date": "2026-08-31T08:53:00+00:00", "title": "Ligue 1 McDonald's : le r\u00e9cap"}, {"desc": "Au programme de la 2e journ\u00e9e : Lille OSC/Paris Saint-Germain, RC Strasbourg/RC Lens, AJ Auxerre/Angers SCO, Stade Brestois/Toulouse FC, FC Lorient/Estac Troyes, Olympique Lyonnais/Havre AC, Paris FC/OGC Nice, Stade Rennais/Le Mans FC, AS Monaco/Olympique de Marseille. (Senderinfo).", "start_date": "2026-08-31T09:22:00+00:00", "title": "Ligue 1 McDonald's : le r\u00e9cap"}, {"desc": "Au sommaire : Le Baron (1988) Rien chez lui n'est quelconque. Surtout pas ses f\u00eates, ses habits renaissance ou ses \u00e9changes de futilit\u00e9s aristocratiques ; ONEM ou on n'aime pas (1989) Dans les pas d'une inspectrice de l'ONEM, l'Office national de l'emploi, en Belgique. (Senderinfo).", "start_date": "2026-08-31T09:32:00+00:00", "title": "Strip-tease"}, {"desc": "Au coeur de la Touraine, le ch\u00e2teau de Sach\u00e9 \u00e9tait le lieu d'inspiration privil\u00e9gi\u00e9 d'Honor\u00e9 de Balzac. Il y a \u00e9crit bon nombre de ses oeuvres. (Senderinfo).", "start_date": "2026-08-31T10:04:00+00:00", "title": "Ch\u00e2teau !"}, {"desc": "La po\u00e9sie, une parenth\u00e8se enchant\u00e9e dans un quotidien satur\u00e9 d'informations. Des interpr\u00e8tes d'horizons divers, c\u00e9l\u00e8bres ou moins connus, s'emparent d'un po\u00e8me et le r\u00e9citent dans un lieu inattendu, cr\u00e9ant des associations harmonieuses ou contrast\u00e9es. Objectif : d\u00e9mocratiser la po\u00e9sie en la rendant accessible et attractive pour tous les publics. (Senderinfo).", "start_date": "2026-08-31T10:18:00+00:00", "title": "Stances"}, {"desc": "Un nouvel agent de l'IGPN, bien connu de l'\u00e9quipe de Becker, d\u00e9barque au commissariat. Pendant ce temps chez L. Cosm\u00e9tiques, Enric se demande s'il aurait sa chance avec Caroline. (Senderinfo).", "start_date": "2026-08-31T10:20:00+00:00", "title": "Un si grand soleil"}, {"desc": null, "start_date": "2026-08-31T10:43:00+00:00", "title": "Tarmac Comedy"}, {"desc": "Le jeu o\u00f9 tout le monde peut devenir champion. Un quiz, des candidats, et un champion que tous r\u00eavent de d\u00e9loger ! (Senderinfo).", "start_date": "2026-08-31T10:47:00+00:00", "title": "Tout le monde veut prendre sa place"}, {"desc": null, "start_date": "2026-08-31T11:30:00+00:00", "title": "JT 19h30"}, {"desc": "Le corps d'H\u00e9l\u00e8ne Bertillon, directrice d'une base nautique, est retrouv\u00e9 dans la r\u00e9serve naturelle de l'\u00e9tang Saint-Paul. L'enqu\u00eate \u00e9tant men\u00e9e conjointement par la police et la gendarmerie, les tensions montent rapidement. (Senderinfo).", "start_date": "2026-08-31T11:59:00+00:00", "title": "OPJ"}, {"desc": "Un autre corps est d\u00e9couvert et tous les regards se tournent vers le t\u00e9l\u00e9phone de la victime, qui pourrait renfermer de pr\u00e9cieux indices. Sc\u00e9nario : Eug\u00e9nie Dard, Vinciane Mokry (Senderinfo).", "start_date": "2026-08-31T12:50:00+00:00", "title": "OPJ"}, {"desc": "Au coeur de la Touraine, le ch\u00e2teau de Sach\u00e9 \u00e9tait le lieu d'inspiration privil\u00e9gi\u00e9 d'Honor\u00e9 de Balzac. Il y a \u00e9crit bon nombre de ses oeuvres. (Senderinfo).", "start_date": "2026-08-31T13:45:00+00:00", "title": "Ch\u00e2teau !"}, {"desc": "Oli et Titus sont deux jouets qui ont \u00e9t\u00e9 remis\u00e9s dans un grenier. Dans cet endroit, \u00e0 l'abri des regards humains, se dresse Minusville : une cit\u00e9 am\u00e9nag\u00e9e pour tous leurs semblables abandonn\u00e9s. En recyclant les objets du quotidien, ils cr\u00e9ent un endroit o\u00f9 il fait bon vivre en communaut\u00e9. (Senderinfo).", "start_date": "2026-08-31T13:59:00+00:00", "title": "Les Minus"}, {"desc": "Les Croquemoutard sont contraints de quitter le pont sous lequel ils ont toujours v\u00e9cu pour aller s'installer parmi les humains. La famille de trolls emm\u00e9nage \u00e0 la Cit\u00e9 des clapiers et d\u00e9couvre la vie en communaut\u00e9. Pas facile d'\u00e9voluer au milieu de ces cr\u00e9atures app\u00e9tissantes aux \u00e9tranges manies ! (Senderinfo).", "start_date": "2026-08-31T14:10:00+00:00", "title": "Les Croquemoutard"}, {"desc": "\u00c0 la suite d'un accident, Liam est en p\u00e9ril. Les jeunes s'unissent pour le sauver. Rafa\u00eble se rapproche d'H\u00e9l\u00e8ne et gagne sa confiance. (Senderinfo).", "start_date": "2026-08-31T14:21:00+00:00", "title": "Liam"}, {"desc": "Qu'il s'agisse de petits tracas ou de probl\u00e9matiques de vie plus complexes, Th\u00e9o Curin invite des enfants de 7 \u00e0 12 ans \u00e0 se confier sur les sujets qui les pr\u00e9occupent. Accompagn\u00e9 d'Alicia Cohen-Freoua et Fabien Richard, il tente de leur donner des clefs pour avancer. (Senderinfo).", "start_date": "2026-08-31T14:44:00+00:00", "title": "T'es au top"}, {"desc": "Les Autochtones debout contre la r\u00e9forme du r\u00e9gime forestier L'\u00e9t\u00e9 2025 a \u00e9t\u00e9 chaud dans les for\u00eats du nord du Qu\u00e9bec. Des blocus de routes y ont \u00e9t\u00e9 \u00e9rig\u00e9s par des membres des Premi\u00e8res Nations pour d\u00e9noncer la r\u00e9forme du r\u00e9gime forestier. Retour sur cet \u00e9pisode de confrontation qui aurait pu mal tourner. Foresterie : l'industrie veut un projet de soci\u00e9t\u00e9 Sacr\u00e9-Coeur, sur la C\u00f4te-Nord, vit de la ", "start_date": "2026-08-31T14:59:00+00:00", "title": "Le Point"}, {"desc": null, "start_date": "2026-08-31T15:51:00+00:00", "title": "Tarmac Comedy"}, {"desc": null, "start_date": "2026-08-31T15:54:00+00:00", "title": "Tarmac Comedy"}, {"desc": "Le grand JT quotidien de TV5MONDE qui d\u00e9crypte l'actualit\u00e9 ! Ce qu'il faut savoir : le regard francophone sur les principaux faits du jour. \u00c9conomie, d\u00e9bats de soci\u00e9t\u00e9, actualit\u00e9 internationale : l'expertise des journalistes de la r\u00e9daction. Chroniques in\u00e9dites le week-end : francophonie, r\u00e9seaux sociaux, infox, politique, sport... http://information.tv5monde.com (Senderinfo).", "start_date": "2026-08-31T16:00:00+00:00", "title": "64' Actu"}, {"desc": null, "start_date": "2026-08-31T16:27:00+00:00", "title": "M\u00e9t\u00e9o"}, {"desc": "Le grand JT quotidien de TV5MONDE qui d\u00e9crypte l'actualit\u00e9 ! Ce qu'il faut comprendre : regards crois\u00e9s des invit\u00e9s sur un sujet marquant. Place accrue pour l'actualit\u00e9 culturelle francophone avec des s\u00e9quences d\u00e9di\u00e9es. Chroniques in\u00e9dites le week-end : francophonie, r\u00e9seaux sociaux, infox, politique, sport... http://information.tv5monde.com (Senderinfo).", "start_date": "2026-08-31T16:30:00+00:00", "title": "64' D\u00e9bat"}, {"desc": "7 jours sur 7 Patrick Simonin rencontre les artistes, les \u00e9crivains, les acteurs et tous ceux qui font vibrer notre \u00e9poque. \\\" L'invit\u00e9 \\\" est le rendez-vous incontournable des stars et des personnalit\u00e9s qui font l'actualit\u00e9. (Senderinfo).", "start_date": "2026-08-31T16:53:00+00:00", "title": "L'invit\u00e9"}, {"desc": "Un nouvel agent de l'IGPN, bien connu de l'\u00e9quipe de Becker, d\u00e9barque au commissariat. Pendant ce temps chez L. Cosm\u00e9tiques, Enric se demande s'il aurait sa chance avec Caroline. (Senderinfo).", "start_date": "2026-08-31T17:02:00+00:00", "title": "Un si grand soleil"}, {"desc": "Elisabeth voit Cl\u00e9mence s'incruster \u00e0 sa soir\u00e9e avec Alain alors que la vie de Johanna s'appr\u00eate \u00e0 basculer. (Senderinfo).", "start_date": "2026-08-31T17:24:00+00:00", "title": "Un si grand soleil"}, {"desc": "Mode, artisanat, design, beaut\u00e9, cuisine, art de vivre... les meilleurs moments de \\\" Tendance XXI \\\" ! Commentaires : Viviane Blassel. (Senderinfo).", "start_date": "2026-08-31T17:46:00+00:00", "title": "Tendance XXI"}, {"desc": "Mode, artisanat, design, beaut\u00e9, cuisine, art de vivre... les meilleurs moments de \\\" Tendance XXI \\\" ! Commentaires : Viviane Blassel. (Senderinfo).", "start_date": "2026-08-31T17:56:00+00:00", "title": "Tendance XXI"}, {"desc": null, "start_date": "2026-08-31T18:00:00+00:00", "title": "Le Journal de la RTS"}, {"desc": null, "start_date": "2026-08-31T18:26:00+00:00", "title": "Merci Professeur"}, {"desc": null, "start_date": "2026-08-31T18:30:00+00:00", "title": "Le Journal de France 2"}, {"desc": null, "start_date": "2026-08-31T19:00:00+00:00", "title": "M\u00e9t\u00e9o"}, {"desc": "Association qui aide les enfants atteints de cardiopathies cong\u00e9nitales et soutient leurs parents et proches le temps des op\u00e9rations. Avec Alexis Lebrun, F\u00e9lix Lebrun, Simon Gauzy, Laurent Maistret, Laurent Romejko, Sissy Mua. (Senderinfo).", "start_date": "2026-08-31T19:03:00+00:00", "title": "Fort Boyard"}, {"desc": null, "start_date": "2026-08-31T20:59:00+00:00", "title": "L'actu"}, {"desc": null, "start_date": "2026-08-31T21:29:00+00:00", "title": "M\u00e9t\u00e9o"}, {"desc": "Sa\u00e2d, Thuruban, Andrija et Luka, officiers suisses d'origines serbe, sri-lankaise et tunisienne, ont conserv\u00e9 un fort lien avec leur culture d'origine. Avec humour et sinc\u00e9rit\u00e9, ils reviennent sur leur vie militaire en apportant une perspective unique sur la notion d'identit\u00e9 suisse. (Senderinfo).", "start_date": "2026-08-31T21:32:00+00:00", "title": "De vrais Suisses"}, {"desc": null, "start_date": "2026-08-31T22:51:00+00:00", "title": "Le journal Afrique"}, {"desc": null, "start_date": "2026-08-31T23:18:00+00:00", "title": "M\u00e9t\u00e9o"}, {"desc": "Du Poitou \u00e0 la Touraine, l'incroyable destin de saint Martin Au IVe si\u00e8cle, saint Martin, \u00e9v\u00eaque de Tours et grand voyageur, arpente les chemins du Poitou \u00e0 la Touraine. Depuis, trois chemins de randonn\u00e9e balis\u00e9s ont \u00e9t\u00e9 cr\u00e9\u00e9s pour marcher dans ses pas, de Poitiers \u00e0 Tours, en passant par Ligug\u00e9, Candes-Saint-Martin ou encore Langeais. (Senderinfo).", "start_date": "2026-08-31T23:20:00+00:00", "title": "Les 100 lieux qu'il faut voir"}, {"desc": "Hugues Hamelynck, animateur et chroniqueur \u00e0 la RTBF, s'est d\u00e9marqu\u00e9 dans son r\u00f4le de professeur de th\u00e9\u00e2tre \u00e0 la \\\" Star Academy \\\". On retrouve aussi ce champion du monde d'impro sur sc\u00e8ne, dans un spectacle plein de malice. Mais quel est le moteur de cet homme passionn\u00e9 ? (Senderinfo).", "start_date": "2026-09-01T00:13:00+00:00", "title": "Dans la bulle de..."}, {"desc": "Billard, baby-foot... Ren\u00e9 Pierre est le fabricant fran\u00e7ais de r\u00e9f\u00e9rence des tables de jeu. Tout savoir sur le bistrot, symbole de la gastronomie populaire. Rencontre avec Nicolas Jurnjack : quand coiffer est aussi l'occasion de cr\u00e9er et de s'exprimer dans l'univers de la mode. Comment porter le corset. Commentaires : Viviane Blassel. (Senderinfo).", "start_date": "2026-09-01T00:43:00+00:00", "title": "Tendance XXI"}, {"desc": "\u00c0 l'aube de la cinquantaine, la com\u00e9dienne Genevi\u00e8ve Langlois d\u00e9cide de couper ses cheveux courts et de les laisser pousser avec leur couleur naturelle, le gris-blanc. Elle est loin de s'attendre \u00e0 autant de r\u00e9actions et s'interroge : l'\u00e2gisme et le sexisme sont-ils toujours de rigueur au XXIe si\u00e8cle ? (Senderinfo).", "start_date": "2026-09-01T01:11:00+00:00", "title": "La r\u00e9volution grise, une m\u00e8che \u00e0 la fois"}, {"desc": "Le journal de 23 heures de franceinfo (heure de Paris). Retrouvez les grands reportages, les interviews et les d\u00e9cryptages de la r\u00e9daction sur toute l'actualit\u00e9 fran\u00e7aise et internationale. (Senderinfo).", "start_date": "2026-09-01T02:00:00+00:00", "title": "Le 23h"}, {"desc": "Virgile se d\u00e9m\u00e8ne pour tenir ses engagements tandis que Gary ne peut pas s'emp\u00eacher de mettre son nez dans les affaires des autres. Sabine, elle, se laisse tenter par une nouvelle rencontre. (Senderinfo).", "start_date": "2026-09-01T03:00:00+00:00", "title": "Un si grand soleil"}, {"desc": "Enzo a un coup de coeur pour la mauvaise personne... Parall\u00e8lement, Sabine ne se prive pas d'une petite vengeance personnelle. Quant \u00e0 Gary, il continue son enqu\u00eate pour en savoir plus. (Senderinfo).", "start_date": "2026-09-01T03:22:00+00:00", "title": "Un si grand soleil"}, {"desc": "D'architecture Renaissance mais transform\u00e9 au fil des si\u00e8cles et au gr\u00e9 des diff\u00e9rents propri\u00e9taires en un fastueux ch\u00e2teau de plaisance, le domaine de Valen\u00e7ay est acquis en 1803 par le prince de Talleyrand, qui va y asseoir sa puissance et son prestige et y h\u00e9berger ses collections. (Senderinfo).", "start_date": "2026-09-01T03:44:00+00:00", "title": "Demeures de collectionneurs"}, {"desc": null, "start_date": "2026-09-01T03:54:00+00:00", "title": "Merci Professeur"}, {"desc": null, "start_date": "2026-09-01T03:58:00+00:00", "title": "Le 6h info"}, {"desc": null, "start_date": "2026-09-01T04:25:00+00:00", "title": "M\u00e9t\u00e9o"}, {"desc": null, "start_date": "2026-09-01T04:29:00+00:00", "title": "T\u00e9l\u00e9matin"}, {"desc": null, "start_date": "2026-09-01T04:46:00+00:00", "title": "Merci Professeur"}, {"desc": null, "start_date": "2026-09-01T04:50:00+00:00", "title": "T\u00e9l\u00e9matin"}, {"desc": "Il y a bien longtemps, dans une galaxie lointaine, tr\u00e8s lointaine... Voix : Kyan Khojandi, Cyprien Iov, Garance Marillier, Morgane Cadignan (Senderinfo).", "start_date": "2026-09-01T05:21:00+00:00", "title": "Flipp\u00e9"}, {"desc": null, "start_date": "2026-09-01T05:25:00+00:00", "title": "Anne-so what ?"}, {"desc": null, "start_date": "2026-09-01T05:29:00+00:00", "title": "T\u00e9l\u00e9matin"}, {"desc": null, "start_date": "2026-09-01T05:49:00+00:00", "title": "VF"}, {"desc": null, "start_date": "2026-09-01T05:54:00+00:00", "title": "VF"}, {"desc": null, "start_date": "2026-09-01T06:00:00+00:00", "title": "Le t\u00e9l\u00e9journal"}, {"desc": "Quatre petits dinosaures, Rocky, Bill, Tiny et Mazu, d\u00e9couvrent un monde dangereux dans lequel r\u00f4de le myst\u00e9rieux Gigantosaurus, le plus f\u00e9roce de tous les dinosaures. Ces quatre meilleurs amis partent \u00e0 l'aventure, en se confrontant \u00e0 leurs peurs et en s'unissant pour r\u00e9soudre tous leurs probl\u00e8mes. (Senderinfo).", "start_date": "2026-09-01T06:27:00+00:00", "title": "Gigantosaurus"}, {"desc": "Accompagn\u00e9 de ses amis Brigitte la brosse \u00e0 dents et Galipette le hamster ninja, Top Cornichon transforme les impr\u00e9vus en aventures dr\u00f4les et fantaisistes. (Senderinfo).", "start_date": "2026-09-01T06:39:00+00:00", "title": "Top cornichon"}, {"desc": "Comment bien manger, bien bouger, bien dormir ? Dans chaque \u00e9pisode, la capitaine Stella Tonus de la Body Fleet F\u00e9d\u00e9ration voyage \u00e0 l'int\u00e9rieur du corps humain \u00e0 bord du vaisseau le Positron. Son but : informer les enfants des effets b\u00e9n\u00e9fiques ou n\u00e9fastes de certaines pratiques de leur vie quotidienne. (Senderinfo).", "start_date": "2026-09-01T06:45:00+00:00", "title": "Capitaine Tonus"}, {"desc": "Olive, P\u00e9tole, Boulard, Mixo, Raoul et Pamela forment la joyeuse bande des Quiquoi. Ils se posent une foule de questions existentielles qu'ils essayent de r\u00e9soudre \u00e0 l'aide de dessins. \u00c0 leur mani\u00e8re plut\u00f4t loufoque, ils adorent cr\u00e9er des univers surr\u00e9alistes dans lesquels tout devient possible. D'apr\u00e8s les livres de Laurent Rivelaygue et Olivier Tallec (Senderinfo).", "start_date": "2026-09-01T06:48:00+00:00", "title": "Les Quiquoi"}, {"desc": "Koumi, 6 ans, gaie et espi\u00e8gle, r\u00eave de conna\u00eetre tous les animaux du monde. Gr\u00e2ce \u00e0 son imagier, elle part \u00e0 leur rencontre. (Senderinfo).", "start_date": "2026-09-01T06:55:00+00:00", "title": "L'imagier anim\u00e9 de Koumi"}, {"desc": "Sous son escalier, Alix d\u00e9couvre un passage menant \u00e0 un monde fantaisiste dans lequel vivent d'\u00e9tonnants personnages. Dans cet univers, la jeune fille d\u00e9bordante d'imagination s'\u00e9vade pour vivre des aventures rocambolesques en compagnie de Chapelier et de ses amis, les Merveilleux. (Senderinfo).", "start_date": "2026-09-01T07:01:00+00:00", "title": "Alix et les Merveilleux"}, {"desc": "Braillard, Colombe et Lablatte ont d\u00e9couvert le moyen de voyager \u00e0 travers les \u00e9poques et les civilisations anciennes. Ils s'embarquent dans un voyage temporel, passant par de civilisations populaires telles que l'\u00c9gypte et la Gr\u00e8ce antique, ainsi qu'en Afrique sub-saharienne, au Moyen-Orient ou en M\u00e9sopotamie. (Senderinfo).", "start_date": "2026-09-01T07:25:00+00:00", "title": "1001 Mondes antiques"}, {"desc": "Jean Cardinal ouvre les portes de son parc zoologique unique en son genre. C'est une \u00e9quipe d\u00e9vou\u00e9e qui l'aide \u00e0 en prendre soin chaque jour. Avec Olivier, son fils, s'op\u00e8re d'ailleurs une pr\u00e9cieuse passation du savoir. (Senderinfo).", "start_date": "2026-09-01T07:29:00+00:00", "title": "B\u00eates de film"}, {"desc": "Visite de l'ancienne carri\u00e8re de Montchaton, r\u00e9am\u00e9nag\u00e9e par le conservatoire d'espace naturel de Normandie. En Seine-Maritime, une famille a relanc\u00e9 une exploitation de lin textile. Rendez-vous dans une cr\u00e8che \u00e9co-responsable. Focus sur le papillon Damier de la Succise. (Senderinfo).", "start_date": "2026-09-01T07:51:00+00:00", "title": "Pistes vertes"}, {"desc": "Accompagn\u00e9e de Nathalie Devantay, Annick Jeanmairet vous propose une recette de casoncellis, des raviolis originaux en forme de croissant. D\u00e9couverte du jour : la torr\u00e9e, une tradition neuch\u00e2teloise. (Senderinfo).", "start_date": "2026-09-01T08:18:00+00:00", "title": "Les saisons de pique-assiette"}, {"desc": "\u00c0 Cond\u00e9-sur-Iton, des passionn\u00e9s ont r\u00e9uni des voitures embl\u00e9matiques mais aussi des mod\u00e8les moins connus de marques allemandes. Focus sur la tr\u00e8s l\u00e9g\u00e8re Porsche Spyder 550 et la sportive Renault 8 Gordini. (Senderinfo).", "start_date": "2026-09-01T08:45:00+00:00", "title": "Vroum"}, {"desc": "Pas un \u00e9v\u00e9nement important qui ne soit \u00e9voqu\u00e9, expliqu\u00e9 et analys\u00e9 ! En plateau, invit\u00e9s et journalistes analysent les grands faits du moment mais \u00e9galement les sujets qui font pol\u00e9mique, nous permettant ainsi de mieux comprendre l'actualit\u00e9 sociale, politique, culturelle qui rythme notre quotidien. (Senderinfo).", "start_date": "2026-09-01T09:12:00+00:00", "title": "C dans l'air"}, {"desc": "Elisabeth voit Cl\u00e9mence s'incruster \u00e0 sa soir\u00e9e avec Alain alors que la vie de Johanna s'appr\u00eate \u00e0 basculer. (Senderinfo).", "start_date": "2026-09-01T10:22:00+00:00", "title": "Un si grand soleil"}, {"desc": "Mode, artisanat, design, beaut\u00e9, cuisine, art de vivre... les meilleurs moments de \\\" Tendance XXI \\\" ! Commentaires : Viviane Blassel. (Senderinfo).", "start_date": "2026-09-01T10:41:00+00:00", "title": "Tendance XXI"}, {"desc": "Le jeu o\u00f9 tout le monde peut devenir champion. Un quiz, des candidats, et un champion que tous r\u00eavent de d\u00e9loger ! (Senderinfo).", "start_date": "2026-09-01T10:45:00+00:00", "title": "Tout le monde veut prendre sa place"}, {"desc": null, "start_date": "2026-09-01T11:30:00+00:00", "title": "JT 19h30"}, {"desc": "Madeleine et Antoine forment un couple ambitieux et politiquement engag\u00e9. Ils attendent leurs r\u00e9sultats d'admission \u00e0 l'ENA. Mais sur une route isol\u00e9e de Corse, un drame survient et les lie \u00e0 tout jamais. Leur relation et leurs avenirs professionnels basculent, entrav\u00e9s par ce lourd secret. Sc\u00e9nario : Sylvain Desclous, Pierre Erwan Guillaume Distribution : Rebecca Marder (Madeleine), Benjamin Lave", "start_date": "2026-09-01T11:59:00+00:00", "title": "De grandes esp\u00e9rances"}, {"desc": "C'est Louis XI qui lance la construction du ch\u00e2teau de Jallanges. S'appuyant sur les fondations d'un ch\u00e2teau f\u00e9odal local, il donne au nouvel \u00e9difice une inspiration Renaissance v\u00e9nitienne. (Senderinfo).", "start_date": "2026-09-01T13:41:00+00:00", "title": "Ch\u00e2teau !"}, {"desc": null, "start_date": "2026-09-01T13:55:00+00:00", "title": "VF"}, {"desc": "Oli et Titus sont deux jouets qui ont \u00e9t\u00e9 remis\u00e9s dans un grenier. Dans cet endroit, \u00e0 l'abri des regards humains, se dresse Minusville : une cit\u00e9 am\u00e9nag\u00e9e pour tous leurs semblables abandonn\u00e9s. En recyclant les objets du quotidien, ils cr\u00e9ent un endroit o\u00f9 il fait bon vivre en communaut\u00e9. (Senderinfo).", "start_date": "2026-09-01T14:01:00+00:00", "title": "Les Minus"}, {"desc": "Les Croquemoutard sont contraints de quitter le pont sous lequel ils ont toujours v\u00e9cu pour aller s'installer parmi les humains. La famille de trolls emm\u00e9nage \u00e0 la Cit\u00e9 des clapiers et d\u00e9couvre la vie en communaut\u00e9. Pas facile d'\u00e9voluer au milieu de ces cr\u00e9atures app\u00e9tissantes aux \u00e9tranges manies ! (Senderinfo).", "start_date": "2026-09-01T14:12:00+00:00", "title": "Les Croquemoutard"}, {"desc": "Anne et Rym doivent trouver une fa\u00e7on de fuir le labo sans se faire prendre par Wood. Rafa\u00eble commence \u00e0 comprendre que la cr\u00e9ation de Liam est li\u00e9e \u00e0 un drame du pass\u00e9. Alexis d\u00e9couvre le danger qui plane sur tous les humains. (Senderinfo).", "start_date": "2026-09-01T14:23:00+00:00", "title": "Liam"}, {"desc": "Qu'il s'agisse de petits tracas ou de probl\u00e9matiques de vie plus complexes, Th\u00e9o Curin invite des enfants de 7 \u00e0 12 ans \u00e0 se confier sur les sujets qui les pr\u00e9occupent. Accompagn\u00e9 d'Alicia Cohen-Freoua et Fabien Richard, il tente de leur donner des clefs pour avancer. (Senderinfo).", "start_date": "2026-09-01T14:46:00+00:00", "title": "T'es au top"}, {"desc": "Brienz, Suisse (Jos\u00e9e Desch\u00eanes et \u00c9lise Guilbault) Toujours en territoire helv\u00e9tique, les deux com\u00e9diennes \u00c9lise Guilbault et Jos\u00e9e Desch\u00eanes font halte dans le canton de Berne. Le village alpin de Brienz, petit joyau nich\u00e9 au bord du lac du m\u00eame nom, le domaine de Grandhotel Giessbach et l'\u00e9poustouflante vall\u00e9e de Lauterbrunnen les attendent. (Senderinfo).", "start_date": "2026-09-01T15:00:00+00:00", "title": "Partir autrement entre amis"}, {"desc": null, "start_date": "2026-09-01T15:48:00+00:00", "title": "Tarmac Comedy"}, {"desc": null, "start_date": "2026-09-01T15:53:00+00:00", "title": "Tarmac Comedy"}, {"desc": "Le grand JT quotidien de TV5MONDE qui d\u00e9crypte l'actualit\u00e9 ! Ce qu'il faut savoir : le regard francophone sur les principaux faits du jour. \u00c9conomie, d\u00e9bats de soci\u00e9t\u00e9, actualit\u00e9 internationale : l'expertise des journalistes de la r\u00e9daction. Chroniques in\u00e9dites le week-end : francophonie, r\u00e9seaux sociaux, infox, politique, sport... http://information.tv5monde.com (Senderinfo).", "start_date": "2026-09-01T16:00:00+00:00", "title": "64' Actu"}, {"desc": null, "start_date": "2026-09-01T16:27:00+00:00", "title": "M\u00e9t\u00e9o"}, {"desc": "Le grand JT quotidien de TV5MONDE qui d\u00e9crypte l'actualit\u00e9 ! Ce qu'il faut comprendre : regards crois\u00e9s des invit\u00e9s sur un sujet marquant. Place accrue pour l'actualit\u00e9 culturelle francophone avec des s\u00e9quences d\u00e9di\u00e9es. Chroniques in\u00e9dites le week-end : francophonie, r\u00e9seaux sociaux, infox, politique, sport... http://information.tv5monde.com (Senderinfo).", "start_date": "2026-09-01T16:30:00+00:00", "title": "64' D\u00e9bat"}, {"desc": "7 jours sur 7 Patrick Simonin rencontre les artistes, les \u00e9crivains, les acteurs et tous ceux qui font vibrer notre \u00e9poque. \\\" L'invit\u00e9 \\\" est le rendez-vous incontournable des stars et des personnalit\u00e9s qui font l'actualit\u00e9. (Senderinfo).", "start_date": "2026-09-01T16:54:00+00:00", "title": "L'invit\u00e9"}, {"desc": "Elisabeth voit Cl\u00e9mence s'incruster \u00e0 sa soir\u00e9e avec Alain alors que la vie de Johanna s'appr\u00eate \u00e0 basculer. (Senderinfo).", "start_date": "2026-09-01T17:02:00+00:00", "title": "Un si grand soleil"}, {"desc": "Kira se voit confier une mission particuli\u00e8re par son patron. De son c\u00f4t\u00e9, Muriel d\u00e9couvre enfin l'identit\u00e9 de l'amant de Lucie. (Senderinfo).", "start_date": "2026-09-01T17:24:00+00:00", "title": "Un si grand soleil"}, {"desc": "Mode, artisanat, design, beaut\u00e9, cuisine, art de vivre... les meilleurs moments de \\\" Tendance XXI \\\" ! Commentaires : Viviane Blassel. (Senderinfo).", "start_date": "2026-09-01T17:48:00+00:00", "title": "Tendance XXI"}, {"desc": "Mode, artisanat, design, beaut\u00e9, cuisine, art de vivre... les meilleurs moments de \\\" Tendance XXI \\\" ! Commentaires : Viviane Blassel. (Senderinfo).", "start_date": "2026-09-01T17:56:00+00:00", "title": "Tendance XXI"}, {"desc": null, "start_date": "2026-09-01T18:00:00+00:00", "title": "Le Journal de la RTS"}, {"desc": null, "start_date": "2026-09-01T18:26:00+00:00", "title": "Merci Professeur"}, {"desc": null, "start_date": "2026-09-01T18:30:00+00:00", "title": "Le Journal de France 2"}, {"desc": null, "start_date": "2026-09-01T19:03:00+00:00", "title": "M\u00e9t\u00e9o"}, {"desc": "Le sosie de Johnny Hallyday a \u00e9t\u00e9 retrouv\u00e9 mort au volant d'une d\u00e9capotable am\u00e9ricaine. Pour comprendre les rivalit\u00e9s et les probl\u00e9matiques de l'univers des sosies, Gaby Molina et C\u00e9line Richer y m\u00e8nent une enqu\u00eate immersive : l'une en Tina Turner, l'autre en Larusso. (Senderinfo).", "start_date": "2026-09-01T19:04:00+00:00", "title": "Le crime lui va si bien"}, {"desc": null, "start_date": "2026-09-01T20:30:00+00:00", "title": "L'actu"}, {"desc": null, "start_date": "2026-09-01T21:01:00+00:00", "title": "M\u00e9t\u00e9o"}, {"desc": "Grabels, village \u00e9tape du chemin de Compostelle, voit surgir un miracle : du sang coule dans la source ! C'est celui de Jacques, le maire du village. Paul et L\u00e9a apprennent que Jacques venait de d\u00e9couvrir un tr\u00e9sor dans son jardin : un myst\u00e9rieux haut-relief datant du Moyen-\u00c2ge. Sc\u00e9nario : Cl\u00e9ment Fourment, \u00c9lo\u00efse Tibet-Zanini (Senderinfo).", "start_date": "2026-09-01T21:03:00+00:00", "title": "Tandem"}, {"desc": "Alors qu'un mariage approche \u00e0 grands pas, une arch\u00e9ologue est retrouv\u00e9e morte au pied d'une momie Inca dans un mus\u00e9e. Paul pense que la mort est li\u00e9e \u00e0 une mal\u00e9diction, tandis que L\u00e9a soup\u00e7onne un stratag\u00e8me. Sc\u00e9nario : Anthony Maugendre (Senderinfo).", "start_date": "2026-09-01T21:49:00+00:00", "title": "Tandem"}, {"desc": null, "start_date": "2026-09-01T22:43:00+00:00", "title": "Le journal Afrique"}, {"desc": null, "start_date": "2026-09-01T23:10:00+00:00", "title": "M\u00e9t\u00e9o"}, {"desc": "\u00c0 Dinard, lors d'un festival de cin\u00e9ma, un r\u00e9alisateur anglais est retrouv\u00e9 noy\u00e9. Fait intrigant, quelques ann\u00e9es plus t\u00f4t il r\u00e9chappait \u00e0 un naufrage dans lequel sa soeur perdit la vie. Tr\u00e8s vite, l'autopsie r\u00e9v\u00e8le que la victime a \u00e9t\u00e9 assassin\u00e9e. Y aurait-il un lien entre les deux drames ? Sc\u00e9nario : Fabienne Lesieur, Victor Pavy (Senderinfo).", "start_date": "2026-09-01T23:12:00+00:00", "title": "Lame de fond"}], "offset": "+00:00", "timezone": "UTC", "error_code": -1, "start_date": "2026-08-31", "icon": ""}