{"end_date": "2026-09-02", "name": "TV5 Monde", "info_url": "https://epg.pw/channels/76629/20260901.html", "country": "Germany", "description": null, "error_message": "", "provider": "", "source_url": "https://epg.pw/api/epg.json?channel_id=76629&date=20260901&timezone=None", "epg_list": [{"desc": "Hugues Hamelynck, animateur et chroniqueur \u00e0 la RTBF, s'est d\u00e9marqu\u00e9 dans son r\u00f4le de professeur de th\u00e9\u00e2tre \u00e0 la \\\" Star Academy \\\". On retrouve aussi ce champion du monde d'impro sur sc\u00e8ne, dans un spectacle plein de malice. Mais quel est le moteur de cet homme passionn\u00e9 ? (Senderinfo).", "start_date": "2026-09-01T00:13:00+00:00", "title": "Dans la bulle de..."}, {"desc": "Billard, baby-foot... Ren\u00e9 Pierre est le fabricant fran\u00e7ais de r\u00e9f\u00e9rence des tables de jeu. Tout savoir sur le bistrot, symbole de la gastronomie populaire. Rencontre avec Nicolas Jurnjack : quand coiffer est aussi l'occasion de cr\u00e9er et de s'exprimer dans l'univers de la mode. Comment porter le corset. Commentaires : Viviane Blassel. (Senderinfo).", "start_date": "2026-09-01T00:43:00+00:00", "title": "Tendance XXI"}, {"desc": "\u00c0 l'aube de la cinquantaine, la com\u00e9dienne Genevi\u00e8ve Langlois d\u00e9cide de couper ses cheveux courts et de les laisser pousser avec leur couleur naturelle, le gris-blanc. Elle est loin de s'attendre \u00e0 autant de r\u00e9actions et s'interroge : l'\u00e2gisme et le sexisme sont-ils toujours de rigueur au XXIe si\u00e8cle ? (Senderinfo).", "start_date": "2026-09-01T01:11:00+00:00", "title": "La r\u00e9volution grise, une m\u00e8che \u00e0 la fois"}, {"desc": "Le journal de 23 heures de franceinfo (heure de Paris). Retrouvez les grands reportages, les interviews et les d\u00e9cryptages de la r\u00e9daction sur toute l'actualit\u00e9 fran\u00e7aise et internationale. (Senderinfo).", "start_date": "2026-09-01T02:00:00+00:00", "title": "Le 23h"}, {"desc": "Virgile se d\u00e9m\u00e8ne pour tenir ses engagements tandis que Gary ne peut pas s'emp\u00eacher de mettre son nez dans les affaires des autres. Sabine, elle, se laisse tenter par une nouvelle rencontre. (Senderinfo).", "start_date": "2026-09-01T03:00:00+00:00", "title": "Un si grand soleil"}, {"desc": "Enzo a un coup de coeur pour la mauvaise personne... Parall\u00e8lement, Sabine ne se prive pas d'une petite vengeance personnelle. Quant \u00e0 Gary, il continue son enqu\u00eate pour en savoir plus. (Senderinfo).", "start_date": "2026-09-01T03:22:00+00:00", "title": "Un si grand soleil"}, {"desc": "D'architecture Renaissance mais transform\u00e9 au fil des si\u00e8cles et au gr\u00e9 des diff\u00e9rents propri\u00e9taires en un fastueux ch\u00e2teau de plaisance, le domaine de Valen\u00e7ay est acquis en 1803 par le prince de Talleyrand, qui va y asseoir sa puissance et son prestige et y h\u00e9berger ses collections. (Senderinfo).", "start_date": "2026-09-01T03:44:00+00:00", "title": "Demeures de collectionneurs"}, {"desc": null, "start_date": "2026-09-01T03:54:00+00:00", "title": "Merci Professeur"}, {"desc": null, "start_date": "2026-09-01T03:58:00+00:00", "title": "Le 6h info"}, {"desc": null, "start_date": "2026-09-01T04:25:00+00:00", "title": "M\u00e9t\u00e9o"}, {"desc": null, "start_date": "2026-09-01T04:29:00+00:00", "title": "T\u00e9l\u00e9matin"}, {"desc": null, "start_date": "2026-09-01T04:46:00+00:00", "title": "Merci Professeur"}, {"desc": null, "start_date": "2026-09-01T04:50:00+00:00", "title": "T\u00e9l\u00e9matin"}, {"desc": "Il y a bien longtemps, dans une galaxie lointaine, tr\u00e8s lointaine... Voix : Kyan Khojandi, Cyprien Iov, Garance Marillier, Morgane Cadignan (Senderinfo).", "start_date": "2026-09-01T05:21:00+00:00", "title": "Flipp\u00e9"}, {"desc": null, "start_date": "2026-09-01T05:25:00+00:00", "title": "Anne-so what ?"}, {"desc": null, "start_date": "2026-09-01T05:29:00+00:00", "title": "T\u00e9l\u00e9matin"}, {"desc": null, "start_date": "2026-09-01T05:49:00+00:00", "title": "VF"}, {"desc": null, "start_date": "2026-09-01T05:54:00+00:00", "title": "VF"}, {"desc": null, "start_date": "2026-09-01T06:00:00+00:00", "title": "Le t\u00e9l\u00e9journal"}, {"desc": "Quatre petits dinosaures, Rocky, Bill, Tiny et Mazu, d\u00e9couvrent un monde dangereux dans lequel r\u00f4de le myst\u00e9rieux Gigantosaurus, le plus f\u00e9roce de tous les dinosaures. Ces quatre meilleurs amis partent \u00e0 l'aventure, en se confrontant \u00e0 leurs peurs et en s'unissant pour r\u00e9soudre tous leurs probl\u00e8mes. (Senderinfo).", "start_date": "2026-09-01T06:27:00+00:00", "title": "Gigantosaurus"}, {"desc": "Accompagn\u00e9 de ses amis Brigitte la brosse \u00e0 dents et Galipette le hamster ninja, Top Cornichon transforme les impr\u00e9vus en aventures dr\u00f4les et fantaisistes. (Senderinfo).", "start_date": "2026-09-01T06:39:00+00:00", "title": "Top cornichon"}, {"desc": "Comment bien manger, bien bouger, bien dormir ? Dans chaque \u00e9pisode, la capitaine Stella Tonus de la Body Fleet F\u00e9d\u00e9ration voyage \u00e0 l'int\u00e9rieur du corps humain \u00e0 bord du vaisseau le Positron. Son but : informer les enfants des effets b\u00e9n\u00e9fiques ou n\u00e9fastes de certaines pratiques de leur vie quotidienne. (Senderinfo).", "start_date": "2026-09-01T06:45:00+00:00", "title": "Capitaine Tonus"}, {"desc": "Olive, P\u00e9tole, Boulard, Mixo, Raoul et Pamela forment la joyeuse bande des Quiquoi. Ils se posent une foule de questions existentielles qu'ils essayent de r\u00e9soudre \u00e0 l'aide de dessins. \u00c0 leur mani\u00e8re plut\u00f4t loufoque, ils adorent cr\u00e9er des univers surr\u00e9alistes dans lesquels tout devient possible. D'apr\u00e8s les livres de Laurent Rivelaygue et Olivier Tallec (Senderinfo).", "start_date": "2026-09-01T06:48:00+00:00", "title": "Les Quiquoi"}, {"desc": "Koumi, 6 ans, gaie et espi\u00e8gle, r\u00eave de conna\u00eetre tous les animaux du monde. Gr\u00e2ce \u00e0 son imagier, elle part \u00e0 leur rencontre. (Senderinfo).", "start_date": "2026-09-01T06:55:00+00:00", "title": "L'imagier anim\u00e9 de Koumi"}, {"desc": "Sous son escalier, Alix d\u00e9couvre un passage menant \u00e0 un monde fantaisiste dans lequel vivent d'\u00e9tonnants personnages. Dans cet univers, la jeune fille d\u00e9bordante d'imagination s'\u00e9vade pour vivre des aventures rocambolesques en compagnie de Chapelier et de ses amis, les Merveilleux. (Senderinfo).", "start_date": "2026-09-01T07:01:00+00:00", "title": "Alix et les Merveilleux"}, {"desc": "Braillard, Colombe et Lablatte ont d\u00e9couvert le moyen de voyager \u00e0 travers les \u00e9poques et les civilisations anciennes. Ils s'embarquent dans un voyage temporel, passant par de civilisations populaires telles que l'\u00c9gypte et la Gr\u00e8ce antique, ainsi qu'en Afrique sub-saharienne, au Moyen-Orient ou en M\u00e9sopotamie. (Senderinfo).", "start_date": "2026-09-01T07:25:00+00:00", "title": "1001 Mondes antiques"}, {"desc": "Jean Cardinal ouvre les portes de son parc zoologique unique en son genre. C'est une \u00e9quipe d\u00e9vou\u00e9e qui l'aide \u00e0 en prendre soin chaque jour. Avec Olivier, son fils, s'op\u00e8re d'ailleurs une pr\u00e9cieuse passation du savoir. (Senderinfo).", "start_date": "2026-09-01T07:29:00+00:00", "title": "B\u00eates de film"}, {"desc": "Visite de l'ancienne carri\u00e8re de Montchaton, r\u00e9am\u00e9nag\u00e9e par le conservatoire d'espace naturel de Normandie. En Seine-Maritime, une famille a relanc\u00e9 une exploitation de lin textile. Rendez-vous dans une cr\u00e8che \u00e9co-responsable. Focus sur le papillon Damier de la Succise. (Senderinfo).", "start_date": "2026-09-01T07:51:00+00:00", "title": "Pistes vertes"}, {"desc": "Accompagn\u00e9e de Nathalie Devantay, Annick Jeanmairet vous propose une recette de casoncellis, des raviolis originaux en forme de croissant. D\u00e9couverte du jour : la torr\u00e9e, une tradition neuch\u00e2teloise. (Senderinfo).", "start_date": "2026-09-01T08:18:00+00:00", "title": "Les saisons de pique-assiette"}, {"desc": "\u00c0 Cond\u00e9-sur-Iton, des passionn\u00e9s ont r\u00e9uni des voitures embl\u00e9matiques mais aussi des mod\u00e8les moins connus de marques allemandes. Focus sur la tr\u00e8s l\u00e9g\u00e8re Porsche Spyder 550 et la sportive Renault 8 Gordini. (Senderinfo).", "start_date": "2026-09-01T08:45:00+00:00", "title": "Vroum"}, {"desc": "Pas un \u00e9v\u00e9nement important qui ne soit \u00e9voqu\u00e9, expliqu\u00e9 et analys\u00e9 ! En plateau, invit\u00e9s et journalistes analysent les grands faits du moment mais \u00e9galement les sujets qui font pol\u00e9mique, nous permettant ainsi de mieux comprendre l'actualit\u00e9 sociale, politique, culturelle qui rythme notre quotidien. (Senderinfo).", "start_date": "2026-09-01T09:12:00+00:00", "title": "C dans l'air"}, {"desc": "Elisabeth voit Cl\u00e9mence s'incruster \u00e0 sa soir\u00e9e avec Alain alors que la vie de Johanna s'appr\u00eate \u00e0 basculer. (Senderinfo).", "start_date": "2026-09-01T10:22:00+00:00", "title": "Un si grand soleil"}, {"desc": "Mode, artisanat, design, beaut\u00e9, cuisine, art de vivre... les meilleurs moments de \\\" Tendance XXI \\\" ! Commentaires : Viviane Blassel. (Senderinfo).", "start_date": "2026-09-01T10:41:00+00:00", "title": "Tendance XXI"}, {"desc": "Le jeu o\u00f9 tout le monde peut devenir champion. Un quiz, des candidats, et un champion que tous r\u00eavent de d\u00e9loger ! (Senderinfo).", "start_date": "2026-09-01T10:45:00+00:00", "title": "Tout le monde veut prendre sa place"}, {"desc": null, "start_date": "2026-09-01T11:30:00+00:00", "title": "JT 19h30"}, {"desc": "Madeleine et Antoine forment un couple ambitieux et politiquement engag\u00e9. Ils attendent leurs r\u00e9sultats d'admission \u00e0 l'ENA. Mais sur une route isol\u00e9e de Corse, un drame survient et les lie \u00e0 tout jamais. Leur relation et leurs avenirs professionnels basculent, entrav\u00e9s par ce lourd secret. Sc\u00e9nario : Sylvain Desclous, Pierre Erwan Guillaume Distribution : Rebecca Marder (Madeleine), Benjamin Lave", "start_date": "2026-09-01T11:59:00+00:00", "title": "De grandes esp\u00e9rances"}, {"desc": "C'est Louis XI qui lance la construction du ch\u00e2teau de Jallanges. S'appuyant sur les fondations d'un ch\u00e2teau f\u00e9odal local, il donne au nouvel \u00e9difice une inspiration Renaissance v\u00e9nitienne. (Senderinfo).", "start_date": "2026-09-01T13:41:00+00:00", "title": "Ch\u00e2teau !"}, {"desc": null, "start_date": "2026-09-01T13:55:00+00:00", "title": "VF"}, {"desc": "Oli et Titus sont deux jouets qui ont \u00e9t\u00e9 remis\u00e9s dans un grenier. Dans cet endroit, \u00e0 l'abri des regards humains, se dresse Minusville : une cit\u00e9 am\u00e9nag\u00e9e pour tous leurs semblables abandonn\u00e9s. En recyclant les objets du quotidien, ils cr\u00e9ent un endroit o\u00f9 il fait bon vivre en communaut\u00e9. (Senderinfo).", "start_date": "2026-09-01T14:01:00+00:00", "title": "Les Minus"}, {"desc": "Les Croquemoutard sont contraints de quitter le pont sous lequel ils ont toujours v\u00e9cu pour aller s'installer parmi les humains. La famille de trolls emm\u00e9nage \u00e0 la Cit\u00e9 des clapiers et d\u00e9couvre la vie en communaut\u00e9. Pas facile d'\u00e9voluer au milieu de ces cr\u00e9atures app\u00e9tissantes aux \u00e9tranges manies ! (Senderinfo).", "start_date": "2026-09-01T14:12:00+00:00", "title": "Les Croquemoutard"}, {"desc": "Anne et Rym doivent trouver une fa\u00e7on de fuir le labo sans se faire prendre par Wood. Rafa\u00eble commence \u00e0 comprendre que la cr\u00e9ation de Liam est li\u00e9e \u00e0 un drame du pass\u00e9. Alexis d\u00e9couvre le danger qui plane sur tous les humains. (Senderinfo).", "start_date": "2026-09-01T14:23:00+00:00", "title": "Liam"}, {"desc": "Qu'il s'agisse de petits tracas ou de probl\u00e9matiques de vie plus complexes, Th\u00e9o Curin invite des enfants de 7 \u00e0 12 ans \u00e0 se confier sur les sujets qui les pr\u00e9occupent. Accompagn\u00e9 d'Alicia Cohen-Freoua et Fabien Richard, il tente de leur donner des clefs pour avancer. (Senderinfo).", "start_date": "2026-09-01T14:46:00+00:00", "title": "T'es au top"}, {"desc": "Brienz, Suisse (Jos\u00e9e Desch\u00eanes et \u00c9lise Guilbault) Toujours en territoire helv\u00e9tique, les deux com\u00e9diennes \u00c9lise Guilbault et Jos\u00e9e Desch\u00eanes font halte dans le canton de Berne. Le village alpin de Brienz, petit joyau nich\u00e9 au bord du lac du m\u00eame nom, le domaine de Grandhotel Giessbach et l'\u00e9poustouflante vall\u00e9e de Lauterbrunnen les attendent. (Senderinfo).", "start_date": "2026-09-01T15:00:00+00:00", "title": "Partir autrement entre amis"}, {"desc": null, "start_date": "2026-09-01T15:48:00+00:00", "title": "Tarmac Comedy"}, {"desc": null, "start_date": "2026-09-01T15:53:00+00:00", "title": "Tarmac Comedy"}, {"desc": "Le grand JT quotidien de TV5MONDE qui d\u00e9crypte l'actualit\u00e9 ! Ce qu'il faut savoir : le regard francophone sur les principaux faits du jour. \u00c9conomie, d\u00e9bats de soci\u00e9t\u00e9, actualit\u00e9 internationale : l'expertise des journalistes de la r\u00e9daction. Chroniques in\u00e9dites le week-end : francophonie, r\u00e9seaux sociaux, infox, politique, sport... http://information.tv5monde.com (Senderinfo).", "start_date": "2026-09-01T16:00:00+00:00", "title": "64' Actu"}, {"desc": null, "start_date": "2026-09-01T16:27:00+00:00", "title": "M\u00e9t\u00e9o"}, {"desc": "Le grand JT quotidien de TV5MONDE qui d\u00e9crypte l'actualit\u00e9 ! Ce qu'il faut comprendre : regards crois\u00e9s des invit\u00e9s sur un sujet marquant. Place accrue pour l'actualit\u00e9 culturelle francophone avec des s\u00e9quences d\u00e9di\u00e9es. Chroniques in\u00e9dites le week-end : francophonie, r\u00e9seaux sociaux, infox, politique, sport... http://information.tv5monde.com (Senderinfo).", "start_date": "2026-09-01T16:30:00+00:00", "title": "64' D\u00e9bat"}, {"desc": "7 jours sur 7 Patrick Simonin rencontre les artistes, les \u00e9crivains, les acteurs et tous ceux qui font vibrer notre \u00e9poque. \\\" L'invit\u00e9 \\\" est le rendez-vous incontournable des stars et des personnalit\u00e9s qui font l'actualit\u00e9. (Senderinfo).", "start_date": "2026-09-01T16:54:00+00:00", "title": "L'invit\u00e9"}, {"desc": "Elisabeth voit Cl\u00e9mence s'incruster \u00e0 sa soir\u00e9e avec Alain alors que la vie de Johanna s'appr\u00eate \u00e0 basculer. (Senderinfo).", "start_date": "2026-09-01T17:02:00+00:00", "title": "Un si grand soleil"}, {"desc": "Kira se voit confier une mission particuli\u00e8re par son patron. De son c\u00f4t\u00e9, Muriel d\u00e9couvre enfin l'identit\u00e9 de l'amant de Lucie. (Senderinfo).", "start_date": "2026-09-01T17:24:00+00:00", "title": "Un si grand soleil"}, {"desc": "Mode, artisanat, design, beaut\u00e9, cuisine, art de vivre... les meilleurs moments de \\\" Tendance XXI \\\" ! Commentaires : Viviane Blassel. (Senderinfo).", "start_date": "2026-09-01T17:48:00+00:00", "title": "Tendance XXI"}, {"desc": "Mode, artisanat, design, beaut\u00e9, cuisine, art de vivre... les meilleurs moments de \\\" Tendance XXI \\\" ! Commentaires : Viviane Blassel. (Senderinfo).", "start_date": "2026-09-01T17:56:00+00:00", "title": "Tendance XXI"}, {"desc": null, "start_date": "2026-09-01T18:00:00+00:00", "title": "Le Journal de la RTS"}, {"desc": null, "start_date": "2026-09-01T18:26:00+00:00", "title": "Merci Professeur"}, {"desc": null, "start_date": "2026-09-01T18:30:00+00:00", "title": "Le Journal de France 2"}, {"desc": null, "start_date": "2026-09-01T19:03:00+00:00", "title": "M\u00e9t\u00e9o"}, {"desc": "Le sosie de Johnny Hallyday a \u00e9t\u00e9 retrouv\u00e9 mort au volant d'une d\u00e9capotable am\u00e9ricaine. Pour comprendre les rivalit\u00e9s et les probl\u00e9matiques de l'univers des sosies, Gaby Molina et C\u00e9line Richer y m\u00e8nent une enqu\u00eate immersive : l'une en Tina Turner, l'autre en Larusso. (Senderinfo).", "start_date": "2026-09-01T19:04:00+00:00", "title": "Le crime lui va si bien"}, {"desc": null, "start_date": "2026-09-01T20:30:00+00:00", "title": "L'actu"}, {"desc": null, "start_date": "2026-09-01T21:01:00+00:00", "title": "M\u00e9t\u00e9o"}, {"desc": "Grabels, village \u00e9tape du chemin de Compostelle, voit surgir un miracle : du sang coule dans la source ! C'est celui de Jacques, le maire du village. Paul et L\u00e9a apprennent que Jacques venait de d\u00e9couvrir un tr\u00e9sor dans son jardin : un myst\u00e9rieux haut-relief datant du Moyen-\u00c2ge. Sc\u00e9nario : Cl\u00e9ment Fourment, \u00c9lo\u00efse Tibet-Zanini (Senderinfo).", "start_date": "2026-09-01T21:03:00+00:00", "title": "Tandem"}, {"desc": "Alors qu'un mariage approche \u00e0 grands pas, une arch\u00e9ologue est retrouv\u00e9e morte au pied d'une momie Inca dans un mus\u00e9e. Paul pense que la mort est li\u00e9e \u00e0 une mal\u00e9diction, tandis que L\u00e9a soup\u00e7onne un stratag\u00e8me. Sc\u00e9nario : Anthony Maugendre (Senderinfo).", "start_date": "2026-09-01T21:49:00+00:00", "title": "Tandem"}, {"desc": null, "start_date": "2026-09-01T22:43:00+00:00", "title": "Le journal Afrique"}, {"desc": null, "start_date": "2026-09-01T23:10:00+00:00", "title": "M\u00e9t\u00e9o"}, {"desc": "\u00c0 Dinard, lors d'un festival de cin\u00e9ma, un r\u00e9alisateur anglais est retrouv\u00e9 noy\u00e9. Fait intrigant, quelques ann\u00e9es plus t\u00f4t il r\u00e9chappait \u00e0 un naufrage dans lequel sa soeur perdit la vie. Tr\u00e8s vite, l'autopsie r\u00e9v\u00e8le que la victime a \u00e9t\u00e9 assassin\u00e9e. Y aurait-il un lien entre les deux drames ? Sc\u00e9nario : Fabienne Lesieur, Victor Pavy (Senderinfo).", "start_date": "2026-09-01T23:12:00+00:00", "title": "Lame de fond"}, {"desc": "Tour \u00e0 tour forteresse m\u00e9di\u00e9vale, r\u00e9sidence royale ou prison fastueuse, le ch\u00e2teau d'Amboise est bien singulier. Leonard de Vinci a m\u00eame voulu y \u00eatre enterr\u00e9 ! (Senderinfo).", "start_date": "2026-09-02T00:45:00+00:00", "title": "Ch\u00e2teau !"}, {"desc": "Le peintre n\u00e9o-classique Guillaume Guillon-Lethi\u00e8re (1760-1832) est connu pour son \\\" Serment des anc\u00eatres \\\". N\u00e9 en Guadeloupe d'un p\u00e8re blanc martiniquais et d'une m\u00e8re esclave affranchie, revendiquant fi\u00e8rement ses origines, Lethi\u00e8re a offert ce tableau engag\u00e9 et r\u00e9volutionnaire \u00e0 la r\u00e9publique ha\u00eftienne, en 1823. Retour son parcours. (Senderinfo).", "start_date": "2026-09-02T00:59:00+00:00", "title": "Lethi\u00e8re, le serment des anc\u00eatres"}, {"desc": "Mode, artisanat, design, beaut\u00e9, cuisine, art de vivre... les meilleurs moments de \\\" Tendance XXI \\\" ! Commentaires : Viviane Blassel (Senderinfo).", "start_date": "2026-09-02T01:52:00+00:00", "title": "Tendance XXI"}, {"desc": "Le journal de 23 heures de franceinfo (heure de Paris). Retrouvez les grands reportages, les interviews et les d\u00e9cryptages de la r\u00e9daction sur toute l'actualit\u00e9 fran\u00e7aise et internationale. (Senderinfo).", "start_date": "2026-09-02T02:00:00+00:00", "title": "Le 23h"}, {"desc": "Le sort semble s'acharner sur le Senso et Virgile s'en veut \u00e9norm\u00e9ment de la situation. Louis, lui, se montre injuste avec sa meilleure amie et Myriam est sur un petit nuage. (Senderinfo).", "start_date": "2026-09-02T03:00:00+00:00", "title": "Un si grand soleil"}, {"desc": "Tandis que Myriam re\u00e7oit une surprenante invitation, Kira n'est pas pr\u00eate \u00e0 passer l'\u00e9ponge si facilement. De son c\u00f4t\u00e9, Ludo fait un effort pour faire plaisir \u00e0 Alix. (Senderinfo).", "start_date": "2026-09-02T03:21:00+00:00", "title": "Un si grand soleil"}, {"desc": "Au sein du ch\u00e2teau de Harou\u00e9, la collection des princes de Beauvau est consid\u00e9r\u00e9e comme l'une des plus prestigieuses collections royales. Oeuvre de l'architecte Germain Boffrand pour le prince Marc de Beauvau-Craon, la d\u00e9coration du ch\u00e2teau a \u00e9t\u00e9 confi\u00e9e aux plus prestigieux artistes du XVIIIe si\u00e8cle. (Senderinfo).", "start_date": "2026-09-02T03:44:00+00:00", "title": "Demeures de collectionneurs"}, {"desc": null, "start_date": "2026-09-02T03:54:00+00:00", "title": "Merci Professeur"}, {"desc": null, "start_date": "2026-09-02T03:58:00+00:00", "title": "Le 6h info"}, {"desc": null, "start_date": "2026-09-02T04:24:00+00:00", "title": "M\u00e9t\u00e9o"}, {"desc": null, "start_date": "2026-09-02T04:29:00+00:00", "title": "T\u00e9l\u00e9matin"}, {"desc": null, "start_date": "2026-09-02T04:46:00+00:00", "title": "Merci Professeur"}, {"desc": null, "start_date": "2026-09-02T04:50:00+00:00", "title": "T\u00e9l\u00e9matin"}, {"desc": "Avec Anxi\u00e9t\u00e9 Lifestyle, retrouvez les meilleurs conseils pour \u00eatre \u00e0 l'aise en soci\u00e9t\u00e9 ! Voix : Kyan Khojandi, Cyprien Iov, Garance Marillier, Morgane Cadignan (Senderinfo).", "start_date": "2026-09-02T05:21:00+00:00", "title": "Flipp\u00e9"}, {"desc": null, "start_date": "2026-09-02T05:24:00+00:00", "title": "Anne-so what ?"}, {"desc": null, "start_date": "2026-09-02T05:29:00+00:00", "title": "T\u00e9l\u00e9matin"}, {"desc": null, "start_date": "2026-09-02T05:51:00+00:00", "title": "VF"}, {"desc": null, "start_date": "2026-09-02T05:54:00+00:00", "title": "VF"}, {"desc": null, "start_date": "2026-09-02T06:00:00+00:00", "title": "Le t\u00e9l\u00e9journal"}, {"desc": "Quatre petits dinosaures, Rocky, Bill, Tiny et Mazu, d\u00e9couvrent un monde dangereux dans lequel r\u00f4de le myst\u00e9rieux Gigantosaurus, le plus f\u00e9roce de tous les dinosaures. Ces quatre meilleurs amis partent \u00e0 l'aventure, en se confrontant \u00e0 leurs peurs et en s'unissant pour r\u00e9soudre tous leurs probl\u00e8mes. (Senderinfo).", "start_date": "2026-09-02T06:27:00+00:00", "title": "Gigantosaurus"}, {"desc": "Accompagn\u00e9 de ses amis Brigitte la brosse \u00e0 dents et Galipette le hamster ninja, Top Cornichon transforme les impr\u00e9vus en aventures dr\u00f4les et fantaisistes. (Senderinfo).", "start_date": "2026-09-02T06:39:00+00:00", "title": "Top cornichon"}, {"desc": "Comment bien manger, bien bouger, bien dormir ? Dans chaque \u00e9pisode, la capitaine Stella Tonus de la Body Fleet F\u00e9d\u00e9ration voyage \u00e0 l'int\u00e9rieur du corps humain \u00e0 bord du vaisseau le Positron. Son but : informer les enfants des effets b\u00e9n\u00e9fiques ou n\u00e9fastes de certaines pratiques de leur vie quotidienne. (Senderinfo).", "start_date": "2026-09-02T06:45:00+00:00", "title": "Capitaine Tonus"}, {"desc": "Olive, P\u00e9tole, Boulard, Mixo, Raoul et Pamela forment la joyeuse bande des Quiquoi. Ils se posent une foule de questions existentielles qu'ils essayent de r\u00e9soudre \u00e0 l'aide de dessins. \u00c0 leur mani\u00e8re plut\u00f4t loufoque, ils adorent cr\u00e9er des univers surr\u00e9alistes dans lesquels tout devient possible. D'apr\u00e8s les livres de Laurent Rivelaygue et Olivier Tallec (Senderinfo).", "start_date": "2026-09-02T06:48:00+00:00", "title": "Les Quiquoi"}, {"desc": "Koumi, 6 ans, gaie et espi\u00e8gle, r\u00eave de conna\u00eetre tous les animaux du monde. Gr\u00e2ce \u00e0 son imagier, elle part \u00e0 leur rencontre. (Senderinfo).", "start_date": "2026-09-02T06:55:00+00:00", "title": "L'imagier anim\u00e9 de Koumi"}, {"desc": "Sous son escalier, Alix d\u00e9couvre un passage menant \u00e0 un monde fantaisiste dans lequel vivent d'\u00e9tonnants personnages. Dans cet univers, la jeune fille d\u00e9bordante d'imagination s'\u00e9vade pour vivre des aventures rocambolesques en compagnie de Chapelier et de ses amis, les Merveilleux. (Senderinfo).", "start_date": "2026-09-02T07:01:00+00:00", "title": "Alix et les Merveilleux"}, {"desc": "Braillard, Colombe et Lablatte ont d\u00e9couvert le moyen de voyager \u00e0 travers les \u00e9poques et les civilisations anciennes. Ils s'embarquent dans un voyage temporel, passant par de civilisations populaires telles que l'\u00c9gypte et la Gr\u00e8ce antique, ainsi qu'en Afrique sub-saharienne, au Moyen-Orient ou en M\u00e9sopotamie. (Senderinfo).", "start_date": "2026-09-02T07:25:00+00:00", "title": "1001 Mondes antiques"}, {"desc": "C\u00e9dric et Virginie sont \u00e0 Perk, en Brabant flamand, afin de d\u00e9couvrir la transformation d'une ancienne fermette en une maison familiale ; d\u00e9couverte de la maison des Bienheureux \u00e0 proximit\u00e9 de Lille ; visite d'un chantier participatif \u00e0 Bruxelles ; fabriquer un pied de parasol en b\u00e9ton. (Senderinfo).", "start_date": "2026-09-02T07:29:00+00:00", "title": "Une brique dans le ventre"}, {"desc": "Les reliefs accident\u00e9s, les paysages d\u00e9chiquet\u00e9s et les criques abruptes du massif de l'Est\u00e9rel plongent dans la M\u00e9diterran\u00e9e. T\u00e9moins d'une histoire g\u00e9ologique mouvement\u00e9e, ils offrent des paysages surprenants et contrast\u00e9s aux plongeurs, p\u00eacheurs et autres amoureux du littoral. (Senderinfo).", "start_date": "2026-09-02T07:57:00+00:00", "title": "Chroniques m\u00e9diterran\u00e9ennes"}, {"desc": "Le caf\u00e9 est l'un des produits les plus durement touch\u00e9s par l'inflation. Son prix a augment\u00e9 de plus de 250 % depuis cinq ans. Quelques conseils pour bien le choisir ; un test de go\u00fbt de cretons, charcuterie purement qu\u00e9b\u00e9coise ; comment r\u00e9ussir des oeufs \u00e0 la coque ; l'amlou. (Senderinfo).", "start_date": "2026-09-02T08:23:00+00:00", "title": "L'\u00e9picerie"}, {"desc": "Cr\u00e9\u00e9 en 1902, sur un livret de Maurice Maeterlinck, l'unique op\u00e9ra de Claude Debussy, \\\" Pell\u00e9as et M\u00e9lisande \\\" est compos\u00e9 comme une longue conversation. Extraits de ce drame lyrique, donn\u00e9 \u00e0 l'Auditorium de l'Op\u00e9ra de Bordeaux en 2020. (Senderinfo).", "start_date": "2026-09-02T08:45:00+00:00", "title": "Maestro !"}, {"desc": "Jean Cardinal ouvre les portes de son parc zoologique unique en son genre. C'est une \u00e9quipe d\u00e9vou\u00e9e qui l'aide \u00e0 en prendre soin chaque jour. Avec Olivier, son fils, s'op\u00e8re d'ailleurs une pr\u00e9cieuse passation du savoir. (Senderinfo).", "start_date": "2026-09-02T08:54:00+00:00", "title": "B\u00eates de film"}, {"desc": "Pas un \u00e9v\u00e9nement important qui ne soit \u00e9voqu\u00e9, expliqu\u00e9 et analys\u00e9 ! En plateau, invit\u00e9s et journalistes analysent les grands faits du moment mais \u00e9galement les sujets qui font pol\u00e9mique, nous permettant ainsi de mieux comprendre l'actualit\u00e9 sociale, politique, culturelle qui rythme notre quotidien. (Senderinfo).", "start_date": "2026-09-02T09:17:00+00:00", "title": "C dans l'air"}, {"desc": "Kira se voit confier une mission particuli\u00e8re par son patron. De son c\u00f4t\u00e9, Muriel d\u00e9couvre enfin l'identit\u00e9 de l'amant de Lucie. (Senderinfo).", "start_date": "2026-09-02T10:23:00+00:00", "title": "Un si grand soleil"}, {"desc": "Le jeu o\u00f9 tout le monde peut devenir champion. Un quiz, des candidats, et un champion que tous r\u00eavent de d\u00e9loger ! (Senderinfo).", "start_date": "2026-09-02T10:46:00+00:00", "title": "Tout le monde veut prendre sa place"}, {"desc": null, "start_date": "2026-09-02T11:30:00+00:00", "title": "JT 19h30"}, {"desc": "Wie kam er ins Zimmer, wie hinaus, obwohl die T\u00fcr verschlossen war und das Fenster vergittert? Reporter Joseph Rouletabille sucht Spuren\u2026 \\n\\nGaston Leroux, Pariser Journalist und literarischer Sch\u00f6pfer von \u201eDas Phantom der Oper\u201c, schrieb zwischen 1907 und 1923 sieben Krimigeschichten um den Hobbydetektiv Rouletabille. Diese flotte und schick ausgestattete Killerhatz mit skurrilen Figuren und Einf", "start_date": "2026-09-02T11:59:00+00:00", "title": "Le myst\u00e8re de la chambre jaune"}, {"desc": null, "start_date": "2026-09-02T13:56:00+00:00", "title": "Merci Professeur"}, {"desc": "Oli et Titus sont deux jouets qui ont \u00e9t\u00e9 remis\u00e9s dans un grenier. Dans cet endroit, \u00e0 l'abri des regards humains, se dresse Minusville : une cit\u00e9 am\u00e9nag\u00e9e pour tous leurs semblables abandonn\u00e9s. En recyclant les objets du quotidien, ils cr\u00e9ent un endroit o\u00f9 il fait bon vivre en communaut\u00e9. (Senderinfo).", "start_date": "2026-09-02T14:00:00+00:00", "title": "Les Minus"}, {"desc": "Les Croquemoutard sont contraints de quitter le pont sous lequel ils ont toujours v\u00e9cu pour aller s'installer parmi les humains. La famille de trolls emm\u00e9nage \u00e0 la Cit\u00e9 des clapiers et d\u00e9couvre la vie en communaut\u00e9. Pas facile d'\u00e9voluer au milieu de ces cr\u00e9atures app\u00e9tissantes aux \u00e9tranges manies ! (Senderinfo).", "start_date": "2026-09-02T14:11:00+00:00", "title": "Les Croquemoutard"}, {"desc": "Alexis apprend \u00e0 Liam qu'il est une arme. Celui-ci doit trouver une fa\u00e7on de prot\u00e9ger les humains contre lui, quitte \u00e0 se sacrifier. Les finalistes de l'expo-sciences sont d\u00e9voil\u00e9s. (Senderinfo).", "start_date": "2026-09-02T14:22:00+00:00", "title": "Liam"}, {"desc": "Qu'il s'agisse de petits tracas ou de probl\u00e9matiques de vie plus complexes, Th\u00e9o Curin invite des enfants de 7 \u00e0 12 ans \u00e0 se confier sur les sujets qui les pr\u00e9occupent. Accompagn\u00e9 d'Alicia Cohen-Freoua et Fabien Richard, il tente de leur donner des clefs pour avancer. (Senderinfo).", "start_date": "2026-09-02T14:45:00+00:00", "title": "T'es au top"}, {"desc": "Tamarindo, Costa Rica (S\u00e9bastien Delorme et Jeff Boudreault) S\u00e9bastien Delorme et Jeff Boudreault poursuivent leur aventure au Costa Rica, au coeur de la province du Coacanast\u00e9. Au Cala Luna, ils exp\u00e9rimentent un labyrinthe m\u00e9ditatif, se lancent dans une s\u00e9ance de yoga et s'immergent dans un bain de boue. \u00c0 Nicoya, ils explorent les secrets de long\u00e9vit\u00e9 des habitants. (Senderinfo).", "start_date": "2026-09-02T15:01:00+00:00", "title": "Partir autrement entre amis"}, {"desc": null, "start_date": "2026-09-02T15:49:00+00:00", "title": "Tarmac Comedy"}, {"desc": null, "start_date": "2026-09-02T15:52:00+00:00", "title": "Tarmac Comedy"}, {"desc": "Le grand JT quotidien de TV5MONDE qui d\u00e9crypte l'actualit\u00e9 ! Ce qu'il faut savoir : le regard francophone sur les principaux faits du jour. \u00c9conomie, d\u00e9bats de soci\u00e9t\u00e9, actualit\u00e9 internationale : l'expertise des journalistes de la r\u00e9daction. Chroniques in\u00e9dites le week-end : francophonie, r\u00e9seaux sociaux, infox, politique, sport... http://information.tv5monde.com (Senderinfo).", "start_date": "2026-09-02T16:00:00+00:00", "title": "64' Actu"}, {"desc": null, "start_date": "2026-09-02T16:26:00+00:00", "title": "M\u00e9t\u00e9o"}, {"desc": "Le grand JT quotidien de TV5MONDE qui d\u00e9crypte l'actualit\u00e9 ! Ce qu'il faut comprendre : regards crois\u00e9s des invit\u00e9s sur un sujet marquant. Place accrue pour l'actualit\u00e9 culturelle francophone avec des s\u00e9quences d\u00e9di\u00e9es. Chroniques in\u00e9dites le week-end : francophonie, r\u00e9seaux sociaux, infox, politique, sport... http://information.tv5monde.com (Senderinfo).", "start_date": "2026-09-02T16:30:00+00:00", "title": "64' D\u00e9bat"}, {"desc": "7 jours sur 7 Patrick Simonin rencontre les artistes, les \u00e9crivains, les acteurs et tous ceux qui font vibrer notre \u00e9poque. \\\" L'invit\u00e9 \\\" est le rendez-vous incontournable des stars et des personnalit\u00e9s qui font l'actualit\u00e9. (Senderinfo).", "start_date": "2026-09-02T16:54:00+00:00", "title": "L'invit\u00e9"}, {"desc": "Kira se voit confier une mission particuli\u00e8re par son patron. De son c\u00f4t\u00e9, Muriel d\u00e9couvre enfin l'identit\u00e9 de l'amant de Lucie. (Senderinfo).", "start_date": "2026-09-02T17:02:00+00:00", "title": "Un si grand soleil"}, {"desc": "Elise et Akim d\u00e9cident de faire \u00e9quipe sur leur enqu\u00eate. Pendant ce temps, Johanna se demande jusqu'o\u00f9 Yann serait capable d'aller. (Senderinfo).", "start_date": "2026-09-02T17:25:00+00:00", "title": "Un si grand soleil"}, {"desc": "Mode, artisanat, design, beaut\u00e9, cuisine, art de vivre... les meilleurs moments de \\\" Tendance XXI \\\" ! Commentaires : Viviane Blassel. (Senderinfo).", "start_date": "2026-09-02T17:48:00+00:00", "title": "Tendance XXI"}, {"desc": null, "start_date": "2026-09-02T18:00:00+00:00", "title": "Le Journal de la RTS"}, {"desc": null, "start_date": "2026-09-02T18:26:00+00:00", "title": "Merci Professeur"}, {"desc": null, "start_date": "2026-09-02T18:30:00+00:00", "title": "Le Journal de France 2"}, {"desc": null, "start_date": "2026-09-02T19:00:00+00:00", "title": "M\u00e9t\u00e9o"}, {"desc": "Gemeinsam diskutieren sie in Bars, organisieren Proteste und treffen sich sogar bei Dani\u00e8le zu Hause. Dabei entwickelt sich eine Beziehung zwischen der geschiedenen Lehrerin und ihrem Sch\u00fcler G\u00e9rard (Bruno Pradal).\\n\\nWas als heimliche Romanze beginnt, wird zum Skandal: G\u00e9rards Eltern, zun\u00e4chst von Dani\u00e8le angetan, wenden sich entschieden gegen die Aff\u00e4re. Sie zeigen die Lehrerin an, was zu ihrer ", "start_date": "2026-09-02T19:03:00+00:00", "title": "Mourir d'aimer"}, {"desc": null, "start_date": "2026-09-02T20:52:00+00:00", "title": "L'actu"}, {"desc": null, "start_date": "2026-09-02T21:24:00+00:00", "title": "M\u00e9t\u00e9o"}, {"desc": "C\u00e9r\u00e9monie de cl\u00f4ture du Festival du film francophone d'Angoul\u00eame. Pr\u00e9sid\u00e9e par l'humoriste, acteur et r\u00e9alisateur fran\u00e7ais Franck Dubosc, cette 19e \u00e9dition, qui se tient du 24 au 29 ao\u00fbt 2026, est l'occasion de rendre hommage \u00e0 la com\u00e9dienne Nathalie Baye, disparue le 17 avril 2026. (Senderinfo).", "start_date": "2026-09-02T21:26:00+00:00", "title": "Festival du film francophone d'Angoul\u00eame : c\u00e9r\u00e9monie de cl\u00f4ture"}, {"desc": null, "start_date": "2026-09-02T22:57:00+00:00", "title": "Le journal Afrique"}, {"desc": null, "start_date": "2026-09-02T23:24:00+00:00", "title": "M\u00e9t\u00e9o"}, {"desc": "Le sosie de Johnny Hallyday a \u00e9t\u00e9 retrouv\u00e9 mort au volant d'une d\u00e9capotable am\u00e9ricaine. Pour comprendre les rivalit\u00e9s et les probl\u00e9matiques de l'univers des sosies, Gaby Molina et C\u00e9line Richer y m\u00e8nent une enqu\u00eate immersive : l'une en Tina Turner, l'autre en Larusso. (Senderinfo).", "start_date": "2026-09-02T23:27:00+00:00", "title": "Le crime lui va si bien"}], "offset": "+00:00", "timezone": "UTC", "error_code": -1, "start_date": "2026-09-01", "icon": ""}