{"end_date": "2026-09-03", "name": "TV5 Monde", "info_url": "https://epg.pw/channels/76629/20260902.html", "country": "Germany", "description": null, "error_message": "", "provider": "", "source_url": "https://epg.pw/api/epg.json?channel_id=76629&date=20260902&timezone=None", "epg_list": [{"desc": "Tour \u00e0 tour forteresse m\u00e9di\u00e9vale, r\u00e9sidence royale ou prison fastueuse, le ch\u00e2teau d'Amboise est bien singulier. Leonard de Vinci a m\u00eame voulu y \u00eatre enterr\u00e9 ! (Senderinfo).", "start_date": "2026-09-02T00:45:00+00:00", "title": "Ch\u00e2teau !"}, {"desc": "Le peintre n\u00e9o-classique Guillaume Guillon-Lethi\u00e8re (1760-1832) est connu pour son \\\" Serment des anc\u00eatres \\\". N\u00e9 en Guadeloupe d'un p\u00e8re blanc martiniquais et d'une m\u00e8re esclave affranchie, revendiquant fi\u00e8rement ses origines, Lethi\u00e8re a offert ce tableau engag\u00e9 et r\u00e9volutionnaire \u00e0 la r\u00e9publique ha\u00eftienne, en 1823. Retour son parcours. (Senderinfo).", "start_date": "2026-09-02T00:59:00+00:00", "title": "Lethi\u00e8re, le serment des anc\u00eatres"}, {"desc": "Mode, artisanat, design, beaut\u00e9, cuisine, art de vivre... les meilleurs moments de \\\" Tendance XXI \\\" ! Commentaires : Viviane Blassel (Senderinfo).", "start_date": "2026-09-02T01:52:00+00:00", "title": "Tendance XXI"}, {"desc": "Le journal de 23 heures de franceinfo (heure de Paris). Retrouvez les grands reportages, les interviews et les d\u00e9cryptages de la r\u00e9daction sur toute l'actualit\u00e9 fran\u00e7aise et internationale. (Senderinfo).", "start_date": "2026-09-02T02:00:00+00:00", "title": "Le 23h"}, {"desc": "Le sort semble s'acharner sur le Senso et Virgile s'en veut \u00e9norm\u00e9ment de la situation. Louis, lui, se montre injuste avec sa meilleure amie et Myriam est sur un petit nuage. (Senderinfo).", "start_date": "2026-09-02T03:00:00+00:00", "title": "Un si grand soleil"}, {"desc": "Tandis que Myriam re\u00e7oit une surprenante invitation, Kira n'est pas pr\u00eate \u00e0 passer l'\u00e9ponge si facilement. De son c\u00f4t\u00e9, Ludo fait un effort pour faire plaisir \u00e0 Alix. (Senderinfo).", "start_date": "2026-09-02T03:21:00+00:00", "title": "Un si grand soleil"}, {"desc": "Au sein du ch\u00e2teau de Harou\u00e9, la collection des princes de Beauvau est consid\u00e9r\u00e9e comme l'une des plus prestigieuses collections royales. Oeuvre de l'architecte Germain Boffrand pour le prince Marc de Beauvau-Craon, la d\u00e9coration du ch\u00e2teau a \u00e9t\u00e9 confi\u00e9e aux plus prestigieux artistes du XVIIIe si\u00e8cle. (Senderinfo).", "start_date": "2026-09-02T03:44:00+00:00", "title": "Demeures de collectionneurs"}, {"desc": null, "start_date": "2026-09-02T03:54:00+00:00", "title": "Merci Professeur"}, {"desc": null, "start_date": "2026-09-02T03:58:00+00:00", "title": "Le 6h info"}, {"desc": null, "start_date": "2026-09-02T04:24:00+00:00", "title": "M\u00e9t\u00e9o"}, {"desc": null, "start_date": "2026-09-02T04:29:00+00:00", "title": "T\u00e9l\u00e9matin"}, {"desc": null, "start_date": "2026-09-02T04:46:00+00:00", "title": "Merci Professeur"}, {"desc": null, "start_date": "2026-09-02T04:50:00+00:00", "title": "T\u00e9l\u00e9matin"}, {"desc": "Avec Anxi\u00e9t\u00e9 Lifestyle, retrouvez les meilleurs conseils pour \u00eatre \u00e0 l'aise en soci\u00e9t\u00e9 ! Voix : Kyan Khojandi, Cyprien Iov, Garance Marillier, Morgane Cadignan (Senderinfo).", "start_date": "2026-09-02T05:21:00+00:00", "title": "Flipp\u00e9"}, {"desc": null, "start_date": "2026-09-02T05:24:00+00:00", "title": "Anne-so what ?"}, {"desc": null, "start_date": "2026-09-02T05:29:00+00:00", "title": "T\u00e9l\u00e9matin"}, {"desc": null, "start_date": "2026-09-02T05:51:00+00:00", "title": "VF"}, {"desc": null, "start_date": "2026-09-02T05:54:00+00:00", "title": "VF"}, {"desc": null, "start_date": "2026-09-02T06:00:00+00:00", "title": "Le t\u00e9l\u00e9journal"}, {"desc": "Quatre petits dinosaures, Rocky, Bill, Tiny et Mazu, d\u00e9couvrent un monde dangereux dans lequel r\u00f4de le myst\u00e9rieux Gigantosaurus, le plus f\u00e9roce de tous les dinosaures. Ces quatre meilleurs amis partent \u00e0 l'aventure, en se confrontant \u00e0 leurs peurs et en s'unissant pour r\u00e9soudre tous leurs probl\u00e8mes. (Senderinfo).", "start_date": "2026-09-02T06:27:00+00:00", "title": "Gigantosaurus"}, {"desc": "Accompagn\u00e9 de ses amis Brigitte la brosse \u00e0 dents et Galipette le hamster ninja, Top Cornichon transforme les impr\u00e9vus en aventures dr\u00f4les et fantaisistes. (Senderinfo).", "start_date": "2026-09-02T06:39:00+00:00", "title": "Top cornichon"}, {"desc": "Comment bien manger, bien bouger, bien dormir ? Dans chaque \u00e9pisode, la capitaine Stella Tonus de la Body Fleet F\u00e9d\u00e9ration voyage \u00e0 l'int\u00e9rieur du corps humain \u00e0 bord du vaisseau le Positron. Son but : informer les enfants des effets b\u00e9n\u00e9fiques ou n\u00e9fastes de certaines pratiques de leur vie quotidienne. (Senderinfo).", "start_date": "2026-09-02T06:45:00+00:00", "title": "Capitaine Tonus"}, {"desc": "Olive, P\u00e9tole, Boulard, Mixo, Raoul et Pamela forment la joyeuse bande des Quiquoi. Ils se posent une foule de questions existentielles qu'ils essayent de r\u00e9soudre \u00e0 l'aide de dessins. \u00c0 leur mani\u00e8re plut\u00f4t loufoque, ils adorent cr\u00e9er des univers surr\u00e9alistes dans lesquels tout devient possible. D'apr\u00e8s les livres de Laurent Rivelaygue et Olivier Tallec (Senderinfo).", "start_date": "2026-09-02T06:48:00+00:00", "title": "Les Quiquoi"}, {"desc": "Koumi, 6 ans, gaie et espi\u00e8gle, r\u00eave de conna\u00eetre tous les animaux du monde. Gr\u00e2ce \u00e0 son imagier, elle part \u00e0 leur rencontre. (Senderinfo).", "start_date": "2026-09-02T06:55:00+00:00", "title": "L'imagier anim\u00e9 de Koumi"}, {"desc": "Sous son escalier, Alix d\u00e9couvre un passage menant \u00e0 un monde fantaisiste dans lequel vivent d'\u00e9tonnants personnages. Dans cet univers, la jeune fille d\u00e9bordante d'imagination s'\u00e9vade pour vivre des aventures rocambolesques en compagnie de Chapelier et de ses amis, les Merveilleux. (Senderinfo).", "start_date": "2026-09-02T07:01:00+00:00", "title": "Alix et les Merveilleux"}, {"desc": "Braillard, Colombe et Lablatte ont d\u00e9couvert le moyen de voyager \u00e0 travers les \u00e9poques et les civilisations anciennes. Ils s'embarquent dans un voyage temporel, passant par de civilisations populaires telles que l'\u00c9gypte et la Gr\u00e8ce antique, ainsi qu'en Afrique sub-saharienne, au Moyen-Orient ou en M\u00e9sopotamie. (Senderinfo).", "start_date": "2026-09-02T07:25:00+00:00", "title": "1001 Mondes antiques"}, {"desc": "C\u00e9dric et Virginie sont \u00e0 Perk, en Brabant flamand, afin de d\u00e9couvrir la transformation d'une ancienne fermette en une maison familiale ; d\u00e9couverte de la maison des Bienheureux \u00e0 proximit\u00e9 de Lille ; visite d'un chantier participatif \u00e0 Bruxelles ; fabriquer un pied de parasol en b\u00e9ton. (Senderinfo).", "start_date": "2026-09-02T07:29:00+00:00", "title": "Une brique dans le ventre"}, {"desc": "Les reliefs accident\u00e9s, les paysages d\u00e9chiquet\u00e9s et les criques abruptes du massif de l'Est\u00e9rel plongent dans la M\u00e9diterran\u00e9e. T\u00e9moins d'une histoire g\u00e9ologique mouvement\u00e9e, ils offrent des paysages surprenants et contrast\u00e9s aux plongeurs, p\u00eacheurs et autres amoureux du littoral. (Senderinfo).", "start_date": "2026-09-02T07:57:00+00:00", "title": "Chroniques m\u00e9diterran\u00e9ennes"}, {"desc": "Le caf\u00e9 est l'un des produits les plus durement touch\u00e9s par l'inflation. Son prix a augment\u00e9 de plus de 250 % depuis cinq ans. Quelques conseils pour bien le choisir ; un test de go\u00fbt de cretons, charcuterie purement qu\u00e9b\u00e9coise ; comment r\u00e9ussir des oeufs \u00e0 la coque ; l'amlou. (Senderinfo).", "start_date": "2026-09-02T08:23:00+00:00", "title": "L'\u00e9picerie"}, {"desc": "Cr\u00e9\u00e9 en 1902, sur un livret de Maurice Maeterlinck, l'unique op\u00e9ra de Claude Debussy, \\\" Pell\u00e9as et M\u00e9lisande \\\" est compos\u00e9 comme une longue conversation. Extraits de ce drame lyrique, donn\u00e9 \u00e0 l'Auditorium de l'Op\u00e9ra de Bordeaux en 2020. (Senderinfo).", "start_date": "2026-09-02T08:45:00+00:00", "title": "Maestro !"}, {"desc": "Jean Cardinal ouvre les portes de son parc zoologique unique en son genre. C'est une \u00e9quipe d\u00e9vou\u00e9e qui l'aide \u00e0 en prendre soin chaque jour. Avec Olivier, son fils, s'op\u00e8re d'ailleurs une pr\u00e9cieuse passation du savoir. (Senderinfo).", "start_date": "2026-09-02T08:54:00+00:00", "title": "B\u00eates de film"}, {"desc": "Pas un \u00e9v\u00e9nement important qui ne soit \u00e9voqu\u00e9, expliqu\u00e9 et analys\u00e9 ! En plateau, invit\u00e9s et journalistes analysent les grands faits du moment mais \u00e9galement les sujets qui font pol\u00e9mique, nous permettant ainsi de mieux comprendre l'actualit\u00e9 sociale, politique, culturelle qui rythme notre quotidien. (Senderinfo).", "start_date": "2026-09-02T09:17:00+00:00", "title": "C dans l'air"}, {"desc": "Kira se voit confier une mission particuli\u00e8re par son patron. De son c\u00f4t\u00e9, Muriel d\u00e9couvre enfin l'identit\u00e9 de l'amant de Lucie. (Senderinfo).", "start_date": "2026-09-02T10:23:00+00:00", "title": "Un si grand soleil"}, {"desc": "Le jeu o\u00f9 tout le monde peut devenir champion. Un quiz, des candidats, et un champion que tous r\u00eavent de d\u00e9loger ! (Senderinfo).", "start_date": "2026-09-02T10:46:00+00:00", "title": "Tout le monde veut prendre sa place"}, {"desc": null, "start_date": "2026-09-02T11:30:00+00:00", "title": "JT 19h30"}, {"desc": "Wie kam er ins Zimmer, wie hinaus, obwohl die T\u00fcr verschlossen war und das Fenster vergittert? Reporter Joseph Rouletabille sucht Spuren\u2026 \\n\\nGaston Leroux, Pariser Journalist und literarischer Sch\u00f6pfer von \u201eDas Phantom der Oper\u201c, schrieb zwischen 1907 und 1923 sieben Krimigeschichten um den Hobbydetektiv Rouletabille. Diese flotte und schick ausgestattete Killerhatz mit skurrilen Figuren und Einf", "start_date": "2026-09-02T11:59:00+00:00", "title": "Le myst\u00e8re de la chambre jaune"}, {"desc": null, "start_date": "2026-09-02T13:56:00+00:00", "title": "Merci Professeur"}, {"desc": "Oli et Titus sont deux jouets qui ont \u00e9t\u00e9 remis\u00e9s dans un grenier. Dans cet endroit, \u00e0 l'abri des regards humains, se dresse Minusville : une cit\u00e9 am\u00e9nag\u00e9e pour tous leurs semblables abandonn\u00e9s. En recyclant les objets du quotidien, ils cr\u00e9ent un endroit o\u00f9 il fait bon vivre en communaut\u00e9. (Senderinfo).", "start_date": "2026-09-02T14:00:00+00:00", "title": "Les Minus"}, {"desc": "Les Croquemoutard sont contraints de quitter le pont sous lequel ils ont toujours v\u00e9cu pour aller s'installer parmi les humains. La famille de trolls emm\u00e9nage \u00e0 la Cit\u00e9 des clapiers et d\u00e9couvre la vie en communaut\u00e9. Pas facile d'\u00e9voluer au milieu de ces cr\u00e9atures app\u00e9tissantes aux \u00e9tranges manies ! (Senderinfo).", "start_date": "2026-09-02T14:11:00+00:00", "title": "Les Croquemoutard"}, {"desc": "Alexis apprend \u00e0 Liam qu'il est une arme. Celui-ci doit trouver une fa\u00e7on de prot\u00e9ger les humains contre lui, quitte \u00e0 se sacrifier. Les finalistes de l'expo-sciences sont d\u00e9voil\u00e9s. (Senderinfo).", "start_date": "2026-09-02T14:22:00+00:00", "title": "Liam"}, {"desc": "Qu'il s'agisse de petits tracas ou de probl\u00e9matiques de vie plus complexes, Th\u00e9o Curin invite des enfants de 7 \u00e0 12 ans \u00e0 se confier sur les sujets qui les pr\u00e9occupent. Accompagn\u00e9 d'Alicia Cohen-Freoua et Fabien Richard, il tente de leur donner des clefs pour avancer. (Senderinfo).", "start_date": "2026-09-02T14:45:00+00:00", "title": "T'es au top"}, {"desc": "Tamarindo, Costa Rica (S\u00e9bastien Delorme et Jeff Boudreault) S\u00e9bastien Delorme et Jeff Boudreault poursuivent leur aventure au Costa Rica, au coeur de la province du Coacanast\u00e9. Au Cala Luna, ils exp\u00e9rimentent un labyrinthe m\u00e9ditatif, se lancent dans une s\u00e9ance de yoga et s'immergent dans un bain de boue. \u00c0 Nicoya, ils explorent les secrets de long\u00e9vit\u00e9 des habitants. (Senderinfo).", "start_date": "2026-09-02T15:01:00+00:00", "title": "Partir autrement entre amis"}, {"desc": null, "start_date": "2026-09-02T15:49:00+00:00", "title": "Tarmac Comedy"}, {"desc": null, "start_date": "2026-09-02T15:52:00+00:00", "title": "Tarmac Comedy"}, {"desc": "Le grand JT quotidien de TV5MONDE qui d\u00e9crypte l'actualit\u00e9 ! Ce qu'il faut savoir : le regard francophone sur les principaux faits du jour. \u00c9conomie, d\u00e9bats de soci\u00e9t\u00e9, actualit\u00e9 internationale : l'expertise des journalistes de la r\u00e9daction. Chroniques in\u00e9dites le week-end : francophonie, r\u00e9seaux sociaux, infox, politique, sport... http://information.tv5monde.com (Senderinfo).", "start_date": "2026-09-02T16:00:00+00:00", "title": "64' Actu"}, {"desc": null, "start_date": "2026-09-02T16:26:00+00:00", "title": "M\u00e9t\u00e9o"}, {"desc": "Le grand JT quotidien de TV5MONDE qui d\u00e9crypte l'actualit\u00e9 ! Ce qu'il faut comprendre : regards crois\u00e9s des invit\u00e9s sur un sujet marquant. Place accrue pour l'actualit\u00e9 culturelle francophone avec des s\u00e9quences d\u00e9di\u00e9es. Chroniques in\u00e9dites le week-end : francophonie, r\u00e9seaux sociaux, infox, politique, sport... http://information.tv5monde.com (Senderinfo).", "start_date": "2026-09-02T16:30:00+00:00", "title": "64' D\u00e9bat"}, {"desc": "7 jours sur 7 Patrick Simonin rencontre les artistes, les \u00e9crivains, les acteurs et tous ceux qui font vibrer notre \u00e9poque. \\\" L'invit\u00e9 \\\" est le rendez-vous incontournable des stars et des personnalit\u00e9s qui font l'actualit\u00e9. (Senderinfo).", "start_date": "2026-09-02T16:54:00+00:00", "title": "L'invit\u00e9"}, {"desc": "Kira se voit confier une mission particuli\u00e8re par son patron. De son c\u00f4t\u00e9, Muriel d\u00e9couvre enfin l'identit\u00e9 de l'amant de Lucie. (Senderinfo).", "start_date": "2026-09-02T17:02:00+00:00", "title": "Un si grand soleil"}, {"desc": "Elise et Akim d\u00e9cident de faire \u00e9quipe sur leur enqu\u00eate. Pendant ce temps, Johanna se demande jusqu'o\u00f9 Yann serait capable d'aller. (Senderinfo).", "start_date": "2026-09-02T17:25:00+00:00", "title": "Un si grand soleil"}, {"desc": "Mode, artisanat, design, beaut\u00e9, cuisine, art de vivre... les meilleurs moments de \\\" Tendance XXI \\\" ! Commentaires : Viviane Blassel. (Senderinfo).", "start_date": "2026-09-02T17:48:00+00:00", "title": "Tendance XXI"}, {"desc": null, "start_date": "2026-09-02T18:00:00+00:00", "title": "Le Journal de la RTS"}, {"desc": null, "start_date": "2026-09-02T18:26:00+00:00", "title": "Merci Professeur"}, {"desc": null, "start_date": "2026-09-02T18:30:00+00:00", "title": "Le Journal de France 2"}, {"desc": null, "start_date": "2026-09-02T19:00:00+00:00", "title": "M\u00e9t\u00e9o"}, {"desc": "Gemeinsam diskutieren sie in Bars, organisieren Proteste und treffen sich sogar bei Dani\u00e8le zu Hause. Dabei entwickelt sich eine Beziehung zwischen der geschiedenen Lehrerin und ihrem Sch\u00fcler G\u00e9rard (Bruno Pradal).\\n\\nWas als heimliche Romanze beginnt, wird zum Skandal: G\u00e9rards Eltern, zun\u00e4chst von Dani\u00e8le angetan, wenden sich entschieden gegen die Aff\u00e4re. Sie zeigen die Lehrerin an, was zu ihrer ", "start_date": "2026-09-02T19:03:00+00:00", "title": "Mourir d'aimer"}, {"desc": null, "start_date": "2026-09-02T20:52:00+00:00", "title": "L'actu"}, {"desc": null, "start_date": "2026-09-02T21:24:00+00:00", "title": "M\u00e9t\u00e9o"}, {"desc": "C\u00e9r\u00e9monie de cl\u00f4ture du Festival du film francophone d'Angoul\u00eame. Pr\u00e9sid\u00e9e par l'humoriste, acteur et r\u00e9alisateur fran\u00e7ais Franck Dubosc, cette 19e \u00e9dition, qui se tient du 24 au 29 ao\u00fbt 2026, est l'occasion de rendre hommage \u00e0 la com\u00e9dienne Nathalie Baye, disparue le 17 avril 2026. (Senderinfo).", "start_date": "2026-09-02T21:26:00+00:00", "title": "Festival du film francophone d'Angoul\u00eame : c\u00e9r\u00e9monie de cl\u00f4ture"}, {"desc": null, "start_date": "2026-09-02T22:57:00+00:00", "title": "Le journal Afrique"}, {"desc": null, "start_date": "2026-09-02T23:24:00+00:00", "title": "M\u00e9t\u00e9o"}, {"desc": "Le sosie de Johnny Hallyday a \u00e9t\u00e9 retrouv\u00e9 mort au volant d'une d\u00e9capotable am\u00e9ricaine. Pour comprendre les rivalit\u00e9s et les probl\u00e9matiques de l'univers des sosies, Gaby Molina et C\u00e9line Richer y m\u00e8nent une enqu\u00eate immersive : l'une en Tina Turner, l'autre en Larusso. (Senderinfo).", "start_date": "2026-09-02T23:27:00+00:00", "title": "Le crime lui va si bien"}, {"desc": "Construit au XIe si\u00e8cle, monument embl\u00e9matique du Moyen \u00c2ge, le ch\u00e2teau de Beaugency a jou\u00e9 un r\u00f4le strat\u00e9gique pendant la guerre de Cent Ans. (Senderinfo).", "start_date": "2026-09-03T00:53:00+00:00", "title": "Ch\u00e2teau !"}, {"desc": "Alajuela, Costa Rica (S\u00e9bastien Delorme et Jeff Boudreault) Amis de longue date, S\u00e9bastien Delorme et Jeff Boudreault d\u00e9couvrent un pays enchanteur, le Costa Rica. Un voyage qui les m\u00e8ne \u00e0 La Anita Rainforest Ranch : ils y explorent la nature \u00e0 cheval, rencontrent des microbiologistes, bravent les cascades, parcourent la canop\u00e9e en tyrolienne... (Senderinfo).", "start_date": "2026-09-03T01:07:00+00:00", "title": "Partir autrement entre amis"}, {"desc": null, "start_date": "2026-09-03T01:55:00+00:00", "title": "VF"}, {"desc": "Le journal de 23 heures de franceinfo (heure de Paris). Retrouvez les grands reportages, les interviews et les d\u00e9cryptages de la r\u00e9daction sur toute l'actualit\u00e9 fran\u00e7aise et internationale. (Senderinfo).", "start_date": "2026-09-03T02:00:00+00:00", "title": "Le 23h"}, {"desc": "Alix reprend du poil de la b\u00eate alors que Louis cherche une solution pour surmonter son stress li\u00e9 aux examens. Becker est certain de tenir une piste solide. (Senderinfo).", "start_date": "2026-09-03T03:00:00+00:00", "title": "Un si grand soleil"}, {"desc": "Yann arrive au Senso et met Alix en garde \u00e0 vue... De son c\u00f4t\u00e9, Johanna est heureuse que Sabine ait r\u00e9ussi \u00e0 passer \u00e0 autre chose. (Senderinfo).", "start_date": "2026-09-03T03:21:00+00:00", "title": "Un si grand soleil"}, {"desc": "Construit en 1759, la silhouette n\u00e9o-classique du ch\u00e2teau de Bouges contraste dans un Berry \u00e0 l'architecture rustique et d\u00e9fensive. Le ch\u00e2teau aura de nombreux propri\u00e9taires, mais son histoire aura un tournant d\u00e9cisif lorsque Ren\u00e9e et Henri Viguier, PDG du Bazar de l'H\u00f4tel de Ville, \u00e0 Paris, en font l'acquisition. (Senderinfo).", "start_date": "2026-09-03T03:43:00+00:00", "title": "Demeures de collectionneurs"}, {"desc": null, "start_date": "2026-09-03T03:54:00+00:00", "title": "Merci Professeur"}, {"desc": null, "start_date": "2026-09-03T03:58:00+00:00", "title": "Le 6h info"}, {"desc": null, "start_date": "2026-09-03T04:24:00+00:00", "title": "M\u00e9t\u00e9o"}, {"desc": null, "start_date": "2026-09-03T04:29:00+00:00", "title": "T\u00e9l\u00e9matin"}, {"desc": null, "start_date": "2026-09-03T04:45:00+00:00", "title": "Merci Professeur"}, {"desc": null, "start_date": "2026-09-03T04:48:00+00:00", "title": "Merci Professeur"}, {"desc": null, "start_date": "2026-09-03T04:50:00+00:00", "title": "T\u00e9l\u00e9matin"}, {"desc": "Th\u00e9o f\u00eate No\u00ebl avec sa famille. C'est l'occasion pour lui de vivre tous les malaises propres \u00e0 cette p\u00e9riode de l'ann\u00e9e. Voix : Kyan Khojandi, Cyprien Iov, Garance Marillier, Morgane Cadignan (Senderinfo).", "start_date": "2026-09-03T05:21:00+00:00", "title": "Flipp\u00e9"}, {"desc": null, "start_date": "2026-09-03T05:24:00+00:00", "title": "Anne-so what ?"}, {"desc": null, "start_date": "2026-09-03T05:29:00+00:00", "title": "T\u00e9l\u00e9matin"}, {"desc": null, "start_date": "2026-09-03T05:50:00+00:00", "title": "VF"}, {"desc": null, "start_date": "2026-09-03T05:54:00+00:00", "title": "VF"}, {"desc": null, "start_date": "2026-09-03T06:00:00+00:00", "title": "Le t\u00e9l\u00e9journal"}, {"desc": "Quatre petits dinosaures, Rocky, Bill, Tiny et Mazu, d\u00e9couvrent un monde dangereux dans lequel r\u00f4de le myst\u00e9rieux Gigantosaurus, le plus f\u00e9roce de tous les dinosaures. Ces quatre meilleurs amis partent \u00e0 l'aventure, en se confrontant \u00e0 leurs peurs et en s'unissant pour r\u00e9soudre tous leurs probl\u00e8mes. (Senderinfo).", "start_date": "2026-09-03T06:26:00+00:00", "title": "Gigantosaurus"}, {"desc": "Accompagn\u00e9 de ses amis Brigitte la brosse \u00e0 dents et Galipette le hamster ninja, Top Cornichon transforme les impr\u00e9vus en aventures dr\u00f4les et fantaisistes. (Senderinfo).", "start_date": "2026-09-03T06:37:00+00:00", "title": "Top cornichon"}, {"desc": "Comment bien manger, bien bouger, bien dormir ? Dans chaque \u00e9pisode, la capitaine Stella Tonus de la Body Fleet F\u00e9d\u00e9ration voyage \u00e0 l'int\u00e9rieur du corps humain \u00e0 bord du vaisseau le Positron. Son but : informer les enfants des effets b\u00e9n\u00e9fiques ou n\u00e9fastes de certaines pratiques de leur vie quotidienne. (Senderinfo).", "start_date": "2026-09-03T06:44:00+00:00", "title": "Capitaine Tonus"}, {"desc": "Olive, P\u00e9tole, Boulard, Mixo, Raoul et Pamela forment la joyeuse bande des Quiquoi. Ils se posent une foule de questions existentielles qu'ils essayent de r\u00e9soudre \u00e0 l'aide de dessins. \u00c0 leur mani\u00e8re plut\u00f4t loufoque, ils adorent cr\u00e9er des univers surr\u00e9alistes dans lesquels tout devient possible. D'apr\u00e8s les livres de Laurent Rivelaygue et Olivier Tallec (Senderinfo).", "start_date": "2026-09-03T06:47:00+00:00", "title": "Les Quiquoi"}, {"desc": "Koumi, 6 ans, gaie et espi\u00e8gle, r\u00eave de conna\u00eetre tous les animaux du monde. Gr\u00e2ce \u00e0 son imagier, elle part \u00e0 leur rencontre. (Senderinfo).", "start_date": "2026-09-03T06:54:00+00:00", "title": "L'imagier anim\u00e9 de Koumi"}, {"desc": "Sous son escalier, Alix d\u00e9couvre un passage menant \u00e0 un monde fantaisiste dans lequel vivent d'\u00e9tonnants personnages. Dans cet univers, la jeune fille d\u00e9bordante d'imagination s'\u00e9vade pour vivre des aventures rocambolesques en compagnie de Chapelier et de ses amis, les Merveilleux. (Senderinfo).", "start_date": "2026-09-03T06:59:00+00:00", "title": "Alix et les Merveilleux"}, {"desc": "Braillard, Colombe et Lablatte ont d\u00e9couvert le moyen de voyager \u00e0 travers les \u00e9poques et les civilisations anciennes. Ils s'embarquent dans un voyage temporel, passant par de civilisations populaires telles que l'\u00c9gypte et la Gr\u00e8ce antique, ainsi qu'en Afrique sub-saharienne, au Moyen-Orient ou en M\u00e9sopotamie. (Senderinfo).", "start_date": "2026-09-03T07:23:00+00:00", "title": "1001 Mondes antiques"}, {"desc": "Julien se rend dans le Bas-Saint-Laurent pour d\u00e9couvrir le mode de vie de R\u00e9mi, de No\u00e9mie et de leur petite Aur\u00e9lie. Artisans des bois, ils habitent aujourd'hui la maison qu'ils ont construite de leurs mains et arrivent \u00e0 vivre de leur art. (Senderinfo).", "start_date": "2026-09-03T07:28:00+00:00", "title": "La belle vie"}, {"desc": "Sam et Mario partent en direction du lac Ontario pour tenter de r\u00e9v\u00e9ler l'identit\u00e9 d'une \u00e9pave sans nom, qui pourrait bien \u00eatre celle d'un navire de guerre britannique datant de la guerre de 1812. (Senderinfo).", "start_date": "2026-09-03T07:53:00+00:00", "title": "Secrets des profondeurs"}, {"desc": "Au menu du jour : une entr\u00e9e fra\u00eeche \u00e0 base de petits pois, accompagn\u00e9e d'une burrata d\u00e9licatement fum\u00e9e. (Senderinfo).", "start_date": "2026-09-03T08:17:00+00:00", "title": "La cuisine des mousquetaires"}, {"desc": "J\u00e9r\u00f4me Colin, animateur-taximan, embarque une personnalit\u00e9 lors d'une course express et d\u00e9cal\u00e9e, souvent propice aux confidences. (Senderinfo).", "start_date": "2026-09-03T08:43:00+00:00", "title": "Hep taxi ! Express"}, {"desc": "C\u00e9dric et Virginie sont \u00e0 Perk, en Brabant flamand, afin de d\u00e9couvrir la transformation d'une ancienne fermette en une maison familiale ; d\u00e9couverte de la maison des Bienheureux \u00e0 proximit\u00e9 de Lille ; visite d'un chantier participatif \u00e0 Bruxelles ; fabriquer un pied de parasol en b\u00e9ton. (Senderinfo).", "start_date": "2026-09-03T08:50:00+00:00", "title": "Une brique dans le ventre"}, {"desc": "Pas un \u00e9v\u00e9nement important qui ne soit \u00e9voqu\u00e9, expliqu\u00e9 et analys\u00e9 ! En plateau, invit\u00e9s et journalistes analysent les grands faits du moment mais \u00e9galement les sujets qui font pol\u00e9mique, nous permettant ainsi de mieux comprendre l'actualit\u00e9 sociale, politique, culturelle qui rythme notre quotidien. (Senderinfo).", "start_date": "2026-09-03T09:18:00+00:00", "title": "C dans l'air"}, {"desc": "Elise et Akim d\u00e9cident de faire \u00e9quipe sur leur enqu\u00eate. Pendant ce temps, Johanna se demande jusqu'o\u00f9 Yann serait capable d'aller. (Senderinfo).", "start_date": "2026-09-03T10:22:00+00:00", "title": "Un si grand soleil"}, {"desc": "Le jeu o\u00f9 tout le monde peut devenir champion. Un quiz, des candidats, et un champion que tous r\u00eavent de d\u00e9loger ! (Senderinfo).", "start_date": "2026-09-03T10:47:00+00:00", "title": "Tout le monde veut prendre sa place"}, {"desc": null, "start_date": "2026-09-03T11:30:00+00:00", "title": "JT 19h30"}, {"desc": "Grabels, village \u00e9tape du chemin de Compostelle, voit surgir un miracle : du sang coule dans la source ! C'est celui de Jacques, le maire du village. Paul et L\u00e9a apprennent que Jacques venait de d\u00e9couvrir un tr\u00e9sor dans son jardin : un myst\u00e9rieux haut-relief datant du Moyen-\u00c2ge. Sc\u00e9nario : Cl\u00e9ment Fourment, \u00c9lo\u00efse Tibet-Zanini (Senderinfo).", "start_date": "2026-09-03T11:59:00+00:00", "title": "Tandem"}, {"desc": "Alors qu'un mariage approche \u00e0 grands pas, une arch\u00e9ologue est retrouv\u00e9e morte au pied d'une momie Inca dans un mus\u00e9e. Paul pense que la mort est li\u00e9e \u00e0 une mal\u00e9diction, tandis que L\u00e9a soup\u00e7onne un stratag\u00e8me. Sc\u00e9nario : Anthony Maugendre (Senderinfo).", "start_date": "2026-09-03T12:45:00+00:00", "title": "Tandem"}, {"desc": "Le ch\u00e2teau de Villesavin, b\u00e2ti pour le seigneur de Villandry, annonce le style classique par l'harmonie et la sym\u00e9trie de ses fa\u00e7ades. (Senderinfo).", "start_date": "2026-09-03T13:39:00+00:00", "title": "Ch\u00e2teau !"}, {"desc": null, "start_date": "2026-09-03T13:54:00+00:00", "title": "VF"}, {"desc": "Oli et Titus sont deux jouets qui ont \u00e9t\u00e9 remis\u00e9s dans un grenier. Dans cet endroit, \u00e0 l'abri des regards humains, se dresse Minusville : une cit\u00e9 am\u00e9nag\u00e9e pour tous leurs semblables abandonn\u00e9s. En recyclant les objets du quotidien, ils cr\u00e9ent un endroit o\u00f9 il fait bon vivre en communaut\u00e9. (Senderinfo).", "start_date": "2026-09-03T14:00:00+00:00", "title": "Les Minus"}, {"desc": "Les Croquemoutard sont contraints de quitter le pont sous lequel ils ont toujours v\u00e9cu pour aller s'installer parmi les humains. La famille de trolls emm\u00e9nage \u00e0 la Cit\u00e9 des clapiers et d\u00e9couvre la vie en communaut\u00e9. Pas facile d'\u00e9voluer au milieu de ces cr\u00e9atures app\u00e9tissantes aux \u00e9tranges manies ! (Senderinfo).", "start_date": "2026-09-03T14:11:00+00:00", "title": "Les Croquemoutard"}, {"desc": "Une visite nocturne effraie Rafa\u00eble et bouscule le cours des \u00e9v\u00e9nements. Les jeunes scientifiques comprennent l'horrible plan de Wood. Le pass\u00e9 rattrape Liam et Rafa\u00eble. (Senderinfo).", "start_date": "2026-09-03T14:22:00+00:00", "title": "Liam"}, {"desc": "Qu'il s'agisse de petits tracas ou de probl\u00e9matiques de vie plus complexes, Th\u00e9o Curin invite des enfants de 7 \u00e0 12 ans \u00e0 se confier sur les sujets qui les pr\u00e9occupent. Accompagn\u00e9 d'Alicia Cohen-Freoua et Fabien Richard, il tente de leur donner des clefs pour avancer. (Senderinfo).", "start_date": "2026-09-03T14:45:00+00:00", "title": "T'es au top"}, {"desc": "Et si notre destin \u00e9tait li\u00e9 \u00e0 celui des oc\u00e9ans ? En Californie, avec des v\u00e9t\u00e9rans qui surfent les vagues du Pacifique, ou au large des A\u00e7ores, \u00e0 bord d'un navire scientifique, Hugo Latulippe partage le quotidien de personnes qui r\u00e9activent un lien intime avec la mer. (Senderinfo).", "start_date": "2026-09-03T14:59:00+00:00", "title": "Bonheur int\u00e9rieur brut, le projet"}, {"desc": null, "start_date": "2026-09-03T15:48:00+00:00", "title": "Tarmac Comedy"}, {"desc": null, "start_date": "2026-09-03T15:52:00+00:00", "title": "Tarmac Comedy"}, {"desc": "Le grand JT quotidien de TV5MONDE qui d\u00e9crypte l'actualit\u00e9 ! Ce qu'il faut savoir : le regard francophone sur les principaux faits du jour. \u00c9conomie, d\u00e9bats de soci\u00e9t\u00e9, actualit\u00e9 internationale : l'expertise des journalistes de la r\u00e9daction. Chroniques in\u00e9dites le week-end : francophonie, r\u00e9seaux sociaux, infox, politique, sport... http://information.tv5monde.com (Senderinfo).", "start_date": "2026-09-03T16:00:00+00:00", "title": "64' Actu"}, {"desc": null, "start_date": "2026-09-03T16:27:00+00:00", "title": "M\u00e9t\u00e9o"}, {"desc": "Le grand JT quotidien de TV5MONDE qui d\u00e9crypte l'actualit\u00e9 ! Ce qu'il faut comprendre : regards crois\u00e9s des invit\u00e9s sur un sujet marquant. Place accrue pour l'actualit\u00e9 culturelle francophone avec des s\u00e9quences d\u00e9di\u00e9es. Chroniques in\u00e9dites le week-end : francophonie, r\u00e9seaux sociaux, infox, politique, sport... http://information.tv5monde.com (Senderinfo).", "start_date": "2026-09-03T16:30:00+00:00", "title": "64' D\u00e9bat"}, {"desc": "7 jours sur 7 Patrick Simonin rencontre les artistes, les \u00e9crivains, les acteurs et tous ceux qui font vibrer notre \u00e9poque. \\\" L'invit\u00e9 \\\" est le rendez-vous incontournable des stars et des personnalit\u00e9s qui font l'actualit\u00e9. (Senderinfo).", "start_date": "2026-09-03T16:53:00+00:00", "title": "L'invit\u00e9"}, {"desc": "Elise et Akim d\u00e9cident de faire \u00e9quipe sur leur enqu\u00eate. Pendant ce temps, Johanna se demande jusqu'o\u00f9 Yann serait capable d'aller. (Senderinfo).", "start_date": "2026-09-03T17:01:00+00:00", "title": "Un si grand soleil"}, {"desc": "Alors que Claudine se d\u00e9lecte des malheurs de Johanna, les potins vont bon train parmi les journalistes. (Senderinfo).", "start_date": "2026-09-03T17:24:00+00:00", "title": "Un si grand soleil"}, {"desc": "Mode, artisanat, design, beaut\u00e9, cuisine, art de vivre... les meilleurs moments de \\\" Tendance XXI \\\" ! Commentaires : Viviane Blassel. (Senderinfo).", "start_date": "2026-09-03T17:46:00+00:00", "title": "Tendance XXI"}, {"desc": null, "start_date": "2026-09-03T18:00:00+00:00", "title": "Le Journal de la RTS"}, {"desc": null, "start_date": "2026-09-03T18:27:00+00:00", "title": "Merci Professeur"}, {"desc": null, "start_date": "2026-09-03T18:30:00+00:00", "title": "Le Journal de France 2"}, {"desc": null, "start_date": "2026-09-03T19:00:00+00:00", "title": "M\u00e9t\u00e9o"}, {"desc": "Cent candidats s'affrontent pour tenter d'aller le plus loin possible dans le jeu et d\u00e9crocher la cagnotte de 100 000 euros. Ils vont devoir r\u00e9pondre \u00e0 une s\u00e9rie de questions, de la plus facile (\u00e0 laquelle 95 % des Fran\u00e7ais peuvent r\u00e9pondre) \u00e0 la plus difficile (\u00e0 laquelle seulement 1 % de la population est capable de r\u00e9pondre). Lequel d\u00e9jouera tous les pi\u00e8ges pour arriver jusqu'\u00e0 l'ultime questio", "start_date": "2026-09-03T19:02:00+00:00", "title": "100 % logique : la r\u00e9ponse est sous vos yeux"}, {"desc": null, "start_date": "2026-09-03T21:10:00+00:00", "title": "L'actu"}, {"desc": null, "start_date": "2026-09-03T21:40:00+00:00", "title": "M\u00e9t\u00e9o"}, {"desc": "C'est le film que Christophe Honor\u00e9 n'a jamais tourn\u00e9. Mais dans cette pi\u00e8ce de th\u00e9\u00e2tre, il livre la chronique mouvement\u00e9e et d\u00e9chirante de sa famille. Entre rires et larmes, le public est plong\u00e9 dans une intime \u00e9pop\u00e9e conduite par sept com\u00e9diens d'exception, dans un d\u00e9cor aussi ing\u00e9nieux que spectaculaire. \u00c9criture et mise en sc\u00e8ne : Christophe Honor\u00e9 (Senderinfo).", "start_date": "2026-09-03T21:43:00+00:00", "title": "Le ciel de Nantes"}], "offset": "+00:00", "timezone": "UTC", "error_code": -1, "start_date": "2026-09-02", "icon": ""}