{"end_date": "2026-05-02", "name": "PHOENIX", "info_url": "https://epg.pw/channels/76649/20260430.html", "country": "Germany", "description": null, "error_message": "", "provider": "", "source_url": "https://epg.pw/api/epg.json?channel_id=76649&date=20260430&timezone=None", "epg_list": [{"desc": "Auf 2888 Kilometern schl\u00e4ngelt sich die Donau quer durch Europa. Auf der ersten Etappe geht es von der Quelle bis nach \u00d6sterreich \u2013 vorbei an historischen St\u00e4tten wie dem Kloster Weltenburg, in dem Benediktinerm\u00f6nche leben. \\n\\nWeitere Stopps entlang der Donau sind Ulm, Regensburg und Passau. Zum Pflichtprogramm z\u00e4hlt ein Besuch im Passauer Stephansdom. Die barocke Bischofskirche, 1668 nach einem ", "start_date": "2026-04-30T00:15:00+00:00", "title": "Die Donau"}, {"desc": "Die zweite Folge der Dokureihe erz\u00e4hlt Geschichten aus der Wachau. Es geht um Schicksale, Historie, Natur, Tierschutz, Abenteuer und Kunst. Da ist zum Beispiel die Donauwirtin, die trotz vieler \u00dcberschwemmungen ihren Betrieb nicht aufgeben will. \"Die Donau nimmt und die Donau gibt.", "start_date": "2026-04-30T01:00:00+00:00", "title": "Die Donau"}, {"desc": "Im dritten Teil der Donaureihe treffen wir J\u00e1nos Fazekas in Budapest, er arbeitet in vierter Generation als Br\u00fcckenw\u00e4rter der \u00fcber 170 Jahre alten Kettenbr\u00fccke. Seine Aufgabe besteht darin, auf Inspektion zu gehen, damit er rostige Stellen aufdecken kann. Tochter Anna m\u00f6chte ihren Vater als Vorbild sehen und seinen Job in Zukunft \u00fcbernehmen. Im S\u00fcden Ungarns leben Nachfahren der Donauschwaben. Ste", "start_date": "2026-04-30T01:45:00+00:00", "title": "Die Donau"}, {"desc": "Im vierten Teil geht es von den spektakul\u00e4ren Schluchten des Eisernen Tores zum Naturparadies Donaudelta, kurz vor der M\u00fcndung ins Schwarze Meer. Am Eisernen Tor zw\u00e4ngt sich die Donau durch enge Schluchten mit bis zu 300 Meter hohen Felsw\u00e4nden. An ihrer schmalsten Stelle ist der Fluss hier gerade mal 150 Meter breit. Dieser Abschnitt galt mit seinen Stromschnellen und Strudeln als der gef\u00e4hrlichst", "start_date": "2026-04-30T02:30:00+00:00", "title": "Die Donau"}, {"desc": "Ob auf einem Pferd, einem Kamel oder einem Rentier Dr. Shurentsetseg ist jederzeit einsatzbereit.Ihre Mission: die Nomaden in der Mongolei gesund zu halten. Ob Zahnschmerzen, Kinderkrankheiten oder andere gesundheitliche Beschwerden sie reist den Nomaden nach, um ihnen zu helfen. Ihr Mann unterst\u00fctzt sie dabei, bleibt zu Hause bei den drei kleinen Kindern und f\u00e4hrt sie manchmal, soweit es m\u00f6glich ", "start_date": "2026-04-30T03:15:00+00:00", "title": "Die letzte ihrer Art"}, {"desc": "So startet man gut in den Tag. Mit dem Magazin kann man sich gleich zum Fr\u00fchst\u00fcck \u00fcber die neuesten Nachrichten aus den Bereichen Politik, Wirtschaft, Gesellschaft, Kultur und Sport informieren. (Senderinfo).", "start_date": "2026-04-30T03:30:00+00:00", "title": "ZDF-Morgenmagazin"}, {"desc": "\"phoenix vor ort\" zeigt Ihnen so ausf\u00fchrlich und so viele politische Ereignisse wie kein anderer Sender im deutschen Fernsehen. \"phoenix vor ort\" finden Sie zu vier festen Uhrzeiten am Tag, dar\u00fcber hinaus immer wenn ein politisch relevantes Ereignis stattfindet. phoenix \u00fcbertr\u00e4gt f\u00fcr Sie live die Plenarsitzungen des Deutschen Bundestages und aus dem Bundesrat, dem Europ\u00e4ischen Parlament, dem US-Ko", "start_date": "2026-04-30T07:00:00+00:00", "title": "phoenix vor ort"}, {"desc": null, "start_date": "2026-04-30T07:30:00+00:00", "title": "phoenix pers\u00f6nlich"}, {"desc": "\"phoenix vor ort\" zeigt Ihnen so ausf\u00fchrlich und so viele politische Ereignisse wie kein anderer Sender im deutschen Fernsehen. \"phoenix vor ort\" finden Sie zu vier festen Uhrzeiten am Tag, dar\u00fcber hinaus immer wenn ein politisch relevantes Ereignis stattfindet. phoenix \u00fcbertr\u00e4gt f\u00fcr Sie live die Plenarsitzungen des Deutschen Bundestages und aus dem Bundesrat, dem Europ\u00e4ischen Parlament, dem US-Ko", "start_date": "2026-04-30T08:00:00+00:00", "title": "phoenix vor ort"}, {"desc": "Berlin hat ein massives M\u00fcllproblem. In vielen Kiezen t\u00fcrmen sich Sperrm\u00fcll, M\u00f6bel, Bauschutt, Farbeimer und Elektroschrott \u2013 oft illegal abgeladen, besonders nachts. Parks und Gr\u00fcnfl\u00e4chen leiden unter M\u00fcllbergen und mangelnder Pflege, weil Bezirke zu wenig Geld und Personal haben. Inzwischen gibt das Land Berlin weit mehr als zehn Millionen Euro im Jahr f\u00fcr die Beseitigung und Entsorgung von ille", "start_date": "2026-04-30T08:30:00+00:00", "title": "M\u00fcll \u00fcberall"}, {"desc": "In \"phoenix plus\" erg\u00e4nzen wir mehrmals t\u00e4glich unsere Ereignis-Berichterstattung. Hier macht phoenix das, wof\u00fcr der Sender steht: Themen vertiefen. Mit eigenen Reportagen, ausgew\u00e4hlten Beitr\u00e4gen von ARD und ZDF und Expertengespr\u00e4chen beleuchten wir ein Thema von vielen Seiten und liefern ein Plus an Information. Die Themen sind immer relevant und aktuell: Das Spektrum reicht vom ver\u00e4nderten Parte", "start_date": "2026-04-30T09:00:00+00:00", "title": "phoenix plus"}, {"desc": "In \"phoenix plus\" erg\u00e4nzen wir mehrmals t\u00e4glich unsere Ereignis-Berichterstattung. Hier macht phoenix das, wof\u00fcr der Sender steht: Themen vertiefen. Mit eigenen Reportagen, ausgew\u00e4hlten Beitr\u00e4gen von ARD und ZDF und Expertengespr\u00e4chen beleuchten wir ein Thema von vielen Seiten und liefern ein Plus an Information. Die Themen sind immer relevant und aktuell: Das Spektrum reicht vom ver\u00e4nderten Parte", "start_date": "2026-04-30T09:15:00+00:00", "title": "phoenix plus"}, {"desc": "\"phoenix vor ort\" zeigt Ihnen so ausf\u00fchrlich und so viele politische Ereignisse wie kein anderer Sender im deutschen Fernsehen. \"phoenix vor ort\" finden Sie zu vier festen Uhrzeiten am Tag, dar\u00fcber hinaus immer wenn ein politisch relevantes Ereignis stattfindet. phoenix \u00fcbertr\u00e4gt f\u00fcr Sie live die Plenarsitzungen des Deutschen Bundestages und aus dem Bundesrat, dem Europ\u00e4ischen Parlament, dem US-Ko", "start_date": "2026-04-30T09:30:00+00:00", "title": "phoenix vor ort"}, {"desc": "In \"phoenix plus\" erg\u00e4nzen wir mehrmals t\u00e4glich unsere Ereignis-Berichterstattung. Hier macht phoenix das, wof\u00fcr der Sender steht: Themen vertiefen. Mit eigenen Reportagen, ausgew\u00e4hlten Beitr\u00e4gen von ARD und ZDF und Expertengespr\u00e4chen beleuchten wir ein Thema von vielen Seiten und liefern ein Plus an Information. Die Themen sind immer relevant und aktuell: Das Spektrum reicht vom ver\u00e4nderten Parte", "start_date": "2026-04-30T10:45:00+00:00", "title": "phoenix plus"}, {"desc": "In \"phoenix plus\" erg\u00e4nzen wir mehrmals t\u00e4glich unsere Ereignis-Berichterstattung. Hier macht phoenix das, wof\u00fcr der Sender steht: Themen vertiefen. Mit eigenen Reportagen, ausgew\u00e4hlten Beitr\u00e4gen von ARD und ZDF und Expertengespr\u00e4chen beleuchten wir ein Thema von vielen Seiten und liefern ein Plus an Information. Die Themen sind immer relevant und aktuell: Das Spektrum reicht vom ver\u00e4nderten Parte", "start_date": "2026-04-30T11:45:00+00:00", "title": "phoenix plus"}, {"desc": "\"phoenix vor ort\" zeigt Ihnen so ausf\u00fchrlich und so viele politische Ereignisse wie kein anderer Sender im deutschen Fernsehen. \"phoenix vor ort\" finden Sie zu vier festen Uhrzeiten am Tag, dar\u00fcber hinaus immer wenn ein politisch relevantes Ereignis stattfindet. phoenix \u00fcbertr\u00e4gt f\u00fcr Sie live die Plenarsitzungen des Deutschen Bundestages und aus dem Bundesrat, dem Europ\u00e4ischen Parlament, dem US-Ko", "start_date": "2026-04-30T12:00:00+00:00", "title": "phoenix vor ort"}, {"desc": "Vier G\u00e4ste, vier Meinungen, engagiert im Austausch, respektvoll im Umgang: Die \"phoenix runde\" ist der Ort f\u00fcr aktuelle politische und gesellschaftliche Debatten. Egal, ob es um Politik, Wirtschaft, Wissenschaft oder Gesellschaft geht \u2013 die \"phoenix runde\" ist immer nah dran an der Lebenswirklichkeit. An drei Abenden in der Woche begr\u00fc\u00dfen abwechselnd die Moderatoren Alexander K\u00e4hler und Anke Pl\u00e4tt", "start_date": "2026-04-30T12:45:00+00:00", "title": "phoenix runde"}, {"desc": "In \"phoenix plus\" erg\u00e4nzen wir mehrmals t\u00e4glich unsere Ereignis-Berichterstattung. Hier macht phoenix das, wof\u00fcr der Sender steht: Themen vertiefen. Mit eigenen Reportagen, ausgew\u00e4hlten Beitr\u00e4gen von ARD und ZDF und Expertengespr\u00e4chen beleuchten wir ein Thema von vielen Seiten und liefern ein Plus an Information. Die Themen sind immer relevant und aktuell: Das Spektrum reicht vom ver\u00e4nderten Parte", "start_date": "2026-04-30T13:30:00+00:00", "title": "USA vs Europa"}, {"desc": "phoenix zeigt im Jahr mehr als 2.500 hochkar\u00e4tige Dokumentationen und Reportagen von ARD und ZDF auf etwa 9.000 Doku-Sendepl\u00e4tzen. Sie sind Teil unseres einzigartigen, ganzheitlichen Informations\u00adangebots, das wir Ihnen bieten, damit Sie sich eine fundierte Meinung bilden k\u00f6nnen. Mit unseren Dokumentationen beleuchten wir ebenso die politischen und gesellschaftlichen Entwicklungen in Deutschland, ", "start_date": "2026-04-30T14:00:00+00:00", "title": "Dokumentation"}, {"desc": "phoenix zeigt im Jahr mehr als 2.500 hochkar\u00e4tige Dokumentationen und Reportagen von ARD und ZDF auf etwa 9.000 Doku-Sendepl\u00e4tzen. Sie sind Teil unseres einzigartigen, ganzheitlichen Informations\u00adangebots, das wir Ihnen bieten, damit Sie sich eine fundierte Meinung bilden k\u00f6nnen. Mit unseren Dokumentationen beleuchten wir ebenso die politischen und gesellschaftlichen Entwicklungen in Deutschland, ", "start_date": "2026-04-30T14:45:00+00:00", "title": "Dokumentation"}, {"desc": "In \"phoenix der tag\" fassen wir die wichtigen Ereignisse, Themen und Diskussionen des Tages f\u00fcr Sie zusammen. Zwei Mal am Tag begr\u00fc\u00dfen Sie die Moderatorinnen und Moderatoren aus dem Bonner Studio \u2013 um 17.30 Uhr mit einer 30-min\u00fctigen Zusammenfassung und um 23.00 Uhr mit einer umfassenden 60-min\u00fctigen R\u00fcckschau auf den Tag \u2013mit Expertinnen und Experten im Studio sowie Schalten zu den Korrespondente", "start_date": "2026-04-30T15:30:00+00:00", "title": "phoenix der tag"}, {"desc": "Pr\u00e4parierte Container, \u00dcbergaben auf hoher See, sogar selbstgebaute U-Boote: Es gibt kaum etwas, was Drogenfahnder an der s\u00fcdspanischen K\u00fcste noch nicht gesehen haben. Ihr Dienstort: die Stra\u00dfe von Gibraltar. Die Meerenge zwischen Europa und Afrika ist ein \"Hot Spot\". Auf dieser Route, die fr\u00fcher vor allem f\u00fcr Haschisch aus Marokko genutzt wurde, stellen Ermittelnde jetzt zunehmend Kokain sicher. ", "start_date": "2026-04-30T16:00:00+00:00", "title": "Europas Abwehrkampf gegen das Kokain"}, {"desc": "Unser Planet und seine atemberaubende Tierwelt sind wundersch\u00f6n und vielf\u00e4ltig. Fast genauso zahlreich sind die Wege, die Tiereltern gefunden haben, um ihren Nachwuchs zu besch\u00fctzen und gro\u00dfzuziehen. Dabei gibt es unterschiedliche Strategien: Nicht immer k\u00fcmmert sich das Muttertier allein um die Kleinen, auch die V\u00e4ter des Tierreichs \u00fcbernehmen erzieherische Aufgaben. (Senderinfo).", "start_date": "2026-04-30T16:30:00+00:00", "title": "Tierisch gute Eltern"}, {"desc": "Somatolyse lautet der Fachbegriff f\u00fcr eine Finesse der Evolution, die das Verschmelzen eines Lebewesens mit seiner Umgebung durch eine besondere Musterung beschreibt. Die Doku zeigt, welche Tarnstrategien unter anderem Rehkitze, Feldhasenbabys und junge Wildschweine vor nat\u00fcrlichen Feinden sch\u00fctzen sollen.", "start_date": "2026-04-30T17:15:00+00:00", "title": "Kitz & Co"}, {"desc": "Seit 1952 informiert die Tagesschau als Nachrichtensendung in der Hauptsendung um 20.00 Uhr f\u00fcr 15 Minuten oder in k\u00fcrzeren Ausgaben t\u00e4glich \u00fcber den aktuellen Stand in den Bereichen Politik, Wirtschaft, Gesellschaft und Sport. Direkt im Anschluss folgen Prognosen f\u00fcr Deutschland zum Wetter der folgenden Tage und Woche.", "start_date": "2026-04-30T18:00:00+00:00", "title": "Tagesschau"}, {"desc": "Die Operation \"Epischer Zorn\" hat eine lange und komplexe Vorgeschichte, die seit der Islamischen Revolution gepr\u00e4gt ist von Hass, Gewaltandrohung und Misstrauen zwischen Iran und den USA. Denn Amerika war lange die Schutzmacht des korrupten Schahregimes in Teheran und zudem wichtigster Verb\u00fcndeter Israels. Die R\u00fcckeroberung Jerusalems und die Vernichtung Israels jedoch waren und sind f\u00fcr die radi", "start_date": "2026-04-30T18:15:00+00:00", "title": "Schah, Scharia und Raketen"}, {"desc": "Vier G\u00e4ste, vier Meinungen, engagiert im Austausch, respektvoll im Umgang: Die \"phoenix runde\" ist der Ort f\u00fcr aktuelle politische und gesellschaftliche Debatten. Egal, ob es um Politik, Wirtschaft, Wissenschaft oder Gesellschaft geht \u2013 die \"phoenix runde\" ist immer nah dran an der Lebenswirklichkeit. An drei Abenden in der Woche begr\u00fc\u00dfen abwechselnd die Moderatoren Alexander K\u00e4hler und Anke Pl\u00e4tt", "start_date": "2026-04-30T19:00:00+00:00", "title": "phoenix runde"}, {"desc": "Seit 1978 fasst das Nachrichtenmagazin des Zweiten Deutschen Fernsehens die wichtigsten  Geschehnisse des Tages zusammen. Die Themen werden durch gut recherchierte Hintergrundberichte sowie Interviews mit Entscheidungstr\u00e4gern detaillierter beleuchtet als in den heute-Nachrichten.", "start_date": "2026-04-30T19:45:00+00:00", "title": "heute journal"}, {"desc": "phoenix zeigt im Jahr mehr als 2.500 hochkar\u00e4tige Dokumentationen und Reportagen von ARD und ZDF auf etwa 9.000 Doku-Sendepl\u00e4tzen. Sie sind Teil unseres einzigartigen, ganzheitlichen Informations\u00adangebots, das wir Ihnen bieten, damit Sie sich eine fundierte Meinung bilden k\u00f6nnen. Mit unseren Dokumentationen beleuchten wir ebenso die politischen und gesellschaftlichen Entwicklungen in Deutschland, ", "start_date": "2026-04-30T20:15:00+00:00", "title": "Dokumentation"}, {"desc": "In \"phoenix der tag\" fassen wir die wichtigen Ereignisse, Themen und Diskussionen des Tages f\u00fcr Sie zusammen. Zwei Mal am Tag begr\u00fc\u00dfen Sie die Moderatorinnen und Moderatoren aus dem Bonner Studio \u2013 um 17.30 Uhr mit einer 30-min\u00fctigen Zusammenfassung und um 23.00 Uhr mit einer umfassenden 60-min\u00fctigen R\u00fcckschau auf den Tag \u2013mit Expertinnen und Experten im Studio sowie Schalten zu den Korrespondente", "start_date": "2026-04-30T21:00:00+00:00", "title": "phoenix der tag"}, {"desc": null, "start_date": "2026-04-30T22:15:00+00:00", "title": "phoenix pers\u00f6nlich"}, {"desc": "Vom scharfen Kritiker zum loyalen \u201eRunning Mate\u201c des Pr\u00e4sidenten, den er noch vor zehn Jahren als \u201eungeeignet f\u00fcr das h\u00f6chste Amt der USA\u201c bezeichnete: Diese Dokumentation zeichnet den rasanten und widerspr\u00fcchlichen Aufstieg von JD Vance nach. Er erfindet gern (migrantenfeindliche) Ger\u00fcchte, meint, dass die Zukunft Hitler liebenden jungen Republikanern geh\u00f6rt (\u201eThe Nation\u201c). Das Portr\u00e4t des in \u00e4rm", "start_date": "2026-04-30T22:45:00+00:00", "title": "JD Vance \u2013 Der Mann nach Trump"}, {"desc": "phoenix zeigt im Jahr mehr als 2.500 hochkar\u00e4tige Dokumentationen und Reportagen von ARD und ZDF auf etwa 9.000 Doku-Sendepl\u00e4tzen. Sie sind Teil unseres einzigartigen, ganzheitlichen Informations\u00adangebots, das wir Ihnen bieten, damit Sie sich eine fundierte Meinung bilden k\u00f6nnen. Mit unseren Dokumentationen beleuchten wir ebenso die politischen und gesellschaftlichen Entwicklungen in Deutschland, ", "start_date": "2026-04-30T23:30:00+00:00", "title": "Dokumentation"}, {"desc": "Das Jahr 1990: Wir wurden Weltmeister. In den D\u00fcsseldorfer Landtag zogen die Gr\u00fcnen ein, und die Kinder fieberten ihrer ersten Castingshow im Fernsehen entgegen\u2026 Die Gr\u00fcnen hatten im dritten Anlauf den Sprung in den NRW-Landtag geschafft und sorgten dort f\u00fcr jede Menge Wirbel und Ver\u00e4nderung. Im Fernsehen startete ein neues Castingformat, das Kinderherzen h\u00f6herschlagen lie\u00df: die Mini Playback Show", "start_date": "2026-05-01T00:15:00+00:00", "title": "Unser Land in den 90ern"}, {"desc": "Das Jahr 1991: In Bonn kam es zum Showdown. Der Bundestag stimmte dar\u00fcber ab, ob der Regierungssitz nach Berlin ziehen sollte \u2013 und die Bonner fieberten dem Ergebnis an Videoleinw\u00e4nden entgegen. Ein echter Wirtschaftskrimi spielte sich in Dortmund ab: Der Essener Krupp-Konzern hatte heimlich die Mehrheit der Hoesch-Aktien aufgekauft. Es war die erste feindliche \u00dcbernahme in der Geschichte der Bund", "start_date": "2026-05-01T01:00:00+00:00", "title": "Unser Land in den 90ern"}, {"desc": "Ein tiefer Spalt zieht sich am 14. April 1992 entlang einer Uferwiese an der Maas im niederl\u00e4ndischen Roermond. Die dritte Folge aus der Dokureihe \u201eUnser Land in den in 90ern\u201c erinnert daran, wie ein Erdbeben der St\u00e4rke 5,9 auf der Richterskala die Rheinl\u00e4nder in der Nacht zuvor aus dem Schlaf schrecken lie\u00df.", "start_date": "2026-05-01T01:45:00+00:00", "title": "Unser Land in den 90ern"}, {"desc": "300\u2009000 Menschen setzten mit einer Lichterkette am Neujahrstag 1993 in Essen ein Zeichen gegen Rechtsextremismus, \u00dcbergriffe und Brandanschl\u00e4ge in Hoyerswerda und Rostock-Lichtenhagen. Auch die Stahlwerker von Krupp-Hoesch z\u00fcndeten Kerzen und Fackeln an gegen den Verlust ihrer Arbeitspl\u00e4tze. In der \u201eNacht der 1000 Feuer\u201c blockierten sie die B\u20091 in Dortmund.", "start_date": "2026-05-01T02:30:00+00:00", "title": "Unser Land in den 90ern"}, {"desc": "Am 24. M\u00e4rz 1944 gelang eine spektakul\u00e4re Massenflucht alliierter Soldaten aus dem deutschen Kriegsgefangenenlager Stalag Luft III durch einen Tunnel. Weltbekannt wurde die Geschichte 1963 durch den Film \u201eGesprengte Ketten\u201c mit Steve McQueen.", "start_date": "2026-05-01T03:00:00+00:00", "title": "T\u00f6dliche Flucht \u2013 Legend\u00e4rer Ausbruch aus dem Kriegsgefangenenlager"}, {"desc": "Squadron Leader Roger Bushell und das X-Komitee erleiden einen herben R\u00fcckschlag, als einer ihrer Tunnel entdeckt wird. Der geplante Massenausbruch aus dem deutschen Kriegsgefangenenlager \"Stalag Luft III\" r\u00fcckt damit in weite Ferne. (Senderinfo).", "start_date": "2026-05-01T03:45:00+00:00", "title": "T\u00f6dliche Flucht \u2013 Legend\u00e4rer Ausbruch aus dem Kriegsgefangenenlager"}, {"desc": "In dieser dritten und letzten Episode sind die Ausbrecher in alle Richtungen geflohen, von 200 Ausbrechern sind 76 entkommen. (Senderinfo).", "start_date": "2026-05-01T04:30:00+00:00", "title": "T\u00f6dliche Flucht \u2013 Legend\u00e4rer Ausbruch aus dem Kriegsgefangenenlager"}, {"desc": null, "start_date": "2026-05-01T05:15:00+00:00", "title": "Die Waffen des Lichts"}, {"desc": "Seilbahnen kennen die meisten nur aus den Bergen. Doch Verkehrsexperten sagen schon lange, dass sie eine wichtige Erg\u00e4nzung f\u00fcr den \u00f6ffentlichen Nahverkehr sein k\u00f6nnten. Statt unten im Stau zu stehen, einfach dr\u00fcber hinwegschweben: Immer mehr Gro\u00dfst\u00e4dte experimentieren jetzt damit und hoffen, mit der Alpen-Technologie ihre Verkehrswege besser zu vernetzen. \"NZZ Format\" berichtet \u00fcber Seilbahnen im", "start_date": "2026-05-01T06:00:00+00:00", "title": "Seilbahnen f\u00fcr die Stadt"}, {"desc": "Bauen mit Holz boomt: Holzh\u00e4user sind umweltfreundlich, langlebig und bezahlbar. Gabriele Mooser stellt zukunftsweisende Holzbauweise in \u00d6sterreich und im bayerischen Voralpenland vor. Mittlerweile ist knapp ein F\u00fcnftel unserer Neubauten aus Holz. Im \u00f6sterreichischen Vorarlberg baut man schon l\u00e4nger darauf, zumal es in dieser waldreichen Gegend eine jahrhundertealte Holzbau-Tradition gibt. Auff\u00e4ll", "start_date": "2026-05-01T06:30:00+00:00", "title": "Bauen mit Holz"}, {"desc": "Vier G\u00e4ste, vier Meinungen, engagiert im Austausch, respektvoll im Umgang: Die \"phoenix runde\" ist der Ort f\u00fcr aktuelle politische und gesellschaftliche Debatten. Egal, ob es um Politik, Wirtschaft, Wissenschaft oder Gesellschaft geht \u2013 die \"phoenix runde\" ist immer nah dran an der Lebenswirklichkeit. An drei Abenden in der Woche begr\u00fc\u00dfen abwechselnd die Moderatoren Alexander K\u00e4hler und Anke Pl\u00e4tt", "start_date": "2026-05-01T07:15:00+00:00", "title": "phoenix runde"}, {"desc": "\"phoenix vor ort\" zeigt Ihnen so ausf\u00fchrlich und so viele politische Ereignisse wie kein anderer Sender im deutschen Fernsehen. \"phoenix vor ort\" finden Sie zu vier festen Uhrzeiten am Tag, dar\u00fcber hinaus immer wenn ein politisch relevantes Ereignis stattfindet. phoenix \u00fcbertr\u00e4gt f\u00fcr Sie live die Plenarsitzungen des Deutschen Bundestages und aus dem Bundesrat, dem Europ\u00e4ischen Parlament, dem US-Ko", "start_date": "2026-05-01T07:30:00+00:00", "title": "phoenix vor ort"}, {"desc": "\"phoenix vor ort\" zeigt Ihnen so ausf\u00fchrlich und so viele politische Ereignisse wie kein anderer Sender im deutschen Fernsehen. \"phoenix vor ort\" finden Sie zu vier festen Uhrzeiten am Tag, dar\u00fcber hinaus immer wenn ein politisch relevantes Ereignis stattfindet. phoenix \u00fcbertr\u00e4gt f\u00fcr Sie live die Plenarsitzungen des Deutschen Bundestages und aus dem Bundesrat, dem Europ\u00e4ischen Parlament, dem US-Ko", "start_date": "2026-05-01T08:00:00+00:00", "title": "phoenix vor ort"}, {"desc": "\"die diskussion\" ist der Sendeplatz f\u00fcr aktuelle Gespr\u00e4chsrunden zu unterschiedlichen Anl\u00e4ssen, Veranstaltungen und Ereignissen. Eine Diskussion mit dem Bundespr\u00e4sidenten kann hier ebenso zu sehen sein wie eine Talkrunde zur Medienpolitik oder eine Gespr\u00e4chssendung \u00fcber den Zustand der Inneren Sicherheit in Deutschland. Trotz unterschiedlicher Hintergr\u00fcnde und Anl\u00e4sse haben die Sendungen eines gem", "start_date": "2026-05-01T08:15:00+00:00", "title": "phoenix plus"}, {"desc": "In \"phoenix plus\" erg\u00e4nzen wir mehrmals t\u00e4glich unsere Ereignis-Berichterstattung. Hier macht phoenix das, wof\u00fcr der Sender steht: Themen vertiefen. Mit eigenen Reportagen, ausgew\u00e4hlten Beitr\u00e4gen von ARD und ZDF und Expertengespr\u00e4chen beleuchten wir ein Thema von vielen Seiten und liefern ein Plus an Information. Die Themen sind immer relevant und aktuell: Das Spektrum reicht vom ver\u00e4nderten Parte", "start_date": "2026-05-01T09:15:00+00:00", "title": "phoenix plus"}, {"desc": "\"phoenix vor ort\" zeigt Ihnen so ausf\u00fchrlich und so viele politische Ereignisse wie kein anderer Sender im deutschen Fernsehen. \"phoenix vor ort\" finden Sie zu vier festen Uhrzeiten am Tag, dar\u00fcber hinaus immer wenn ein politisch relevantes Ereignis stattfindet. phoenix \u00fcbertr\u00e4gt f\u00fcr Sie live die Plenarsitzungen des Deutschen Bundestages und aus dem Bundesrat, dem Europ\u00e4ischen Parlament, dem US-Ko", "start_date": "2026-05-01T09:45:00+00:00", "title": "phoenix vor ort"}, {"desc": null, "start_date": "2026-05-01T11:00:00+00:00", "title": "phoenix plus"}, {"desc": null, "start_date": "2026-05-01T11:15:00+00:00", "title": "phoenix plus"}, {"desc": "\"phoenix vor ort\" zeigt Ihnen so ausf\u00fchrlich und so viele politische Ereignisse wie kein anderer Sender im deutschen Fernsehen. \"phoenix vor ort\" finden Sie zu vier festen Uhrzeiten am Tag, dar\u00fcber hinaus immer wenn ein politisch relevantes Ereignis stattfindet. phoenix \u00fcbertr\u00e4gt f\u00fcr Sie live die Plenarsitzungen des Deutschen Bundestages und aus dem Bundesrat, dem Europ\u00e4ischen Parlament, dem US-Ko", "start_date": "2026-05-01T12:00:00+00:00", "title": "phoenix vor ort"}, {"desc": "Der Koch Ulrich Larsen wollte wissen, in welche schmutzigen Gesch\u00e4fte Nordkorea verwickelt ist. Deshalb lie\u00df er sich \u00fcber zehn Jahre hinweg in h\u00f6chste Diktatur-Kreise einschleusen, bis ein Waffendeal perfekt ist.\\n.", "start_date": "2026-05-01T12:30:00+00:00", "title": "Der Maulwurf \u2013 Undercover in Nordkorea"}, {"desc": "In einer zehnj\u00e4hrigen Geheimmission begeben sich zwei M\u00e4nner in das gef\u00e4hrlichste Regime der Welt. Sie wollen Nordkoreas Verstrickungen in den internationalen Waffenhandel beweisen. Der Maulwurf Ulrich Larsen und der erfundene Investor Mr. James reisen mit koreanischen Offiziellen nach Uganda, um dort den Bau einer Waffenfabrik in die Wege zu leiten. Sie finden so heraus, wie Nordkorea die UN-Sank", "start_date": "2026-05-01T13:30:00+00:00", "title": "Der Maulwurf Undercover in Nordkorea"}, {"desc": "Seilbahnen kennen die meisten nur aus den Bergen. Doch Verkehrsexperten sagen schon lange, dass sie eine wichtige Erg\u00e4nzung f\u00fcr den \u00f6ffentlichen Nahverkehr sein k\u00f6nnten. Statt unten im Stau zu stehen, einfach dr\u00fcber hinwegschweben: Immer mehr Gro\u00dfst\u00e4dte experimentieren jetzt damit und hoffen, mit der Alpen-Technologie ihre Verkehrswege besser zu vernetzen. \"NZZ Format\" berichtet \u00fcber Seilbahnen im", "start_date": "2026-05-01T14:30:00+00:00", "title": "Seilbahnen f\u00fcr die Stadt"}, {"desc": "Bauen mit Holz boomt: Holzh\u00e4user sind umweltfreundlich, langlebig und bezahlbar. Gabriele Mooser stellt zukunftsweisende Holzbauweise in \u00d6sterreich und im bayerischen Voralpenland vor. Mittlerweile ist knapp ein F\u00fcnftel unserer Neubauten aus Holz. Im \u00f6sterreichischen Vorarlberg baut man schon l\u00e4nger darauf, zumal es in dieser waldreichen Gegend eine jahrhundertealte Holzbau-Tradition gibt. Auff\u00e4ll", "start_date": "2026-05-01T15:00:00+00:00", "title": "Bauen mit Holz"}, {"desc": "In \"phoenix der tag\" fassen wir die wichtigen Ereignisse, Themen und Diskussionen des Tages f\u00fcr Sie zusammen. Zwei Mal am Tag begr\u00fc\u00dfen Sie die Moderatorinnen und Moderatoren aus dem Bonner Studio \u2013 um 17.30 Uhr mit einer 30-min\u00fctigen Zusammenfassung und um 23.00 Uhr mit einer umfassenden 60-min\u00fctigen R\u00fcckschau auf den Tag \u2013mit Expertinnen und Experten im Studio sowie Schalten zu den Korrespondente", "start_date": "2026-05-01T15:30:00+00:00", "title": "phoenix der tag"}, {"desc": "Vom scharfen Kritiker zum loyalen \u201eRunning Mate\u201c des Pr\u00e4sidenten, den er noch vor zehn Jahren als \u201eungeeignet f\u00fcr das h\u00f6chste Amt der USA\u201c bezeichnete: Diese Dokumentation zeichnet den rasanten und widerspr\u00fcchlichen Aufstieg von JD Vance nach. Er erfindet gern (migrantenfeindliche) Ger\u00fcchte, meint, dass die Zukunft Hitler liebenden jungen Republikanern geh\u00f6rt (\u201eThe Nation\u201c). Das Portr\u00e4t des in \u00e4rm", "start_date": "2026-05-01T16:05:00+00:00", "title": "JD Vance \u2013 Der Mann nach Trump"}, {"desc": "Was bedeutet es heute eigentlich, adlig zu sein? Titel, Tradition oder Verantwortung? Die Sendung STATIONEN geht dieser Frage nach und trifft Menschen, die ihr Erbe ganz unterschiedlich deuten. (Senderinfo).", "start_date": "2026-05-01T17:30:00+00:00", "title": "Adel verpflichtet \u2013 aber wozu?"}, {"desc": "Seit 1952 informiert die Tagesschau als Nachrichtensendung in der Hauptsendung um 20.00 Uhr f\u00fcr 15 Minuten oder in k\u00fcrzeren Ausgaben t\u00e4glich \u00fcber den aktuellen Stand in den Bereichen Politik, Wirtschaft, Gesellschaft und Sport. Direkt im Anschluss folgen Prognosen f\u00fcr Deutschland zum Wetter der folgenden Tage und Woche.", "start_date": "2026-05-01T18:00:00+00:00", "title": "Tagesschau"}, {"desc": "Abseits der Hauptstadt Reykjav\u00edk beeindruckt der Inselstaat nahe dem Polarkreis mit grandioser Naturlandschaft. Am westlichsten Zipfel liegt das Kap Bjargtangar mit seinem Leuchtturm. Das Freilichtmuseum Eiriksstadir l\u00e4sst die Wikingerzeit wieder aufleben.", "start_date": "2026-05-01T18:15:00+00:00", "title": "Island von oben"}, {"desc": "Das Land im hohen Norden hat eine \u00fcber 7000 Kilometer lange K\u00fcstenlinie. Dort sind zahlreiche Relikte aus der Wikingerzeit erhalten wie die Ringburg Trelleborg. Bei Staatsbesuchen und gro\u00dfen Familienereignissen ist Schloss Fredensborg bevorzugte Residenz der K\u00f6nigsfamilie.", "start_date": "2026-05-01T19:00:00+00:00", "title": "phoenix dok.thema: Von oben"}, {"desc": "Ganz im S\u00fcdwesten Europas findet man endlos lange Sandstr\u00e4nde, eine wilde Natur und malerische D\u00f6rfer und St\u00e4dte: Besonders aus der Luft zeigt sich die ganze Sch\u00f6nheit Portugals. Portugal ist eine Entdeckernation. Ab dem 15. Jahrhundert bereisen die Portugiesen die Weltmeere, bringen Sch\u00e4tze und Reicht\u00fcmer mit. Heute entdecken viele Besucher Portugals reiche Natur und Kultur. In Portugal vereinen ", "start_date": "2026-05-01T20:00:00+00:00", "title": "phoenix dok.thema: Von oben"}, {"desc": "South Dakota im Mittleren Westen der USA steht f\u00fcr endlose Weiten, Western-Charme und eine reiche indigene Kultur. Ein Bundesstaat voller Kontraste und Natursch\u00f6nheiten. Atemberaubende Luftaufnahmen zeigen South Dakota aus einer v\u00f6llig neuen Perspektive: von den tiefgr\u00fcnen W\u00e4ldern der Black Hills \u00fcber die Pr\u00e4rien und Felsformationen der Badlands bis zum majest\u00e4tischen Mount Rushmore. (Senderinfo).", "start_date": "2026-05-01T20:30:00+00:00", "title": "phoenix dok.thema: Von oben"}, {"desc": "North und South Carolina bilden den vielleicht sch\u00f6nsten Abschnitt der amerikanischen Atlantikk\u00fcste: von den malerischen Outer Banks im Osten bis zu den \"Great Smoky Mountains\" im Westen. Aus der Luft zeigt sich die ganze Vielfalt der beiden Bundesstaaten, die auf eine bewegte Geschichte zur\u00fcckblicken. (Senderinfo).", "start_date": "2026-05-01T21:15:00+00:00", "title": "phoenix dok.thema: Von oben"}, {"desc": "So hat der Alte Fritz sein Sanssouci nie gesehen. Eine Kameradrohne filmt den Potsdamer Park, den der Preu\u00dfenk\u00f6nig ab 1745 anlegen lie\u00df, und die zu seiner Zeit und sp\u00e4ter erbauten Schl\u00f6sser (u.a. das Orangerieschloss). Seit 1990 ist das \u201epreu\u00dfische Versailles\u201c UNESCO-Welterbe.", "start_date": "2026-05-01T22:00:00+00:00", "title": "phoenix dok.thema: Von oben"}, {"desc": "Die Welt hat so einige Despoten hervorgebracht, die in ihrem Wahn Leid und Elend \u00fcber ihre und andere V\u00f6lker gebracht haben. Sp\u00e4testens seit den Anschl\u00e4gen vom 11. September 2001 steht der Name Osama bin Laden f\u00fcr globalen Terror. Doch wie konnte es so weit kommen? Die Dokumentation gibt Einblicke in die Biografie eines Mannes, der aus einer der wohlhabendsten Familien Saudi-Arabiens stammt und sc", "start_date": "2026-05-01T22:30:00+00:00", "title": "Despoten"}, {"desc": "Es begann mit dem Abwurf der Atombomben auf Japan. Mit dem \u201eWettr\u00fcsten\u201c startet die tschechische Dokureihe \u00fcber die Konfrontation der Superm\u00e4chte USA und UdSSR nach dem Zweiten Weltkrieg.", "start_date": "2026-05-01T23:15:00+00:00", "title": "War Games \u2013 Der Kalte Krieg"}, {"desc": "Im Jahr 1949 gr\u00fcnden mehrere westeurop\u00e4ische Nationen die NATO, eine Allianz mit den USA, um sich gegen die UdSSR zu verteidigen. Im selben Jahr testet die Sowjetunion ihre erste Atombombe. Das Wettr\u00fcsten ist voll entbrannt, bald folgt die Entwicklung der Wasserstoffbombe. Die daraus resultierende Paranoia f\u00fchrt in den USA zu Schauprozessen und Hexenjagden. Ob Stellvertreterkriege wie in Korea ode", "start_date": "2026-05-02T00:00:00+00:00", "title": "War Games \u2013 Der Kalte Krieg"}], "offset": "+00:00", "timezone": "UTC", "error_code": -1, "start_date": "2026-04-30", "icon": ""}