{"end_date": "2026-05-02", "name": "PHOENIX", "info_url": "https://epg.pw/channels/76649/20260501.html", "country": "Germany", "description": null, "error_message": "", "provider": "", "source_url": "https://epg.pw/api/epg.json?channel_id=76649&date=20260501&timezone=None", "epg_list": [{"desc": "Das Jahr 1990: Wir wurden Weltmeister. In den D\u00fcsseldorfer Landtag zogen die Gr\u00fcnen ein, und die Kinder fieberten ihrer ersten Castingshow im Fernsehen entgegen\u2026 Die Gr\u00fcnen hatten im dritten Anlauf den Sprung in den NRW-Landtag geschafft und sorgten dort f\u00fcr jede Menge Wirbel und Ver\u00e4nderung. Im Fernsehen startete ein neues Castingformat, das Kinderherzen h\u00f6herschlagen lie\u00df: die Mini Playback Show", "start_date": "2026-05-01T00:15:00+00:00", "title": "Unser Land in den 90ern"}, {"desc": "Das Jahr 1991: In Bonn kam es zum Showdown. Der Bundestag stimmte dar\u00fcber ab, ob der Regierungssitz nach Berlin ziehen sollte \u2013 und die Bonner fieberten dem Ergebnis an Videoleinw\u00e4nden entgegen. Ein echter Wirtschaftskrimi spielte sich in Dortmund ab: Der Essener Krupp-Konzern hatte heimlich die Mehrheit der Hoesch-Aktien aufgekauft. Es war die erste feindliche \u00dcbernahme in der Geschichte der Bund", "start_date": "2026-05-01T01:00:00+00:00", "title": "Unser Land in den 90ern"}, {"desc": "Ein tiefer Spalt zieht sich am 14. April 1992 entlang einer Uferwiese an der Maas im niederl\u00e4ndischen Roermond. Die dritte Folge aus der Dokureihe \u201eUnser Land in den in 90ern\u201c erinnert daran, wie ein Erdbeben der St\u00e4rke 5,9 auf der Richterskala die Rheinl\u00e4nder in der Nacht zuvor aus dem Schlaf schrecken lie\u00df.", "start_date": "2026-05-01T01:45:00+00:00", "title": "Unser Land in den 90ern"}, {"desc": "300\u2009000 Menschen setzten mit einer Lichterkette am Neujahrstag 1993 in Essen ein Zeichen gegen Rechtsextremismus, \u00dcbergriffe und Brandanschl\u00e4ge in Hoyerswerda und Rostock-Lichtenhagen. Auch die Stahlwerker von Krupp-Hoesch z\u00fcndeten Kerzen und Fackeln an gegen den Verlust ihrer Arbeitspl\u00e4tze. In der \u201eNacht der 1000 Feuer\u201c blockierten sie die B\u20091 in Dortmund.", "start_date": "2026-05-01T02:30:00+00:00", "title": "Unser Land in den 90ern"}, {"desc": "Am 24. M\u00e4rz 1944 gelang eine spektakul\u00e4re Massenflucht alliierter Soldaten aus dem deutschen Kriegsgefangenenlager Stalag Luft III durch einen Tunnel. Weltbekannt wurde die Geschichte 1963 durch den Film \u201eGesprengte Ketten\u201c mit Steve McQueen.", "start_date": "2026-05-01T03:00:00+00:00", "title": "T\u00f6dliche Flucht \u2013 Legend\u00e4rer Ausbruch aus dem Kriegsgefangenenlager"}, {"desc": "Squadron Leader Roger Bushell und das X-Komitee erleiden einen herben R\u00fcckschlag, als einer ihrer Tunnel entdeckt wird. Der geplante Massenausbruch aus dem deutschen Kriegsgefangenenlager \"Stalag Luft III\" r\u00fcckt damit in weite Ferne. (Senderinfo).", "start_date": "2026-05-01T03:45:00+00:00", "title": "T\u00f6dliche Flucht \u2013 Legend\u00e4rer Ausbruch aus dem Kriegsgefangenenlager"}, {"desc": "In dieser dritten und letzten Episode sind die Ausbrecher in alle Richtungen geflohen, von 200 Ausbrechern sind 76 entkommen. (Senderinfo).", "start_date": "2026-05-01T04:30:00+00:00", "title": "T\u00f6dliche Flucht \u2013 Legend\u00e4rer Ausbruch aus dem Kriegsgefangenenlager"}, {"desc": null, "start_date": "2026-05-01T05:15:00+00:00", "title": "Die Waffen des Lichts"}, {"desc": "Seilbahnen kennen die meisten nur aus den Bergen. Doch Verkehrsexperten sagen schon lange, dass sie eine wichtige Erg\u00e4nzung f\u00fcr den \u00f6ffentlichen Nahverkehr sein k\u00f6nnten. Statt unten im Stau zu stehen, einfach dr\u00fcber hinwegschweben: Immer mehr Gro\u00dfst\u00e4dte experimentieren jetzt damit und hoffen, mit der Alpen-Technologie ihre Verkehrswege besser zu vernetzen. \"NZZ Format\" berichtet \u00fcber Seilbahnen im", "start_date": "2026-05-01T06:00:00+00:00", "title": "Seilbahnen f\u00fcr die Stadt"}, {"desc": "Bauen mit Holz boomt: Holzh\u00e4user sind umweltfreundlich, langlebig und bezahlbar. Gabriele Mooser stellt zukunftsweisende Holzbauweise in \u00d6sterreich und im bayerischen Voralpenland vor. Mittlerweile ist knapp ein F\u00fcnftel unserer Neubauten aus Holz. Im \u00f6sterreichischen Vorarlberg baut man schon l\u00e4nger darauf, zumal es in dieser waldreichen Gegend eine jahrhundertealte Holzbau-Tradition gibt. Auff\u00e4ll", "start_date": "2026-05-01T06:30:00+00:00", "title": "Bauen mit Holz"}, {"desc": "Vier G\u00e4ste, vier Meinungen, engagiert im Austausch, respektvoll im Umgang: Die \"phoenix runde\" ist der Ort f\u00fcr aktuelle politische und gesellschaftliche Debatten. Egal, ob es um Politik, Wirtschaft, Wissenschaft oder Gesellschaft geht \u2013 die \"phoenix runde\" ist immer nah dran an der Lebenswirklichkeit. An drei Abenden in der Woche begr\u00fc\u00dfen abwechselnd die Moderatoren Alexander K\u00e4hler und Anke Pl\u00e4tt", "start_date": "2026-05-01T07:15:00+00:00", "title": "phoenix runde"}, {"desc": "\"phoenix vor ort\" zeigt Ihnen so ausf\u00fchrlich und so viele politische Ereignisse wie kein anderer Sender im deutschen Fernsehen. \"phoenix vor ort\" finden Sie zu vier festen Uhrzeiten am Tag, dar\u00fcber hinaus immer wenn ein politisch relevantes Ereignis stattfindet. phoenix \u00fcbertr\u00e4gt f\u00fcr Sie live die Plenarsitzungen des Deutschen Bundestages und aus dem Bundesrat, dem Europ\u00e4ischen Parlament, dem US-Ko", "start_date": "2026-05-01T07:30:00+00:00", "title": "phoenix vor ort"}, {"desc": "\"phoenix vor ort\" zeigt Ihnen so ausf\u00fchrlich und so viele politische Ereignisse wie kein anderer Sender im deutschen Fernsehen. \"phoenix vor ort\" finden Sie zu vier festen Uhrzeiten am Tag, dar\u00fcber hinaus immer wenn ein politisch relevantes Ereignis stattfindet. phoenix \u00fcbertr\u00e4gt f\u00fcr Sie live die Plenarsitzungen des Deutschen Bundestages und aus dem Bundesrat, dem Europ\u00e4ischen Parlament, dem US-Ko", "start_date": "2026-05-01T08:00:00+00:00", "title": "phoenix vor ort"}, {"desc": "\"die diskussion\" ist der Sendeplatz f\u00fcr aktuelle Gespr\u00e4chsrunden zu unterschiedlichen Anl\u00e4ssen, Veranstaltungen und Ereignissen. Eine Diskussion mit dem Bundespr\u00e4sidenten kann hier ebenso zu sehen sein wie eine Talkrunde zur Medienpolitik oder eine Gespr\u00e4chssendung \u00fcber den Zustand der Inneren Sicherheit in Deutschland. Trotz unterschiedlicher Hintergr\u00fcnde und Anl\u00e4sse haben die Sendungen eines gem", "start_date": "2026-05-01T08:15:00+00:00", "title": "phoenix plus"}, {"desc": "In \"phoenix plus\" erg\u00e4nzen wir mehrmals t\u00e4glich unsere Ereignis-Berichterstattung. Hier macht phoenix das, wof\u00fcr der Sender steht: Themen vertiefen. Mit eigenen Reportagen, ausgew\u00e4hlten Beitr\u00e4gen von ARD und ZDF und Expertengespr\u00e4chen beleuchten wir ein Thema von vielen Seiten und liefern ein Plus an Information. Die Themen sind immer relevant und aktuell: Das Spektrum reicht vom ver\u00e4nderten Parte", "start_date": "2026-05-01T09:15:00+00:00", "title": "phoenix plus"}, {"desc": "\"phoenix vor ort\" zeigt Ihnen so ausf\u00fchrlich und so viele politische Ereignisse wie kein anderer Sender im deutschen Fernsehen. \"phoenix vor ort\" finden Sie zu vier festen Uhrzeiten am Tag, dar\u00fcber hinaus immer wenn ein politisch relevantes Ereignis stattfindet. phoenix \u00fcbertr\u00e4gt f\u00fcr Sie live die Plenarsitzungen des Deutschen Bundestages und aus dem Bundesrat, dem Europ\u00e4ischen Parlament, dem US-Ko", "start_date": "2026-05-01T09:45:00+00:00", "title": "phoenix vor ort"}, {"desc": null, "start_date": "2026-05-01T11:00:00+00:00", "title": "phoenix plus"}, {"desc": null, "start_date": "2026-05-01T11:15:00+00:00", "title": "phoenix plus"}, {"desc": "\"phoenix vor ort\" zeigt Ihnen so ausf\u00fchrlich und so viele politische Ereignisse wie kein anderer Sender im deutschen Fernsehen. \"phoenix vor ort\" finden Sie zu vier festen Uhrzeiten am Tag, dar\u00fcber hinaus immer wenn ein politisch relevantes Ereignis stattfindet. phoenix \u00fcbertr\u00e4gt f\u00fcr Sie live die Plenarsitzungen des Deutschen Bundestages und aus dem Bundesrat, dem Europ\u00e4ischen Parlament, dem US-Ko", "start_date": "2026-05-01T12:00:00+00:00", "title": "phoenix vor ort"}, {"desc": "Der Koch Ulrich Larsen wollte wissen, in welche schmutzigen Gesch\u00e4fte Nordkorea verwickelt ist. Deshalb lie\u00df er sich \u00fcber zehn Jahre hinweg in h\u00f6chste Diktatur-Kreise einschleusen, bis ein Waffendeal perfekt ist.\\n.", "start_date": "2026-05-01T12:30:00+00:00", "title": "Der Maulwurf \u2013 Undercover in Nordkorea"}, {"desc": "In einer zehnj\u00e4hrigen Geheimmission begeben sich zwei M\u00e4nner in das gef\u00e4hrlichste Regime der Welt. Sie wollen Nordkoreas Verstrickungen in den internationalen Waffenhandel beweisen. Der Maulwurf Ulrich Larsen und der erfundene Investor Mr. James reisen mit koreanischen Offiziellen nach Uganda, um dort den Bau einer Waffenfabrik in die Wege zu leiten. Sie finden so heraus, wie Nordkorea die UN-Sank", "start_date": "2026-05-01T13:30:00+00:00", "title": "Der Maulwurf Undercover in Nordkorea"}, {"desc": "Seilbahnen kennen die meisten nur aus den Bergen. Doch Verkehrsexperten sagen schon lange, dass sie eine wichtige Erg\u00e4nzung f\u00fcr den \u00f6ffentlichen Nahverkehr sein k\u00f6nnten. Statt unten im Stau zu stehen, einfach dr\u00fcber hinwegschweben: Immer mehr Gro\u00dfst\u00e4dte experimentieren jetzt damit und hoffen, mit der Alpen-Technologie ihre Verkehrswege besser zu vernetzen. \"NZZ Format\" berichtet \u00fcber Seilbahnen im", "start_date": "2026-05-01T14:30:00+00:00", "title": "Seilbahnen f\u00fcr die Stadt"}, {"desc": "Bauen mit Holz boomt: Holzh\u00e4user sind umweltfreundlich, langlebig und bezahlbar. Gabriele Mooser stellt zukunftsweisende Holzbauweise in \u00d6sterreich und im bayerischen Voralpenland vor. Mittlerweile ist knapp ein F\u00fcnftel unserer Neubauten aus Holz. Im \u00f6sterreichischen Vorarlberg baut man schon l\u00e4nger darauf, zumal es in dieser waldreichen Gegend eine jahrhundertealte Holzbau-Tradition gibt. Auff\u00e4ll", "start_date": "2026-05-01T15:00:00+00:00", "title": "Bauen mit Holz"}, {"desc": "In \"phoenix der tag\" fassen wir die wichtigen Ereignisse, Themen und Diskussionen des Tages f\u00fcr Sie zusammen. Zwei Mal am Tag begr\u00fc\u00dfen Sie die Moderatorinnen und Moderatoren aus dem Bonner Studio \u2013 um 17.30 Uhr mit einer 30-min\u00fctigen Zusammenfassung und um 23.00 Uhr mit einer umfassenden 60-min\u00fctigen R\u00fcckschau auf den Tag \u2013mit Expertinnen und Experten im Studio sowie Schalten zu den Korrespondente", "start_date": "2026-05-01T15:30:00+00:00", "title": "phoenix der tag"}, {"desc": "Vom scharfen Kritiker zum loyalen \u201eRunning Mate\u201c des Pr\u00e4sidenten, den er noch vor zehn Jahren als \u201eungeeignet f\u00fcr das h\u00f6chste Amt der USA\u201c bezeichnete: Diese Dokumentation zeichnet den rasanten und widerspr\u00fcchlichen Aufstieg von JD Vance nach. Er erfindet gern (migrantenfeindliche) Ger\u00fcchte, meint, dass die Zukunft Hitler liebenden jungen Republikanern geh\u00f6rt (\u201eThe Nation\u201c). Das Portr\u00e4t des in \u00e4rm", "start_date": "2026-05-01T16:05:00+00:00", "title": "JD Vance \u2013 Der Mann nach Trump"}, {"desc": "Was bedeutet es heute eigentlich, adlig zu sein? Titel, Tradition oder Verantwortung? Die Sendung STATIONEN geht dieser Frage nach und trifft Menschen, die ihr Erbe ganz unterschiedlich deuten. (Senderinfo).", "start_date": "2026-05-01T17:30:00+00:00", "title": "Adel verpflichtet \u2013 aber wozu?"}, {"desc": "Seit 1952 informiert die Tagesschau als Nachrichtensendung in der Hauptsendung um 20.00 Uhr f\u00fcr 15 Minuten oder in k\u00fcrzeren Ausgaben t\u00e4glich \u00fcber den aktuellen Stand in den Bereichen Politik, Wirtschaft, Gesellschaft und Sport. Direkt im Anschluss folgen Prognosen f\u00fcr Deutschland zum Wetter der folgenden Tage und Woche.", "start_date": "2026-05-01T18:00:00+00:00", "title": "Tagesschau"}, {"desc": "Abseits der Hauptstadt Reykjav\u00edk beeindruckt der Inselstaat nahe dem Polarkreis mit grandioser Naturlandschaft. Am westlichsten Zipfel liegt das Kap Bjargtangar mit seinem Leuchtturm. Das Freilichtmuseum Eiriksstadir l\u00e4sst die Wikingerzeit wieder aufleben.", "start_date": "2026-05-01T18:15:00+00:00", "title": "Island von oben"}, {"desc": "Das Land im hohen Norden hat eine \u00fcber 7000 Kilometer lange K\u00fcstenlinie. Dort sind zahlreiche Relikte aus der Wikingerzeit erhalten wie die Ringburg Trelleborg. Bei Staatsbesuchen und gro\u00dfen Familienereignissen ist Schloss Fredensborg bevorzugte Residenz der K\u00f6nigsfamilie.", "start_date": "2026-05-01T19:00:00+00:00", "title": "phoenix dok.thema: Von oben"}, {"desc": "Ganz im S\u00fcdwesten Europas findet man endlos lange Sandstr\u00e4nde, eine wilde Natur und malerische D\u00f6rfer und St\u00e4dte: Besonders aus der Luft zeigt sich die ganze Sch\u00f6nheit Portugals. Portugal ist eine Entdeckernation. Ab dem 15. Jahrhundert bereisen die Portugiesen die Weltmeere, bringen Sch\u00e4tze und Reicht\u00fcmer mit. Heute entdecken viele Besucher Portugals reiche Natur und Kultur. In Portugal vereinen ", "start_date": "2026-05-01T20:00:00+00:00", "title": "phoenix dok.thema: Von oben"}, {"desc": "South Dakota im Mittleren Westen der USA steht f\u00fcr endlose Weiten, Western-Charme und eine reiche indigene Kultur. Ein Bundesstaat voller Kontraste und Natursch\u00f6nheiten. Atemberaubende Luftaufnahmen zeigen South Dakota aus einer v\u00f6llig neuen Perspektive: von den tiefgr\u00fcnen W\u00e4ldern der Black Hills \u00fcber die Pr\u00e4rien und Felsformationen der Badlands bis zum majest\u00e4tischen Mount Rushmore. (Senderinfo).", "start_date": "2026-05-01T20:30:00+00:00", "title": "phoenix dok.thema: Von oben"}, {"desc": "North und South Carolina bilden den vielleicht sch\u00f6nsten Abschnitt der amerikanischen Atlantikk\u00fcste: von den malerischen Outer Banks im Osten bis zu den \"Great Smoky Mountains\" im Westen. Aus der Luft zeigt sich die ganze Vielfalt der beiden Bundesstaaten, die auf eine bewegte Geschichte zur\u00fcckblicken. (Senderinfo).", "start_date": "2026-05-01T21:15:00+00:00", "title": "phoenix dok.thema: Von oben"}, {"desc": "So hat der Alte Fritz sein Sanssouci nie gesehen. Eine Kameradrohne filmt den Potsdamer Park, den der Preu\u00dfenk\u00f6nig ab 1745 anlegen lie\u00df, und die zu seiner Zeit und sp\u00e4ter erbauten Schl\u00f6sser (u.a. das Orangerieschloss). Seit 1990 ist das \u201epreu\u00dfische Versailles\u201c UNESCO-Welterbe.", "start_date": "2026-05-01T22:00:00+00:00", "title": "phoenix dok.thema: Von oben"}, {"desc": "Die Welt hat so einige Despoten hervorgebracht, die in ihrem Wahn Leid und Elend \u00fcber ihre und andere V\u00f6lker gebracht haben. Sp\u00e4testens seit den Anschl\u00e4gen vom 11. September 2001 steht der Name Osama bin Laden f\u00fcr globalen Terror. Doch wie konnte es so weit kommen? Die Dokumentation gibt Einblicke in die Biografie eines Mannes, der aus einer der wohlhabendsten Familien Saudi-Arabiens stammt und sc", "start_date": "2026-05-01T22:30:00+00:00", "title": "Despoten"}, {"desc": "Es begann mit dem Abwurf der Atombomben auf Japan. Mit dem \u201eWettr\u00fcsten\u201c startet die tschechische Dokureihe \u00fcber die Konfrontation der Superm\u00e4chte USA und UdSSR nach dem Zweiten Weltkrieg.", "start_date": "2026-05-01T23:15:00+00:00", "title": "War Games \u2013 Der Kalte Krieg"}, {"desc": "Im Jahr 1949 gr\u00fcnden mehrere westeurop\u00e4ische Nationen die NATO, eine Allianz mit den USA, um sich gegen die UdSSR zu verteidigen. Im selben Jahr testet die Sowjetunion ihre erste Atombombe. Das Wettr\u00fcsten ist voll entbrannt, bald folgt die Entwicklung der Wasserstoffbombe. Die daraus resultierende Paranoia f\u00fchrt in den USA zu Schauprozessen und Hexenjagden. Ob Stellvertreterkriege wie in Korea ode", "start_date": "2026-05-02T00:00:00+00:00", "title": "War Games \u2013 Der Kalte Krieg"}, {"desc": "Mitte der 1950er Jahre entstehen immer mehr Milit\u00e4rbasen auf beiden Seiten des Eisernen Vorhangs. Der Freiheitsdrang der Ungarn wird von sowjetischen Panzern niedergewalzt. Ein paar Jahre sp\u00e4ter bekommen die USA durch die kubanische Revolution ein kommunistisches Land direkt vor ihre Haust\u00fcr platziert. Und der Kampf um die Eroberung des Weltraums beginnt mit dem Start von Sputnik, dem ersten von M", "start_date": "2026-05-02T00:45:00+00:00", "title": "War Games \u2013 Der Kalte Krieg"}, {"desc": "Der Kalte Krieg wird hei\u00df, als die UdSSR 1962 Atomsprengk\u00f6pfe auf Kuba stationieren. Die Welt kommt damit einem Atomkrieg sehr nahe. In Vietnam treffen die ersten US-Truppen ein. Im Prager Fr\u00fchling 1968 ist die Idee eines \"Sozialismus mit menschlichem Antlitz\" zum Scheitern verurteilt. Die Landung auf dem Mond ist ein \"riesiger Sprung f\u00fcr die Menschheit\". Und im Jahr 1972 besucht Richard Nixon als", "start_date": "2026-05-02T01:30:00+00:00", "title": "War Games \u2013 Der Kalte Krieg"}, {"desc": "Die Spannungen des Kalten Krieges dauern in den 1970er Jahren weiter an. Nur vereinzelt gibt es Lichtblicke, wie etwa den Abzug der US-amerikanischen Truppen aus Vietnam. Mit dem Test der Neutronenbombe ist das nukleare Wettr\u00fcsten au\u00dfer Kontrolle geraten. In Angola bricht ein B\u00fcrgerkrieg aus, Waffen und S\u00f6ldner str\u00f6men ins Land. 1979 schlie\u00dflich unterzeichnen Jimmy Carter und Leonid Breschnew eine", "start_date": "2026-05-02T02:15:00+00:00", "title": "War Games \u2013 Der Kalte Krieg"}, {"desc": "Der Westen ist emp\u00f6rt, als das sowjetische Milit\u00e4r in Afghanistan einmarschiert. Die USA bieten den Anti-Regierungsrebellen \u2013 den Mudschahedin \u2013 sofort Waffen und Unterst\u00fctzung an. Der Boxer Muhammad Ali setzt sich f\u00fcr den Boykott der Olympischen Spiele 1980 in Moskau ein. Athleten bleiben den Spielen fern, aber die sowjetischen Truppen verharren noch viele Jahre in Afghanistan. (Senderinfo).", "start_date": "2026-05-02T03:00:00+00:00", "title": "War Games \u2013 Der Kalte Krieg"}, {"desc": "Die USA sind weiter bereit, Gewalt anzuwenden, um die Ausbreitung des Kommunismus zu stoppen. Gegen eine Linksregierung entsendet US-Pr\u00e4sident Reagan Marines auf die Insel Grenada. In Nicaragua k\u00e4mpft die sandinistische Regierung gegen die von den USA unterst\u00fctzten Contra-Rebellen. 1987 k\u00fcndigt Reagan ein neues Waffenprogramm an, das bald \"Star Wars\" genannt wird. Gorbatschow, der neue Pr\u00e4sident d", "start_date": "2026-05-02T03:45:00+00:00", "title": "War Games \u2013 Der Kalte Krieg"}, {"desc": "In den 1980er Jahren wird die Gewerkschaft \"Solidarnosc\" in Polen zum Leuchtturm f\u00fcr den gesamten Ostblock. In Berlin f\u00e4llt nach 28 Jahren die Mauer, die Deutschland geteilt hat. In Rum\u00e4nien haben Ceausescu und seine Ehefrau seit Jahrzehnten wie kaiserliche Herrscher regiert und gelebt. Ihr Fall in ist dramatisch. Indessen erkl\u00e4ren sich immer mehr Sowjetrepubliken f\u00fcr unabh\u00e4ngig. Die UdSSR existie", "start_date": "2026-05-02T04:30:00+00:00", "title": "War Games \u2013 Der Kalte Krieg"}, {"desc": "Island: eine Insel knapp unterhalb des Polarkreises. Gewaltige Naturkr\u00e4fte, imposante Wasserf\u00e4lle, feuerspeiende Vulkane und schier endlose Gletscher \u2013 ein Land aus Feuer und Eis. Der Inselstaat blickt auf eine lange Geschichte zur\u00fcck, gepr\u00e4gt von mutigen Siedlern und extremen Naturbedingungen. Die Mythologie spielt in Island eine wichtige Rolle. Gleichwohl zeigt sich die Insel zukunftsorientiert ", "start_date": "2026-05-02T05:15:00+00:00", "title": "Island von oben"}, {"desc": "Das Land im hohen Norden hat eine \u00fcber 7000 Kilometer lange K\u00fcstenlinie. Dort sind zahlreiche Relikte aus der Wikingerzeit erhalten wie die Ringburg Trelleborg. Bei Staatsbesuchen und gro\u00dfen Familienereignissen ist Schloss Fredensborg bevorzugte Residenz der K\u00f6nigsfamilie.", "start_date": "2026-05-02T06:00:00+00:00", "title": "D\u00e4nemark von oben"}, {"desc": "Ganz im S\u00fcdwesten Europas findet man endlos lange Sandstr\u00e4nde, eine wilde Natur und malerische D\u00f6rfer und St\u00e4dte: Besonders aus der Luft zeigt sich die ganze Sch\u00f6nheit Portugals. Portugal ist eine Entdeckernation. Ab dem 15. Jahrhundert bereisen die Portugiesen die Weltmeere, bringen Sch\u00e4tze und Reicht\u00fcmer mit. Heute entdecken viele Besucher Portugals reiche Natur und Kultur. In Portugal vereinen ", "start_date": "2026-05-02T06:45:00+00:00", "title": "Portugal von oben"}, {"desc": "So hat der Alte Fritz sein Sanssouci nie gesehen. Eine Kameradrohne filmt den Potsdamer Park, den der Preu\u00dfenk\u00f6nig ab 1745 anlegen lie\u00df, und die zu seiner Zeit und sp\u00e4ter erbauten Schl\u00f6sser (u.a. das Orangerieschloss). Seit 1990 ist das \u201epreu\u00dfische Versailles\u201c UNESCO-Welterbe.", "start_date": "2026-05-02T07:30:00+00:00", "title": "Sanssouci von oben"}, {"desc": "Wie konnte es zur Katastrophe im Atomkraftwerk von Tschernobyl im April 1986 kommen? Und was verschweigt Moskau bis heute \u00fcber den Unfall? Zeitzeuginnen und Zeitzeugen geben Einblicke in den Aufstieg und Niedergang von Tschernobyl \u2013 ein Ort, an dem der Glaube an die Atomkraft die Welt ersch\u00fctterte. (Senderinfo).", "start_date": "2026-05-02T08:00:00+00:00", "title": "Tschernobyl \u2013 Die Katastrophe"}, {"desc": "Am 26. April 1986 gegen 1.23 Uhr explodiert in Tschernobyl ein Reaktor. Was als Sicherheitstest beginnt, endet im Inferno. Es ist die gr\u00f6\u00dfte Atomkatastrophe der Welt \u2013 bis heute. \u00dcberlebende wie der Atomingenieur Boris Stolyarchuk schildern die Ereignisse der Ungl\u00fccksnacht. Der damals 26-J\u00e4hrige erlebt die Explosionen auf Block 4 und ist sich sicher, dass er die Nacht nicht \u00fcberleben wird. Am n\u00e4ch", "start_date": "2026-05-02T08:45:00+00:00", "title": "Tschernobyl \u2013 Die Katastrophe"}, {"desc": "Michail Gorbatschow erh\u00e4lt eine geheime Mitteilung \u00fcber eine Explosion im Atomkraftwerk Tschernobyl. Wie wird der politische Hoffnungstr\u00e4ger auf die Katastrophe reagieren? Selbst nach Entdeckung einer radioaktiven Wolke \u00fcber Schweden schweigt Moskau. Als die Sowjetunion den 1. Mai mit riesigen Paraden feiert, ahnen ihre B\u00fcrger nicht, was im ukrainischen Tschernobyl geschehen ist. Spezialisten vor ", "start_date": "2026-05-02T09:30:00+00:00", "title": "Tschernobyl \u2013 Die Katastrophe"}, {"desc": "W\u00e4hrend die Sowjet-Regierung der Welt die Wahrheit vorenth\u00e4lt, wird den vermeintlich Schuldigen von Tschernobyl der Prozess gemacht. Dem radioaktiven Fallout k\u00f6nnen die Menschen in der Nordukraine nicht entgehen. Im Juni 1986 gesteht die Regierung in Moskau die Niederlage gegen die Strahlung ein und l\u00e4sst eine Sperrzone errichten. 130.000 Menschen verlieren ihre Heimat und werden umgesiedelt. Im S", "start_date": "2026-05-02T10:15:00+00:00", "title": "Tschernobyl \u2013 Die Katastrophe"}, {"desc": "In \"phoenix plus\" erg\u00e4nzen wir mehrmals t\u00e4glich unsere Ereignis-Berichterstattung. Hier macht phoenix das, wof\u00fcr der Sender steht: Themen vertiefen. Mit eigenen Reportagen, ausgew\u00e4hlten Beitr\u00e4gen von ARD und ZDF und Expertengespr\u00e4chen beleuchten wir ein Thema von vielen Seiten und liefern ein Plus an Information. Die Themen sind immer relevant und aktuell: Das Spektrum reicht vom ver\u00e4nderten Parte", "start_date": "2026-05-02T11:00:00+00:00", "title": "phoenix plus"}, {"desc": "Auf dem Gipfel befanden sich 1994 die Staats- und Regierungschefs der Europ\u00e4ischen Union in Essen. Das politische Spitzenereignis wirbelte drei Tage lang das ganze Stadtleben durcheinander. Auch andere kamen 1994 ganz oben an. Formel 1-Pilot Michael Schumacher aus Kerpen gewann seinen ersten WM-Titel. Und die Kelly Family erreichte 1994 den Gipfel ihres Ruhms. 1994 war auch das Jahr, als der sogen", "start_date": "2026-05-02T12:15:00+00:00", "title": "Unser Land in den 90ern"}, {"desc": "Die SPD verlor die Alleinherrschaft in NRW. Im Ersten startete die Daily Soap \u201eVerbotene Liebe\u201c. Mit dabei Christian Wunderlich als Frauenschwarm Frank, der als Erz\u00e4hler in dieser Folge an den Ausstieg von Robbie Williams bei Take That erinnert, an Schumis Hochzeit und den Castor-Transport.", "start_date": "2026-05-02T13:00:00+00:00", "title": "Unser Land in den 90ern"}, {"desc": "1996 \u2013 ein Jahr, in dem gro\u00dfe Tr\u00e4ume wahr werden. Vor allem im Sport. Borussia Dortmund verteidigt den Titel und wird bereits am vorletzten Spieltag Deutscher Meister; der in Essen aufgewachsene Oliver Bierhoff schie\u00dft das deutsche Team zum Europameister, und Leichtathlet Frank Busemann holt bei den Olympischen Spielen in Atlanta Silber. Bestsellerautorin Hera Lind, Starproduzent Bernd Eichinger, ", "start_date": "2026-05-02T13:45:00+00:00", "title": "Unser Land in den 90ern"}, {"desc": "Das Jahr 1997 stand ganz im Zeichen des Kometen Hale-Bopp. Der war mit blo\u00dfem Auge sichtbar. Und pl\u00f6tzlich war NRW das Land der Hobbyastronomen. Ganz anders erging es Reinhold Ewald, ein waschechter Astronaut aus M\u00f6nchengladbach. In Moskau ausgebildet, trat er seinen ersten Raumflug an. N\u00e4chster Halt: MIR, die russische Raumstation. In 90 Minuten um die Welt. Mit im Marschgep\u00e4ck: ein Mixtape mit \"", "start_date": "2026-05-02T14:30:00+00:00", "title": "Unser Land in den 90ern"}, {"desc": "Island: eine Insel knapp unterhalb des Polarkreises. Gewaltige Naturkr\u00e4fte, imposante Wasserf\u00e4lle, feuerspeiende Vulkane und schier endlose Gletscher \u2013 ein Land aus Feuer und Eis. Der Inselstaat blickt auf eine lange Geschichte zur\u00fcck, gepr\u00e4gt von mutigen Siedlern und extremen Naturbedingungen. Die Mythologie spielt in Island eine wichtige Rolle. Gleichwohl zeigt sich die Insel zukunftsorientiert ", "start_date": "2026-05-02T15:15:00+00:00", "title": "Island von oben"}, {"desc": "Das Land im hohen Norden hat eine \u00fcber 7000 Kilometer lange K\u00fcstenlinie. Dort sind zahlreiche Relikte aus der Wikingerzeit erhalten wie die Ringburg Trelleborg. Bei Staatsbesuchen und gro\u00dfen Familienereignissen ist Schloss Fredensborg bevorzugte Residenz der K\u00f6nigsfamilie.", "start_date": "2026-05-02T16:00:00+00:00", "title": "D\u00e4nemark von oben"}, {"desc": "Ganz im S\u00fcdwesten Europas findet man endlos lange Sandstr\u00e4nde, eine wilde Natur und malerische D\u00f6rfer und St\u00e4dte: Besonders aus der Luft zeigt sich die ganze Sch\u00f6nheit Portugals. Portugal ist eine Entdeckernation. Ab dem 15. Jahrhundert bereisen die Portugiesen die Weltmeere, bringen Sch\u00e4tze und Reicht\u00fcmer mit. Heute entdecken viele Besucher Portugals reiche Natur und Kultur. In Portugal vereinen ", "start_date": "2026-05-02T16:45:00+00:00", "title": "Portugal von oben"}, {"desc": null, "start_date": "2026-05-02T17:30:00+00:00", "title": "phoenix pers\u00f6nlich"}, {"desc": "Seit 1952 informiert die Tagesschau als Nachrichtensendung in der Hauptsendung um 20.00 Uhr f\u00fcr 15 Minuten oder in k\u00fcrzeren Ausgaben t\u00e4glich \u00fcber den aktuellen Stand in den Bereichen Politik, Wirtschaft, Gesellschaft und Sport. Direkt im Anschluss folgen Prognosen f\u00fcr Deutschland zum Wetter der folgenden Tage und Woche.", "start_date": "2026-05-02T18:00:00+00:00", "title": "Tagesschau"}, {"desc": "Gro\u00dfbritanniens zweitkleinster Nationalpark im S\u00fcden des Landes trumpft ganz gro\u00df auf: Der New Forest diente seit 1079 K\u00f6nig Wilhelm, dem Eroberer (1027/28\u20131087) als Jagdrevier. Seither darf sich das Vieh der Anwohner frei im Wald bewegen und der Ackerbau in dem Gebiet wurde eingestellt.\\n\\nRund 4500 ganz besondere Bewohner, die New-Forest-Ponys, betreiben hier neben Rindern, Eseln, Schweinen und ", "start_date": "2026-05-02T18:15:00+00:00", "title": "Wald der wilden Ponys"}, {"desc": "Bergidylle in der Steiermark! Naturfilmerin Waltraud Paschinger und Kameramann Franz Posch erkunden die Moore und ihre Bewohner in den \u00f6sterreichischen Alpen. Sie beobachten Spinnen, die \u00fcber das Wasser laufen, und Zwergm\u00e4use, die Kugelnester bauen. \\n\\nIm P\u00fcrgschachen-Moor in Ardning zwischen Admont und Liezen wollen Wissenschaftler herausfinden, wie sich Moorland intakt halten l\u00e4sst. Der Grund: ", "start_date": "2026-05-02T19:00:00+00:00", "title": "Geheimnisvolle Moorlandschaften"}, {"desc": "Da m\u00f6gen die Schl\u00f6sser stolz thronen, die wahren Chefs im milden Weinbaugebiet regieren im Verborgenen: Wildkatze, Smaragdeidechse, Holzbiene & Co. sind hier zu Hause. \\n\\nDie Region zeichnet sich also deutlicherweise nicht nur durch 2.000 Jahre beeindruckende Geschichte aus, sondern auch durch die eindrucksvolle Vielfalt der Natur. 2002 wurde die Umgebung in einer seltenen Doppelauszeichnung von ", "start_date": "2026-05-02T19:45:00+00:00", "title": "Tierische Burgherren"}, {"desc": "Kaum gr\u00f6\u00dfer als Rheinland-Pfalz weist der aufstrebende Balkanstaat unber\u00fchrte Natur und \u00fcberraschende Artenvielfalt auf. \u00dcber 50 Tierarten sind hier beheimatet \u2014 vom imposanten Braunb\u00e4ren bis hin zum geheimnisvollen Grottenolm. Rund 13 Prozent des Staatsgebiets stehen unter Schutz (Deutschland: 3,6 Prozent). Die filmische Reise durch Flora und Fauna f\u00fchrt von den Julischen Alpen \u00fcber die Pannonisc", "start_date": "2026-05-02T20:30:00+00:00", "title": "Wildes Slowenien"}, {"desc": null, "start_date": "2026-05-02T21:15:00+00:00", "title": "Terra X-History"}, {"desc": "Deutschland Mitte der \"Goldenen Zwanziger Jahre\": Adolf Hitler ist noch ein unbekannter Provinzpolitiker. Parteien der demokratischen Mitte bestimmen die Politik. Sechs Jahre nach Ausrufung der ersten deutschen Republik scheint die junge Demokratie endlich stabil zu sein. Doch der Tod von Reichspr\u00e4sident Friedrich Ebert im Februar 1925 ersch\u00fcttert das Land. Nur wenige Stunden zuvor gr\u00fcndet Hitler ", "start_date": "2026-05-02T22:00:00+00:00", "title": "Countdown zur Diktatur"}, {"desc": "Der New Yorker B\u00f6rsencrash 1929 st\u00fcrzt die Welt in Arbeitslosigkeit, Armut und Inflation. Besonders hart trifft es Deutschland, das sich gerade erst von Krieg und Schulden zu erholen beginnt. Das Deutsche Reich ist jetzt seit zehn Jahren parlamentarische Demokratie. Aber die schwere Wirtschaftskrise nach dem \"Schwarzen Freitag\" l\u00e4sst die Zustimmung zur Demokratie rapide sinken. Immer mehr Deutsche", "start_date": "2026-05-02T22:45:00+00:00", "title": "Countdown zur Diktatur"}, {"desc": "Die Feinde der Demokratie nutzen die Krise, um das Parlament zu entmachten. Wird der Weg in eine nationalrevolution\u00e4re Diktatur, zur\u00fcck zur Monarchie oder in den Kommunismus f\u00fchren? In ganz Europa sind Rechtsnationalisten auf dem Vormarsch. Zwei von drei europ\u00e4ischen Demokratien \u00fcberstehen die zwei Jahrzehnte zwischen den Weltkriegen nicht. Bei den Wahlen zum Deutschen Reichstag im Juli 1932 wird ", "start_date": "2026-05-02T23:30:00+00:00", "title": "Countdown zur Diktatur"}], "offset": "+00:00", "timezone": "UTC", "error_code": -1, "start_date": "2026-05-01", "icon": ""}