{"end_date": "2026-08-30", "name": "3sat", "info_url": "https://epg.pw/channels/76682/20260829.html", "country": "Germany", "description": null, "error_message": "", "provider": "", "source_url": "https://epg.pw/api/epg.json?channel_id=76682&date=20260829&timezone=None", "epg_list": [{"desc": "Starke Schultern tragen mehr \u2013 auf diesem Prinzip beruht unser Sozialstaat. Doch es gibt in Deutschland viele Reiche, die durch ihre Steuern mehr zur Allgemeinheit beitragen k\u00f6nnten. Ihr Verm\u00f6gen ist oft so geschickt verpackt, dass es weitgehend vor Steuern gesch\u00fctzt ist. Multimillion\u00e4re und Milliard\u00e4re k\u00f6nnen die Erbschaftssteuer sogar komplett umgehen \u2013 und das v\u00f6llig legal. \"Reschke Fernsehen\" ", "start_date": "2026-08-29T00:00:00+00:00", "title": "Reschke Fernsehen"}, {"desc": "Nina Hartmann nimmt sich selbst und das Leben nicht zu ernst \u2013 darin liegt ihre St\u00e4rke. Mit viel Charme, Selbstironie und Gesp\u00fcr f\u00fcr Pointen erz\u00e4hlt sie von den kleinen Dramen des Alltags. Was dabei entsteht, ist ein Auftritt voller W\u00e4rme, Witz und dem guten Gef\u00fchl: Man ist mit dem ganzen Wahnsinn nicht allein. (Senderinfo).", "start_date": "2026-08-29T00:30:00+00:00", "title": "Donauinselfest"}, {"desc": "Wenn es um die wirklich wichtigen Dinge im Leben geht \u2013 Liebe, Lust und all die Irrungen und Wirrungen im Bett \u2013 ist Barbara Balldini die beste Ansprechperson. Mit entwaffnender Offenheit, Witz und Augenzwinkern spricht sie aus, was viele denken, aber sich oft nicht zu sagen trauen. Kein Tabu bleibt unber\u00fchrt und kein Auge trocken. Ein Auftritt voller Lachen, Staunen und \"Aha-Erlebnisse\" \u2013 ehrlich", "start_date": "2026-08-29T01:00:00+00:00", "title": "Donauinselfest"}, {"desc": "Comedy und Musik vereint: Das sind Suchtpotenzial. Bestehend aus Ariane M\u00fcller und Julia G\u00e1mez Martin bezaubern sie mit ihrer ansteckend guten Laune das Publikum. In ihrem Programm \"B\u00e4llebad Forever\" holen sie die Menschen aus der krisengeplagten Welt hinein in ein Bad voller Fr\u00f6hlichkeit, Spa\u00df und Musik. \u2013 3sat pr\u00e4sentiert den Auftritt der beiden aus dem \"Frankfurter Hof\" in Mainz. Zehn Jahre Suc", "start_date": "2026-08-29T01:30:00+00:00", "title": "Suchtpotenzial: B\u00e4llebad Forever"}, {"desc": "Malarina bringt dem Publikum beim \"3satFestival 2025\" jede Menge Witz, Charme und einen scharfen Blick auf gesellschaftliche Machtverh\u00e4ltnisse. Statt das Patriarchat zu bek\u00e4mpfen, macht Malarina das einzig Logische in ihrem Programm \"Troph\u00e4enraub\": Sie nutzt es f\u00fcr sich. Als b\u00fcrgerliche Pseudo-Feministin sucht sie ihren Vorteil \u2013 mit Klugheit und Eleganz. Also begibt sich die in \u00d6sterreich lebende", "start_date": "2026-08-29T02:15:00+00:00", "title": "Malarina: Troph\u00e4enraub"}, {"desc": "Eine Mischung aus Indie-Pop, Chanson und sehr viel Spa\u00df \u2013 das verspricht Marie Diot. Ein Abend voller Freude, auf den sich das Publikum beim \"3satFestival\" freuen kann. Gemeinsam mit dem Multiinstrumentalisten Fabian Gro\u00dfberg ber\u00fchrt sie regelm\u00e4\u00dfig das Publikum mit ihrem Programm \"Musik & Quatsch\". Dabei begeistern sie mit Charme, aber auch Ironie und Wortwitz. Ihre Lieder und Melodien verspr\u00fchen ", "start_date": "2026-08-29T02:45:00+00:00", "title": "Marie Diot: Musik & Quatsch"}, {"desc": "Freundliche \u00dcbernahme in der \"Happy Hour\": In dieser Spezialfolge \u00fcberl\u00e4sst Till Reiners die B\u00fchne der Senkrechtstarterin Teresa Reichl. Die Kabarettistin begr\u00fc\u00dft Horst Evers, Helene Bockhorst, Serdar Karibik, Lara Ermer und das furiose Musikduo Suchtpotenzial in der Berliner Kulturbrauerei. Im 15. Jahr ihres Bestehens wird die \"Happy Hour\" um vier Spezialausgaben erweitert: Bis zum 23. August 202", "start_date": "2026-08-29T03:15:00+00:00", "title": "Till Reiners' Happy Hour \u2013 Takeover"}, {"desc": "2017 mussten Menschen hier Schutz vor gl\u00fchenden Lavabrocken suchen. F\u00fcr den deutschen Forscher Boris Behncke ein Zeichen daf\u00fcr, dass der 3323 Meter hohe Vulkan, den die Sizilianer \u201eMama \u00c4tna\u201c nennen, immer explosiver wird. Winzer hingegen sch\u00e4tzen den fruchtbaren Boden. \\n\\nSo auch Chiara, die gemeinsam mit ihrem Mann Gianluca den \"Nerello Mascalese.", "start_date": "2026-08-29T04:05:00+00:00", "title": "\u00c4TNA \u2013 H\u00f6llenschlund im Mittelmeer"}, {"desc": "\"Kulturzeit\" ist das werkt\u00e4gliche Kulturmagazin von 3sat. \"Kulturzeit\" mischt sich in kulturelle und gesellschaftspolitische Fragen ein. Das Magazin bietet Hintergrundinformationen, Portr\u00e4ts und Gespr\u00e4che zu aktuellen und brisanten Fragen. (Senderinfo).", "start_date": "2026-08-29T04:20:00+00:00", "title": "Kulturzeit"}, {"desc": "Das 3sat-Wissenschaftsmagazin berichtet ausf\u00fchrlich, verst\u00e4ndlich und aktuell \u00fcber Technik, Medizin, Wissenschaft und Forschung. \"nano\" macht Zukunftsvisionen sichtbar und erfahrbar. Durch eine unterhaltsame, spannende und informative Mischung von Wissenschaftsfilmen macht \"nano\" seine Zuschauer fit f\u00fcr die Welt von morgen. \"nano\" ist ein aktuelles Magazin und enth\u00e4lt Studio- und Schaltgespr\u00e4che. ", "start_date": "2026-08-29T05:00:00+00:00", "title": "nano"}, {"desc": "\"Alpenpanorama\" zeigt eindrucksvolle Livebilder aus den Alpenregionen und liefert aktuelle Informationen zu Wetter und Temperaturen. Zahlreiche Web- und Panoramakameras \u00fcbertragen rund um die Uhr Aufnahmen aus beliebten Urlaubs- und Wintersportorten. Die Sendung erm\u00f6glicht einen direkten Blick auf die Bedingungen vor Ort und bietet Orientierung f\u00fcr Ausfl\u00fcge, Wanderungen oder den Skiurlaub. Gleichz", "start_date": "2026-08-29T05:30:00+00:00", "title": "Alpenpanorama"}, {"desc": "Die \"ZIB\" informiert t\u00e4glich \u00fcber die wichtigsten Ereignisse aus \u00d6sterreich und aller Welt. Die Nachrichtensendung berichtet aktuell und kompakt \u00fcber Entwicklungen in Politik, Wirtschaft, Gesellschaft und Sport. Ob internationale Krisen, innenpolitische Entscheidungen, wirtschaftliche Trends oder bedeutende Sportereignisse \u2013 die Redaktion ordnet das Tagesgeschehen ein und liefert verl\u00e4ssliche Info", "start_date": "2026-08-29T07:00:00+00:00", "title": "ZIB"}, {"desc": "Hinein ins pralle Leben: \"Kulturplatz\" greift auf, was die Menschen besch\u00e4ftigt, welche Fragen sie sich stellen. Und zeigt, dass die Kultur Antworten gibt. \"Kulturplatz\" findet mitten im Leben statt: im Supermarkt, am Musikfestival, im Wald. Denn Kultur ist viel mehr als Musik, Literatur und Kunst. Kultur durchdringt unser Leben. Wo jemand nachzudenken beginnt, da entsteht Kultur. Diesem Credo ist", "start_date": "2026-08-29T07:05:00+00:00", "title": "Kulturplatz"}, {"desc": "Malerische Seen bestimmen die Sch\u00f6nheit des \u00f6sterreichischen Ausseerlands, in dem Brauchtum, Handwerk und Tradition bis heute fest verankert sind. Vom Loserplateau aus pr\u00e4sentiert sich das pr\u00e4chtige Seen- und Bergpanorama des \"Steirischen Salzkammerguts\" vom Altausseer See \u00fcber den Grundlsee und den Toplitzsee bis zum Kammersee. Im Fr\u00fchling sind die Wiesen und H\u00e4nge im Ausseerland von duftenden, w", "start_date": "2026-08-29T07:35:00+00:00", "title": "Malerisches Ausseerland"}, {"desc": "Das Schloss Sch\u00f6nbrunn gilt als barockes Paradebeispiel und seine G\u00e4rten stehen dem in nichts nach. Die Reportage zeigt, wie viel Geschichte zwischen Hecken, Alleen und Blumenparterres steckt: einst B\u00fchne kaiserlicher Repr\u00e4sentation, heute ein Kulturdenkmal, das aufwendig gepflegt und erhalten werden muss. Hinter der makellosen Symmetrie verbergen sich Geschichten \u00fcber Macht, Leidenschaft und h\u00f6fi", "start_date": "2026-08-29T07:50:00+00:00", "title": "K\u00f6nigliche G\u00e4rten \u2013 Schloss Sch\u00f6nbrunn"}, {"desc": "Vor der Traumkulisse von Schloss Sch\u00f6nbrunn laden die Wiener Philharmoniker auch 2026 zum traditionellen Open-Air-Konzert ein. Erstmals dirigiert Lorenzo Viotti das Sommernachtskonzert der Wiener Philharmoniker. Auf dem Programm stehen bekannte Melodien aus Oper, Operette und Musical. Als Solist ist der walisische Bariton Bryn Terfel zu erleben. Der Schwerpunkt des diesj\u00e4hrigen Programms liegt auf", "start_date": "2026-08-29T08:40:00+00:00", "title": "Sommernachtskonzert Sch\u00f6nbrunn 2026"}, {"desc": "In Folge sechs der Jubil\u00e4umsstaffel von \"Liebesg'schichten und Heiratssachen\" besucht Nina Horowitz sechs Partnersuchende zu Hause. Die drei Damen und Herren kommen aus den Bundesl\u00e4ndern Wien, Nieder\u00f6sterreich, K\u00e4rnten, Steiermark und Tirol. Die aktive Wienerin Martina w\u00fcnscht sich einen humorvollen und eleganten Mann mit guten Manieren, mit dem sie Kultur, Kulinarik und vor allem viel Zweisamkeit", "start_date": "2026-08-29T10:15:00+00:00", "title": "Liebesg'schichten und Heiratssachen"}, {"desc": "Die \"ZIB\" informiert t\u00e4glich \u00fcber die wichtigsten Ereignisse aus \u00d6sterreich und aller Welt. Die Nachrichtensendung berichtet aktuell und kompakt \u00fcber Entwicklungen in Politik, Wirtschaft, Gesellschaft und Sport. Ob internationale Krisen, innenpolitische Entscheidungen, wirtschaftliche Trends oder bedeutende Sportereignisse \u2013 die Redaktion ordnet das Tagesgeschehen ein und liefert verl\u00e4ssliche Info", "start_date": "2026-08-29T11:00:00+00:00", "title": "ZIB"}, {"desc": "\"Notizen aus dem Ausland\" ist das Auslandsmagazin von 3sat. Monothematische, kurze Beitr\u00e4ge geben Einblicke in die gesellschaftliche oder politische Situation in einem Land der Welt. (Senderinfo).", "start_date": "2026-08-29T11:10:00+00:00", "title": "Notizen aus dem Ausland"}, {"desc": "Immer mehr Menschen in Bayern leben allein, vor allem auch im Alter. Wenn die Generationen nicht in einer Familie zusammenleben k\u00f6nnen, dann muss man sich dieses Miteinander eben schaffen. Das dachten sich Menschen aus Bamberg, die zusammen das selbstverwaltete Wohnprojekt Tocklerhof gr\u00fcndeten. Hier leben rund 20 Menschen zusammen, Jung und Alt, in eigenen Wohnungen, f\u00fcr die sie einen Gesellschaft", "start_date": "2026-08-29T11:15:00+00:00", "title": "Der Schmidt Max auf der Suche"}, {"desc": "Das \"L\u00e4ndermagazin\" berichtet aktuell aus den 16 deutschen Bundesl\u00e4ndern. Jede Woche steht ein anderes Bundesland im Fokus. Die Themen reichen von politischen \u00fcber kulturelle bis hin zu kuriosen Ereignissen. (Senderinfo).", "start_date": "2026-08-29T12:00:00+00:00", "title": "L\u00e4ndermagazin"}, {"desc": "Eine Kultsendung des Bayerischen Fernsehens, seit mehr als 30 Jahren: Bei \"Kunst + Krempel\" bewerten renommierte Experten aus Museum und Kunsthandel die mitgebrachten Antiquit\u00e4ten der G\u00e4ste. Wichtig sind dabei aber nicht nur deren Herkunft und Wert, sondern vor allem die Geschichten, die sie erz\u00e4hlen. \"Kunst + Krempel\" wird so zu einer spannenden und sehr lebendigen Zeitreise. (Senderinfo).", "start_date": "2026-08-29T12:30:00+00:00", "title": "Kunst + Krempel"}, {"desc": "Im Piemont ist im Oktober besonders viel los. Ausl\u00f6ser daf\u00fcr ist die Tr\u00fcffelmesse der Stadt Alba, der kulinarische H\u00f6hepunkt f\u00fcr alle Feinschmecker Italiens. Die Tr\u00fcffel nimmt im Piemont, in der Region \"am Fu\u00dfe des Berges.", "start_date": "2026-08-29T13:00:00+00:00", "title": "Reisezeit \u2013 Traumhafte Ziele"}, {"desc": "Wind, Wasser, Technik und gro\u00dfe Emotionen: Die Bregenzer Festspiele 2026 bringen zu ihrem 80. Geburtstag erstmals Verdis \"La traviata\" auf die Seeb\u00fchne. Die Dokumentation blickt hinter die Kulissen der gr\u00f6\u00dften Seeb\u00fchne der Welt und begleitet die Entstehung dieses au\u00dfergew\u00f6hnlichen Opernereignisses \u00fcber ein ganzes Jahr hinweg. Von den ersten musikalischen Proben \u00fcber den Bau des spektakul\u00e4ren B\u00fchne", "start_date": "2026-08-29T13:25:00+00:00", "title": "Bregenzer Festspiele: Verdis La traviata \u2013 Hinter den Kulissen der gr\u00f6\u00dften Seeb\u00fchne der Welt"}, {"desc": "Judenburg war einst bedeutende Kaufmannsstadt und Bindeglied zwischen Wien und Venedig. Heute zeigt sich die Stadt in neuem Glanz \u2013 gepr\u00e4gt von Wandel und gelebter Geschichte. Historisches verschmilzt mit Neuem und schafft ein Lebensgef\u00fchl zwischen Dolce Vita und steirischer Bodenst\u00e4ndigkeit. Menschen und Region gestalten diesen Aufbruch mit frischen Ideen. W\u00e4hrend ein Haubenkoch das italienische ", "start_date": "2026-08-29T13:55:00+00:00", "title": "Aufgetischt \u2013 Judenburg"}, {"desc": "Natur und Kultur, von Menschen erdachtes Design sowie die Formen und Farben der zahlreichen Parks und Gr\u00fcnoasen flie\u00dfen im \u00f6sterreichischen Graz nahtlos ineinander. Wie ein gr\u00fcner Mantel legen sich Stadtpark und Schlossberg um die Innenstadt, am Ufer der Mur lassen sich urbanes Flair und Architektur atmen. Der Film erkundet das k\u00fcnstlerische und kulinarische Graz entlang seiner gr\u00fcnen Lebensadern.", "start_date": "2026-08-29T14:40:00+00:00", "title": "Aufgetischt"}, {"desc": "... Das ist unversch\u00e4mt!\u201c Die pensionierte Lehrerin Ulla ist au\u00dfer sich, als ihr Gatte Paul am 50. Hochzeitstag gesteht, dass er sich in ihre \u00e4lteste Freundin Rita verliebt hat. Anstatt das Ja-Wort zu erneuern, verk\u00fcndet er seine Liebe zu Rita vor allen Partyg\u00e4sten, einschlie\u00dflich Rita. Was f\u00fcr eine Dem\u00fctigung! Eine Aff\u00e4re h\u00e4tte Ulla ihm ja verziehen, aber Paul scheint es wirklich ernst zu meinen.", "start_date": "2026-08-29T15:30:00+00:00", "title": "Ich will mein Gl\u00fcck zur\u00fcck"}, {"desc": "Die Nachrichtensendung \"heute\" informiert t\u00e4glich kompakt \u00fcber die wichtigsten Ereignisse aus Politik, Wirtschaft, Kultur, Gesellschaft, Sport und Wetter. Im Mittelpunkt steht eine \u00fcbersichtliche und verst\u00e4ndliche Einordnung des aktuellen Tagesgeschehens aus Deutschland und der Welt. Die Sendung bietet einen schnellen \u00dcberblick \u00fcber Entwicklungen und Hintergr\u00fcnde und wird auch im Programm von 3sat", "start_date": "2026-08-29T17:00:00+00:00", "title": "heute"}, {"desc": "Wetterf\u00fchligkeit, auch Meteoropathie oder Meteorotropismus genannt, beschreibt eine besondere Empfindlichkeit gegen\u00fcber Wetterver\u00e4nderungen. Betroffene reagieren sensibel auf Luftdruckschwankungen, F\u00f6hn, Hitzewellen, hohe Luftfeuchtigkeit, schw\u00fcle Luft oder Gewitter, was sich deutlich auf das k\u00f6rperliche und seelische Wohlbefinden auswirken kann. Die Sendung \"3sat Wetter\" bietet jedoch nicht nur f", "start_date": "2026-08-29T17:18:00+00:00", "title": "3sat-Wetter"}, {"desc": "Mailand \u2013 kaum eine andere Stadt steht so selbstverst\u00e4ndlich f\u00fcr Stil, Eleganz und guten Geschmack. Doch hinter der scheinbar l\u00e4ssigen Perfektion steckt weit mehr als ein gutes Gesp\u00fcr f\u00fcr Trends. Zwischen Laufsteg, Designklassikern und Pop kultiviert man in Norditalien die Kunst der Sprezzatura: Perfektion soll wie Leichtigkeit wirken. \\n\\nAber Perfektion kommt nicht von ungef\u00e4hr. Modemacherin Gen", "start_date": "2026-08-29T17:20:00+00:00", "title": "Metropolen des Pop: Mailand"}, {"desc": "Seit 1952 informiert die Tagesschau als Nachrichtensendung in der Hauptsendung um 20.00 Uhr f\u00fcr 15 Minuten oder in k\u00fcrzeren Ausgaben t\u00e4glich \u00fcber den aktuellen Stand in den Bereichen Politik, Wirtschaft, Gesellschaft und Sport. Direkt im Anschluss folgen Prognosen f\u00fcr Deutschland zum Wetter der folgenden Tage und Woche.", "start_date": "2026-08-29T18:00:00+00:00", "title": "Tagesschau"}, {"desc": "Ein gewaltiger, zerborstener Spiegel, dahinter der Bodensee! Damiano Michieletto verlegt Verdis Oper um die hingebungsvoll, aber vergeblich liebende Violetta im 80. Jahr der Bregenzer Festspiele in die Zeit der Roaring Twenties. \\n\\nIm Mittelpunkt steht Violetta, eine faszinierende Frau, die das Leben in vollen Z\u00fcgen genie\u00dft, bis sie auf die gro\u00dfe Liebe trifft. Doch in einer Gesellschaft, in der G", "start_date": "2026-08-29T18:15:00+00:00", "title": "La Traviata \u2013 von den Bregenzer Festspielen 2026"}, {"desc": "Mit 16 bricht Susanne Bartsch aus der Enge der Schweiz auf und findet in Londons Clubs eine neue Ausdrucksform f\u00fcr ihren Drang nach Freiheit, Stil und Selbstbestimmung. Sp\u00e4ter wird New York ihre B\u00fchne: Im Chelsea Hotel und der pulsierenden Partyszene der 1980er-Jahre entwickelt sie sich zur Ikone der Mode- und Nachtkultur. \\n\\nIhre legend\u00e4ren Events werden zu Schutzr\u00e4umen f\u00fcr die Queer-Community. ", "start_date": "2026-08-29T20:30:00+00:00", "title": "Die New Yorker Nachtclub-Ikone aus Bern"}, {"desc": "Die Taiwanesin \u00c9milie ist in Paris aufgewachsen. Nach ihrem Studium h\u00e4lt sie sich mit Gelegenheitsjobs \u00fcber Wasser. Sie sehnt sich nach Liebe, was sie sich selbst nicht eingestehen kann. Ohne Z\u00f6gern l\u00e4sst sie sich auf eine Aff\u00e4re mit ihrem neuen Mitbewohner Camille ein. \\n\\nDoch der desillusionierte Literaturlehrer ist nicht bereit, sich emotional zu binden \u2013 bis er Immobilienmaklerin Nora kennenl", "start_date": "2026-08-29T21:25:00+00:00", "title": "Wo in Paris die Sonne aufgeht"}, {"desc": "In der Habsburgermonarchie machte man nicht einfach Urlaub, man fuhr zur Sommerfrische. Eine oft wochenlange Erholung auf dem Land, am See oder am Meer war damals keine Seltenheit. Adelige und wohlhabende Gro\u00dfb\u00fcrger reisten mit den Annehmlichkeiten der Stadt aufs Land und verbanden die Vorz\u00fcge idyllischer Natur mit urbaner Geselligkeit. Das Salzkammergut, der W\u00f6rthersee, Triest und Abbazia sind nu", "start_date": "2026-08-29T23:05:00+00:00", "title": "Sommerfrische \u2013 Reisen wie zu Kaisers Zeiten"}, {"desc": "Das aktuelle Sportstudio widmet sich einer breiten Palette von Sportarten mit besonderem Fokus auf Fu\u00dfball, aber auch anderen Disziplinen wie Leichtathletik, Tennis und Wintersport. Die Sendung zeichnet sich durch umfassende Spielberichte, Interviews mit Sportler und Sportlerinnen und Trainer und Trainerinnen sowie Hintergrundberichte aus.\\n\\nEin charakteristisches Element ist das Torwandschie\u00dfen,", "start_date": "2026-08-30T00:00:00+00:00", "title": "Das aktuelle Sportstudio"}, {"desc": "Das Schloss Sch\u00f6nbrunn gilt als barockes Paradebeispiel und seine G\u00e4rten stehen dem in nichts nach. Die Reportage zeigt, wie viel Geschichte zwischen Hecken, Alleen und Blumenparterres steckt: einst B\u00fchne kaiserlicher Repr\u00e4sentation, heute ein Kulturdenkmal, das aufwendig gepflegt und erhalten werden muss. Hinter der makellosen Symmetrie verbergen sich Geschichten \u00fcber Macht, Leidenschaft und h\u00f6fi", "start_date": "2026-08-30T01:25:00+00:00", "title": "K\u00f6nigliche G\u00e4rten \u2013 Schloss Sch\u00f6nbrunn"}, {"desc": "Judenburg war einst bedeutende Kaufmannsstadt und Bindeglied zwischen Wien und Venedig. Heute zeigt sich die Stadt in neuem Glanz \u2013 gepr\u00e4gt von Wandel und gelebter Geschichte. Historisches verschmilzt mit Neuem und schafft ein Lebensgef\u00fchl zwischen Dolce Vita und steirischer Bodenst\u00e4ndigkeit. Menschen und Region gestalten diesen Aufbruch mit frischen Ideen. W\u00e4hrend ein Haubenkoch das italienische ", "start_date": "2026-08-30T02:15:00+00:00", "title": "Aufgetischt \u2013 Judenburg"}, {"desc": "Natur und Kultur, von Menschen erdachtes Design sowie die Formen und Farben der zahlreichen Parks und Gr\u00fcnoasen flie\u00dfen im \u00f6sterreichischen Graz nahtlos ineinander. Wie ein gr\u00fcner Mantel legen sich Stadtpark und Schlossberg um die Innenstadt, am Ufer der Mur lassen sich urbanes Flair und Architektur atmen. Der Film erkundet das k\u00fcnstlerische und kulinarische Graz entlang seiner gr\u00fcnen Lebensadern.", "start_date": "2026-08-30T03:00:00+00:00", "title": "Aufgetischt"}, {"desc": null, "start_date": "2026-08-30T03:50:00+00:00", "title": "Pause"}, {"desc": "K\u00e4rnten ist das \u00f6sterreichische Bundesland \u00d6sterreichs Tausender kristallklarer Seen und Fl\u00fcsse sowie der Wasserkraft, die fast den gesamten Strombedarf des Landes deckt. Dort trifft man Menschen, die Tradition und Fortschritt verbinden wollen: etwa einen Berufsfischer am Wei\u00dfensee, der sein Handwerk nachhaltig betreibt. Einen jungen Erfinder, der eine smarte App f\u00fcr Imkerinnen und Imker entwickel", "start_date": "2026-08-30T04:10:00+00:00", "title": "Faszination \u00d6sterreich: K\u00e4rnten"}, {"desc": "In K\u00e4rnten, in den Bergd\u00f6rfern der Karawanken, an der Drau, am W\u00f6rther-, Wei\u00dfen- und Millst\u00e4tter See leben viele Menschen am und vom Wasser. Der Film begleitet sie in ihrem Alltag. Die gro\u00dfartigen Naturlandschaften haben sich trotz Tourismus kaum ver\u00e4ndert. Noch immer gehen die Fl\u00f6\u00dfer am Wei\u00dfensee ihrer Arbeit am Wasser nach, gibt es Berufsfischer am Millst\u00e4tter See, werden die steilen Bergh\u00e4nge i", "start_date": "2026-08-30T04:55:00+00:00", "title": "Universum"}, {"desc": "In der Alpen-Adria-Region zwischen K\u00e4rnten und der italienischen Provinz Friaul beeindrucken Schl\u00f6sser und Herrenh\u00e4user. Noch heute sind einige im Besitz der Familien, die sie einst errichten lie\u00dfen. Friulanische Adelsfamilien, die ihren Sitz und ihre Stimmen im K\u00e4rntner Landtag hatten, lebten einst hier. Auch die Landschaft fasziniert mit einer hervorragenden Vielfalt auf so kleinem Raum. Der Fil", "start_date": "2026-08-30T05:40:00+00:00", "title": "Herrschaftliche Anwesen zwischen Alpen und Meer \u2013 Von K\u00e4rnten an die Adria"}, {"desc": "Wie wurde im Mittelalter eine Burg gebaut? Mit welchen Werkzeugen, welcher Technik? Antworten auf diese Fragen findet man in Friesach in \u00d6sterreichs s\u00fcdlichstem Bundesland K\u00e4rnten. Seit 2009 wird dort an der Burg Siegfriedstein gebaut: ein Labor f\u00fcr \"Experimentalgeschichte\". Der Film zeigt imposante Burganlagen und macht das Leben im Mittelalter nachvollziehbar \u2013 mit aufwendigen Spielszenen. Schau", "start_date": "2026-08-30T06:30:00+00:00", "title": "3satThementag: Natursch\u00f6nheit K\u00e4rnten"}, {"desc": "Die Karnischen Alpen liegen ganz im S\u00fcden von \u00d6sterreich und ziehen sich von Villach aus entlang der italienischen Grenze bis hin\u00fcber nach Osttirol. Sie sind eine bemerkenswerte Formation. F\u00fcr die Dreharbeiten legte das Filmteam um Manfred Christ viele Tausende Kilometer zur\u00fcck \u2013 auf der Autobahn zwischen Wien und dem Gailtal, mit dem Gel\u00e4ndewagen auf s\u00e4mtlichen Forststra\u00dfen der Region. Die Karnis", "start_date": "2026-08-30T07:25:00+00:00", "title": "3satThementag: Natursch\u00f6nheit K\u00e4rnten / Universum"}, {"desc": "Max H\u00f6llerer (Fritz Hammel) ist wie vom Donner ger\u00fchrt: Auf seinem Bootssteg steht die bezaubernde Gesch\u00e4ftsfrau Sarah Sand (Henriette Richter-Roehl) und er\u00f6ffnet ihm, dass sein malerisches Berghotel \u201eSeerose\u201c an ein internationales Konsortium verkauft wurde. \\n\\nDie Bank hat das verschuldete Anwesen einkassiert und einen Investor gefunden; nun soll es abgerissen werden und als gro\u00dfes Wellnesshote", "start_date": "2026-08-30T08:10:00+00:00", "title": "Heimat zu verkaufen"}, {"desc": "Im italienischen S\u00fcdtirol entspringt die Drau, dann schl\u00e4ngelt sie sich f\u00fcr 264 Kilometer zwischen Osttirol und K\u00e4rnten durch \u00d6sterreich. Sie ist nicht nur der gr\u00f6\u00dfte, sondern auch der bedeutendste Fluss im S\u00fcden \u00d6sterreichs und portr\u00e4tiert spektakul\u00e4re Flusslandschaften und Bergregionen.\\n\\nDie Doku zeigt Menschen, die am Fluss leben, und die kulturellen Traditionen, die dort noch lebendig sind. ", "start_date": "2026-08-30T09:35:00+00:00", "title": "3satThementag: Natursch\u00f6nheit K\u00e4rnten"}, {"desc": "Es gibt kaum eine Seenlandschaft in Europa, die so vielf\u00e4ltig ist wie die K\u00e4rntner Seenlandschaft. Diese versteckten, naturbelassenen Seen wollen entdeckt werden. Sie laden zu sportlichen, k\u00f6stlichen und entspannten Momenten ein. Egal ob Wassersport, Kulinarik oder beschauliches Erleben \u2013 jeder der rund 1270 Seen K\u00e4rntens verf\u00fchrt mit eigenem Charme, charakteristischer F\u00e4rbung und besonderer Wasse", "start_date": "2026-08-30T10:30:00+00:00", "title": "3satThementag: Natursch\u00f6nheit K\u00e4rnten"}, {"desc": "Die \"gro\u00dfen Vier\" \u2013 Wei\u00dfensee, W\u00f6rthersee, Ossiacher See und Millst\u00e4tter See \u2013 sind beliebte K\u00e4rntner Badeseen. Die Orte an ihren Ufern strahlen s\u00fcdliches Flair und Lebensfreude aus. K\u00e4rnten ist durch die Lage s\u00fcdlich des Alpenhauptkamms wetterbeg\u00fcnstigt. Die mediterrane Leichtigkeit an den gro\u00dfen K\u00e4rntner Seen lockt seit Generationen Sommerurlauber an. Die Seen laden zu Wassersportarten wie Ruder", "start_date": "2026-08-30T11:20:00+00:00", "title": "Seenland \u00d6sterreich \u2013 Gro\u00dfe Seen \u2013 s\u00fcdliches Flair"}, {"desc": "Mediterranes Klima, majest\u00e4tische Alpen und Hunderte sauberer Badeseen: willkommen im Paradies K\u00e4rnten! Kein Wunder, dass die Filmemacher hier auf gl\u00fcckliche Menschen trafen, wie etwa Toni Possegger, der am Millst\u00e4tter See Blasinstrumente baut.\\n\\n90-Minuten lang werden K\u00e4rntnerinnen und K\u00e4rntner, wie Toni begleitet, die ihre Leidenschaft in ihrer Heimat verwurzelt finden. Das Ergebnis ist ein fas", "start_date": "2026-08-30T12:15:00+00:00", "title": "3satThementag: Natursch\u00f6nheit K\u00e4rnten"}, {"desc": "Spieler Heinz (Friedrich von Thun) \u00fcberredet seinen pedantischen Schwager Hermann (Peter Weck) zu einer gemeinsamen Kreuzfahrt. Noch nicht an Bord, hat der Lebemann das Reisegeld bereits verzockt. W\u00fctend rauscht Hermann allein mit dem Wohnwagen gen Italien. Dort warten Heinz, eine Nacht im Gef\u00e4ngnis, ein Aufenthalt im Hospital und eine ganz reizende Krankenschwester (Susanne Uhlen)\u2026 \\nTausendsassa", "start_date": "2026-08-30T13:45:00+00:00", "title": "Herzensfeinde"}, {"desc": "Der charmante Lennie Berger hat von seinem Onkel das Schlosshotel Velden geerbt und will es auf Vordermann bringen. Das st\u00f6\u00dft bei den Angestellten und der Konkurrenz nicht nur auf Zuspruch. Spielfilm-Zusammenschnitt aus den Folgen der zweiten Staffel der erfolgreichen Kultserie \"Ein Schloss am W\u00f6rthersee\" mit Roy Black in seiner Paraderolle als charmanter Hotelbesitzer Lennie Berger. (Senderinfo).", "start_date": "2026-08-30T15:15:00+00:00", "title": "Ein Schloss am W\u00f6rthersee \u2013 Der Kinofilm"}, {"desc": "Das Land, wo die Zitronen bl\u00fchen, r\u00fcckt n\u00e4her: Der Klimawandel erm\u00f6glicht es auch \u00f6sterreichischen Bauern, S\u00fcdfr\u00fcchte anzupflanzen. In K\u00e4rnten gibt es bereits einen Zitronenbauern. Und auf Versuchsanlagen im nieder\u00f6sterreichischen Marchfeld werden exotische Pflanzen wie das s\u00fcdamerikanische Amaranth-Getreide gez\u00fcchtet. Denn in den letzten 100 Jahren ist die Durchschnittstemperatur um zwei Grad ges", "start_date": "2026-08-30T16:35:00+00:00", "title": "3satThementag: Natursch\u00f6nheit K\u00e4rnten"}, {"desc": "Gustav Mahler hatte eine, Brahms tr\u00e4umte von einer, und mag man den Ger\u00fcchten glauben, so schenkte der Kaiser h\u00f6chstpers\u00f6nlich seiner Geliebten eine: eine Villa am W\u00f6rthersee. Mit dem Anschluss der Bahnstrecke Wien-Klagenfurt der k. k. S\u00fcdbahn 1864 wurde der W\u00f6rthersee zu einer der edelsten Sommerfrische-Destinationen in der Donaumonarchie. So mancher beg\u00fcterte Sommerfrischler lie\u00df sich dort eine ", "start_date": "2026-08-30T16:45:00+00:00", "title": "Die Villen vom W\u00f6rthersee"}, {"desc": "Das M\u00f6lltal und das Maltatal: zwei T\u00e4ler \u2013 verbunden durch eindrucksvolle Bergwelten und die Gastfreundschaft der Menschen. Sie sind stolz auf das, was sie haben \u2013 ein St\u00fcck pures K\u00e4rnten. Vom Gro\u00dfglockner bis zur h\u00f6chsten Staumauer \u00d6sterreichs \u2013 im Nationalpark Hohe Tauern liegen Orte der Superlative. Doch im M\u00f6lltal und Maltatal warten auch abseits der gro\u00dfen Kulisse viele Orte darauf, entdeckt,", "start_date": "2026-08-30T17:30:00+00:00", "title": "Zwischen Fels und Fluss \u2013 Vom M\u00f6lltal ins Maltatal"}, {"desc": "Kein Puls, keine Atmung, die K\u00f6rpertemperatur auf 18,4 Grad gefallen. \u201eKeine Chance\u201c, sagt Kinderarzt Wenninger (Juergen Maurer), als Dr. H\u00f6chstmann (Ken Duken) die Reanimation der vierj\u00e4hrigen Kati beginnt. F\u00fcnfzehn Stunden wird er um das Leben des Kindes k\u00e4mpfen, das auf dem elterlichen Hof in einen Weiher fiel\u2026\\n\\nDer Film von Andreas Prochaska (\u201eDas finstere Tal\u201c) packt einen nach allen Regeln", "start_date": "2026-08-30T18:15:00+00:00", "title": "Das Wunder von K\u00e4rnten"}, {"desc": "Kein Wunder, dass Dorfpolizistin Martina Schober den Unsympathen verd\u00e4chtigt, als in ihrer kleinen K\u00e4rntner Gemeinde ein Mord geschieht. Ein Anwohner st\u00fcrzt vom Hochsitz \u2013 eine Sprosse der Leiter war pr\u00e4pariert. Dann wird auf das Auto von Bauer Guggenbauer senior geschossen, und Schobers Kollege Treichel f\u00e4llt ins Koma. Oberinspektorin Ilse Acham aus Klagenfurt reist an. \\n\\nLandflucht, Familienfe", "start_date": "2026-08-30T19:45:00+00:00", "title": "Landkrimi: Waidmannsdank"}, {"desc": "Dieser Fall ist eine Nummer zu gro\u00df f\u00fcr den K\u00e4rntner Dorfpolizisten Hannes Muck. Die junge Barbara Prantl wurde tot im alten Bergwerksstollen gefunden, sie tr\u00e4gt noch ihr Festkleid vom Reiftanz. Der nett-naive Postenkommandant Muck h\u00e4lt den Sturz in den Schacht f\u00fcr einen Unfall \u2013 bis der forsche Chefinspektor Pl\u00f6schberger aus Klagenfurt anreist und den Kollegen mit schlagenden Beweisen korrigiert.", "start_date": "2026-08-30T21:15:00+00:00", "title": "Landkrimi: Wenn du w\u00fcsstest, wie sch\u00f6n es hier ist"}, {"desc": "Kein Puls, keine Atmung, die K\u00f6rpertemperatur auf 18,4 Grad gefallen. \u201eKeine Chance\u201c, sagt Kinderarzt Wenninger (Juergen Maurer), als Dr. H\u00f6chstmann (Ken Duken) die Reanimation der vierj\u00e4hrigen Kati beginnt. F\u00fcnfzehn Stunden wird er um das Leben des Kindes k\u00e4mpfen, das auf dem elterlichen Hof in einen Weiher fiel\u2026\\n\\nDer Film von Andreas Prochaska (\u201eDas finstere Tal\u201c) packt einen nach allen Regeln", "start_date": "2026-08-30T22:45:00+00:00", "title": "Das Wunder von K\u00e4rnten"}], "offset": "+00:00", "timezone": "UTC", "error_code": -1, "start_date": "2026-08-29", "icon": ""}