{"end_date": "2026-05-03", "name": "tagesschau24", "info_url": "https://epg.pw/channels/76696/20260417.html", "country": "Germany", "description": null, "error_message": "", "provider": "", "source_url": "https://epg.pw/api/epg.json?channel_id=76696&date=20260417&timezone=None", "epg_list": [{"desc": "Das Wichtigste aus Politik, Wirtschaft, Kultur, Sport und Wissenschaft. Korrespondenten der ARD sorgen f\u00fcr schnelle und pr\u00e4zise News. Die Tagesschau-Ausgaben zur vollen Stunde werden teilweise mit Videotext-Untertiteln ausgestrahlt. (Senderinfo).", "start_date": "2026-05-02T00:00:00+00:00", "title": "Tagesschau-Nachrichten"}, {"desc": "Klar recherchiert Y-History-Reporterin Julia mit k\u00fcnstlicher Intelligenz! Sorgen hat ihr das lange nicht gemacht: \"Ich mache schlie\u00dflich was mit dem Kopf. Das kann mir keiner nehmen.\" Doch mittlerweile fragt sie sich: Wie lange noch? Ist das echt \"nur\" Arbeit 4.0, mit den \u00fcblichen Risiken und Nebenwirkungen? Oder killt KI im gro\u00dfen Stil Jobs \u2013 auch meinen? Julia probiert mit Forschern eine brandne", "start_date": "2026-05-02T00:15:00+00:00", "title": "Thema: Tag der Arbeit"}, {"desc": "Das Homeoffice ist zum Sinnbild der flexiblen Arbeitswelt geworden. Was uns so neu und zeitgem\u00e4\u00df erscheint, hat in Wahrheit eine lange Geschichte \u2013 fr\u00fcher hie\u00df es Telearbeit, Heimgewerbe, Hausindustrie oder Heimarbeit. \u00dcber Jahrhunderte hinweg war das Arbeiten zu Hause von Armut, Rechtlosigkeit und \u00dcberlastung gepr\u00e4gt. Es waren b\u00fcrgerlich-liberale Sozialreformer, die junge Sozialdemokratie und Gew", "start_date": "2026-05-02T00:45:00+00:00", "title": "Thema: Tag der Arbeit"}, {"desc": "Pflegeberuf \u2013 stressig und Traumberuf zugleich. In den Stralsunder Wohlfahrtseinrichtungen sollen pflegebed\u00fcrftige Menschen vor allem w\u00fcrdevoll altern. T\u00e4glich k\u00fcmmern sich neben den Pflegefachkr\u00e4ften auch Betreuerinnen um die Seniorinnen und Senioren, geben deren Alltag Struktur, motivieren und besch\u00e4ftigen sie. Ob demenzkrank oder stark gebrechlich, jeder Bewohner des Pflegeheims soll das bekomm", "start_date": "2026-05-02T01:30:00+00:00", "title": "Thema: Tag der Arbeit"}, {"desc": "Jeden Abend gibt es von uns das Wichtigste aus Politik, Kultur, Wirtschaft und Sport, die Szene-Trends und die Kiezgeschichten. Kurz: \"Wir sind ein Berliner\" \u2013 Die rbb24 Abendschau hat den Berlin-Blick: Nah an den Menschen und ihren Geschichten, rau aber herzlich. Immer um 19:30 Uhr. Egal wann etwas passiert, die rbb24 Abendschau ist dabei. (Senderinfo).", "start_date": "2026-05-02T02:00:00+00:00", "title": "rbb24 Abendschau"}, {"desc": "Die wichtigsten Ereignisse aus Politik, Gesellschaft, Kultur und Sport aus Brandenburg und Berlin kompakt zusammen gefasst und erg\u00e4nzt mit Hintergr\u00fcnden und Reportagen, wie etwa durch das Wochenendformat \u201eLandschleicher\u201c.", "start_date": "2026-05-02T02:30:00+00:00", "title": "Auswandern nach Down under \u2013 die Koalapflegerin"}, {"desc": "Seit 1952 informiert die Tagesschau als Nachrichtensendung in der Hauptsendung um 20.00 Uhr f\u00fcr 15 Minuten oder in k\u00fcrzeren Ausgaben t\u00e4glich \u00fcber den aktuellen Stand in den Bereichen Politik, Wirtschaft, Gesellschaft und Sport. Direkt im Anschluss folgen Prognosen f\u00fcr Deutschland zum Wetter der folgenden Tage und Woche.", "start_date": "2026-05-02T03:00:00+00:00", "title": "Tagesschau"}, {"desc": "Regionalmagazin im Fernsehen des Hessischen Rundfunks, das t\u00e4glich \u00fcber Aktuelles aus Politik, Wirtschaft, Gesellschaft und Kultur berichtet. Die Hauptausgabe l\u00e4uft um 19.30 Uhr, daneben gibt es seit Oktober 2009 verschiedene Kompaktausgaben. Moderiert wird das Magazin im Wechsel von Andreas Hieke, Daniel Joh\u00e9, H\u00fclya Deyneli und Kristin Gesang (Stand 10/2023).", "start_date": "2026-05-02T03:02:00+00:00", "title": "hessenschau"}, {"desc": "Der Mai beginnt mit dem \"Tag der Arbeit\" \u2013 einem Feiertag. Oh nein, mag sich jetzt Bundeskanzler Friedrich Merz denken, denn freie Tage sind schlecht f\u00fcr die deutsche Produktivit\u00e4t \u2013 schlecht f\u00fcr das Bruttosozialprodukt. Seiner Meinung nach m\u00fcssten die Deutschen wieder in die H\u00e4nde spucken, mehr und vor allem effizienter arbeiten. Sind die Deutschen zu faul? Zu h\u00e4ufig krank? Zu unambitioniert? Sei", "start_date": "2026-05-02T03:30:00+00:00", "title": "buten un binnen; regionalmagazin"}, {"desc": "Seit 1952 informiert die Tagesschau als Nachrichtensendung in der Hauptsendung um 20.00 Uhr f\u00fcr 15 Minuten oder in k\u00fcrzeren Ausgaben t\u00e4glich \u00fcber den aktuellen Stand in den Bereichen Politik, Wirtschaft, Gesellschaft und Sport. Direkt im Anschluss folgen Prognosen f\u00fcr Deutschland zum Wetter der folgenden Tage und Woche.", "start_date": "2026-05-02T04:00:00+00:00", "title": "Tagesschau"}, {"desc": "Sansibar \u2013 tropische Insel vor der K\u00fcste Ostafrikas. Schiffe aus aller Welt ankerten bis ins 19. Jahrhundert in der weiten Bucht der gleichnamigen Inselhauptstadt. Sansibar entwickelte sich zu einem bedeutenden Knotenpunkt im Indischen Ozeanhandel. Indische und arabische H\u00e4ndler lie\u00dfen sich hier nieder und kontrollierten die Gesch\u00e4fte. Sansibar zog nicht nur viele Seeleute, Kaufleute und Handwerke", "start_date": "2026-05-02T04:02:00+00:00", "title": "Sansibar \u2013 Des Sultans Perle vor Ostafrika"}, {"desc": "Extra wird t\u00e4glich aktuell im Programm von tagesschau24 eingesetzt. Extra schlie\u00dft L\u00fccken und informiert den Zuschauer in kurzen aktuellen Filmen aus den Bereichen Politik, Wirtschaft und Gesellschaft. Extra gibt es nur bei tagesschau24. (Senderinfo).", "start_date": "2026-05-02T04:17:00+00:00", "title": "Extra"}, {"desc": "\"MEX. das marktmagazin\" macht Wirtschaft konkret, menschlich, emotional. Wirtschaftspolitische Streitfragen werden auf die Erfahrungsebene der Zuschauer gebracht. Die Sendung deckt Missst\u00e4nde auf, geht \u00c4rgernissen auf den Grund und zeigt Konflikte auf. Wichtige Themenfelder sind Arbeit, Gesundheit und Verbraucherrecht. Den Schwerpunkt des Magazins bildet das allt\u00e4gliche Wirtschaften der Verbrauche", "start_date": "2026-05-02T04:30:00+00:00", "title": "MEX. das marktmagazin"}, {"desc": "Er ist ein echtes Kiez-Urgestein. Olli Zeriadke (57) war Hausmeister und Barkeeper, T\u00fcrsteher, Koberer und Inkasso-Dienstleister im Rotlichtmilieu. Der durchtrainierte Kampfsportler verkehrte mit Reeperbahn-Gr\u00f6\u00dfen wie Carsten Marek, Klaus Dieter Barkowsky (\"der sch\u00f6ne Klaus\") und Thomas Born (\"Karate-Tommy\") und wurde dann schon mit Anfang 20 Vater. Deshalb beschloss er, \"solide zu werden\" und kau", "start_date": "2026-05-02T05:15:00+00:00", "title": "Vom T\u00fcrsteher zum Herbergsvater -"}, {"desc": "Die Weltbilder blicken Woche f\u00fcr Woche bis zum Horizont und weiter. Sie erz\u00e4hlen die wichtigen Geschichten aus dem Ausland: bildstark und informativ. Julia-Niharika Sen zeigt zusammen mit den ARD-Korrespondenten weltweit den Alltag der Menschen im nahen und fernen Ausland: in packenden Reportagen, spannenden Geschichten und ber\u00fchrenden Portr\u00e4ts. (Senderinfo).", "start_date": "2026-05-02T05:45:00+00:00", "title": "Weltbilder"}, {"desc": "Y-Reportage aus einer fast frauenfreien Zone: In keiner anderen Branche arbeiten so wenige Frauen wie im Baugewerbe. Aber da gibt es noch Julia, Frieda, Sally und Anna. Sie arbeiten als Maurerin, Zimmerin, im Stra\u00dfen- und Hausbau. Alle vier Frauen verbindet die Liebe zu ihrem Beruf \u2013 und Erfahrungen mit Sexismus. Wie behaupten sie sich gegen Machos? Und warum sind Frauen wie sie immer noch die abs", "start_date": "2026-05-02T06:15:00+00:00", "title": "Frau auf'm Bau"}, {"desc": "Das Wichtigste aus Politik, Wirtschaft, Kultur, Sport und Wissenschaft. Korrespondenten der ARD sorgen f\u00fcr schnelle und pr\u00e4zise News. Die Tagesschau-Ausgaben zur vollen Stunde werden teilweise mit Videotext-Untertiteln ausgestrahlt. (Senderinfo).", "start_date": "2026-05-02T07:00:00+00:00", "title": "Tagesschau-Nachrichten"}, {"desc": "Das Wichtigste aus Politik, Wirtschaft, Kultur, Sport und Wissenschaft. Korrespondenten der ARD sorgen f\u00fcr schnelle und pr\u00e4zise News. Die Tagesschau-Ausgaben zur vollen Stunde werden teilweise mit Videotext-Untertiteln ausgestrahlt. (Senderinfo).", "start_date": "2026-05-02T10:00:00+00:00", "title": "Tagesschau-Nachrichten"}, {"desc": "Sie sind unser Markenzeichen, unser Werkzeug und ein Spiegel unserer Gesundheit: die Z\u00e4hne. Kaum ein anderer Teil des K\u00f6rpers wird so sehr mit Sch\u00f6nheit, Ausstrahlung und Wohlbefinden verbunden. Doch ein strahlendes L\u00e4cheln hat weit mehr Bedeutung als nur Kosmetik. Die Doku zeigt, wie eng Zahngesundheit mit dem gesamten Organismus verwoben ist.\\n\\nOb Fehlstellungen, Entz\u00fcndungen oder Zahnverlust \u2013", "start_date": "2026-05-02T10:15:00+00:00", "title": "Mein K\u00f6rper. Meine Z\u00e4hne"}, {"desc": "Das Wichtigste aus Politik, Wirtschaft, Kultur, Sport und Wissenschaft. Korrespondenten der ARD sorgen f\u00fcr schnelle und pr\u00e4zise News. Die Tagesschau-Ausgaben zur vollen Stunde werden teilweise mit Videotext-Untertiteln ausgestrahlt. (Senderinfo).", "start_date": "2026-05-02T11:00:00+00:00", "title": "Tagesschau-Nachrichten"}, {"desc": "Das Wichtigste aus Politik, Wirtschaft, Kultur, Sport und Wissenschaft. Korrespondenten der ARD sorgen f\u00fcr schnelle und pr\u00e4zise News. Die Tagesschau-Ausgaben zur vollen Stunde werden teilweise mit Videotext-Untertiteln ausgestrahlt. (Senderinfo).", "start_date": "2026-05-02T12:00:00+00:00", "title": "Tagesschau-Nachrichten"}, {"desc": "Schon Oma wusste: Wer rastet, der rostet. Die Dokumentation geht der Frage nach, wie sehr wir unser biologisches Alter selbst steuern k\u00f6nnen. Im Zentrum stehen faszinierende Pers\u00f6nlichkeiten wie der 82-j\u00e4hrige Friedhelm Adorf, der erst mit 50 zur Leichtathletik fand und heute als mehrfacher Weltmeister im Sprint zeigt, dass man auch im hohen Alter den J\u00fcngeren davonlaufen kann. Der Film begleitet ", "start_date": "2026-05-02T12:15:00+00:00", "title": "Mein K\u00f6rper. Mein Alter"}, {"desc": "Das Wichtigste aus Politik, Wirtschaft, Kultur, Sport und Wissenschaft. Korrespondenten der ARD sorgen f\u00fcr schnelle und pr\u00e4zise News. Die Tagesschau-Ausgaben zur vollen Stunde werden teilweise mit Videotext-Untertiteln ausgestrahlt. (Senderinfo).", "start_date": "2026-05-02T13:00:00+00:00", "title": "Tagesschau-Nachrichten"}, {"desc": "Weinbau in der Krise: Chancen durch Internationalisierung? Die Weinbranche in Deutschland ist im Umbruch: Sinkender Alkoholkonsum und steigende Produktionskosten stellen die Winzer vor massive Probleme. Experten gehen davon aus, dass gerade viele kleine Weing\u00fcter kaum mehr eine Zukunft haben. Und: Die US-Z\u00f6lle belasten den Export. Hier sind die Ausfuhren zuletzt deutlich eingebrochen. Nun suchen d", "start_date": "2026-05-02T13:30:00+00:00", "title": "Plusminus"}, {"desc": "Das Wichtigste aus Politik, Wirtschaft, Kultur, Sport und Wissenschaft. Korrespondenten der ARD sorgen f\u00fcr schnelle und pr\u00e4zise News. Die Tagesschau-Ausgaben zur vollen Stunde werden teilweise mit Videotext-Untertiteln ausgestrahlt. (Senderinfo).", "start_date": "2026-05-02T14:00:00+00:00", "title": "Tagesschau-Nachrichten"}, {"desc": "Die Weltbilder blicken Woche f\u00fcr Woche bis zum Horizont und weiter. Sie erz\u00e4hlen die wichtigen Geschichten aus dem Ausland: bildstark und informativ. Julia-Niharika Sen zeigt zusammen mit den ARD-Korrespondenten weltweit den Alltag der Menschen im nahen und fernen Ausland: in packenden Reportagen, spannenden Geschichten und ber\u00fchrenden Portr\u00e4ts. (Senderinfo).", "start_date": "2026-05-02T14:30:00+00:00", "title": "Weltbilder"}, {"desc": "Das Wichtigste aus Politik, Wirtschaft, Kultur, Sport und Wissenschaft. Korrespondenten der ARD sorgen f\u00fcr schnelle und pr\u00e4zise News. Die Tagesschau-Ausgaben zur vollen Stunde werden teilweise mit Videotext-Untertiteln ausgestrahlt. (Senderinfo).", "start_date": "2026-05-02T15:00:00+00:00", "title": "Tagesschau-Nachrichten"}, {"desc": "Politmagazin aus Berlin, das verspricht, den Dingen mit sorgf\u00e4ltiger Recherche auf den Grund zu gehen und nicht auf Politikerphrasen zu setzen. Produziert wird das im Wechsel mit Monitor und Panorama ausgestrahlte Format vom rbb.", "start_date": "2026-05-02T15:30:00+00:00", "title": "Kontraste"}, {"desc": "Das Wichtigste aus Politik, Wirtschaft, Kultur, Sport und Wissenschaft. Korrespondenten der ARD sorgen f\u00fcr schnelle und pr\u00e4zise News. Die Tagesschau-Ausgaben zur vollen Stunde werden teilweise mit Videotext-Untertiteln ausgestrahlt. (Senderinfo).", "start_date": "2026-05-02T16:00:00+00:00", "title": "Tagesschau-Nachrichten"}, {"desc": "Sie streben nach Macht und nutzen den Glauben, um ihre Ziele zu erreichen: Weltweit instrumentalisiert die radikale Rechte den christlichen Glauben als politische Waffe \u2013 eine Bewegung, die es bis ins Wei\u00dfe Haus geschafft hat. Nirgendwo sonst ist die Verschmelzung von radikalem Christentum und rechter Politik so offen sichtbar wie in den USA. Aber nicht nur dort. Auch in Deutschland missbrauchen r", "start_date": "2026-05-02T16:30:00+00:00", "title": "Kreuzzug von rechts \u2013 Die unheilvolle Allianz"}, {"desc": "Das Wichtigste aus Politik, Wirtschaft, Kultur, Sport und Wissenschaft. Korrespondenten der ARD sorgen f\u00fcr schnelle und pr\u00e4zise News. Die Tagesschau-Ausgaben zur vollen Stunde werden teilweise mit Videotext-Untertiteln ausgestrahlt. (Senderinfo).", "start_date": "2026-05-02T17:00:00+00:00", "title": "Tagesschau-Nachrichten"}, {"desc": "Ein junger Mann, augenscheinlich obdachlos, wird von einem Mob durch Rostock getrieben. Ein Hamburger filmt Menschen auf der Stra\u00dfe, stellt sie blo\u00df. Auf Social Media bekommt er Likes daf\u00fcr. In Moers pr\u00fcgeln Jugendliche auf zwei Wohnungslose ein. Einer der beiden M\u00e4nner stirbt etwas sp\u00e4ter im Krankenhaus. Es sind nur einige Beispiele von vielen. Die Zahl der wohnungslosen Menschen, die Opfer von G", "start_date": "2026-05-02T17:30:00+00:00", "title": "Panorama _ die Reporter"}, {"desc": "Seit 1952 informiert die Tagesschau als Nachrichtensendung in der Hauptsendung um 20.00 Uhr f\u00fcr 15 Minuten oder in k\u00fcrzeren Ausgaben t\u00e4glich \u00fcber den aktuellen Stand in den Bereichen Politik, Wirtschaft, Gesellschaft und Sport. Direkt im Anschluss folgen Prognosen f\u00fcr Deutschland zum Wetter der folgenden Tage und Woche.", "start_date": "2026-05-02T18:00:00+00:00", "title": "Tagesschau"}, {"desc": "Sie sind unser Markenzeichen, unser Werkzeug und ein Spiegel unserer Gesundheit: die Z\u00e4hne. Kaum ein anderer Teil des K\u00f6rpers wird so sehr mit Sch\u00f6nheit, Ausstrahlung und Wohlbefinden verbunden. Doch ein strahlendes L\u00e4cheln hat weit mehr Bedeutung als nur Kosmetik. Die Doku zeigt, wie eng Zahngesundheit mit dem gesamten Organismus verwoben ist.\\n\\nOb Fehlstellungen, Entz\u00fcndungen oder Zahnverlust \u2013", "start_date": "2026-05-02T18:15:00+00:00", "title": "Mein K\u00f6rper. Meine Z\u00e4hne"}, {"desc": "Seit 1952 informiert die Tagesschau als Nachrichtensendung in der Hauptsendung um 20.00 Uhr f\u00fcr 15 Minuten oder in k\u00fcrzeren Ausgaben t\u00e4glich \u00fcber den aktuellen Stand in den Bereichen Politik, Wirtschaft, Gesellschaft und Sport. Direkt im Anschluss folgen Prognosen f\u00fcr Deutschland zum Wetter der folgenden Tage und Woche.", "start_date": "2026-05-02T19:00:00+00:00", "title": "Tagesschau"}, {"desc": "Karies war fr\u00fcher das gr\u00f6\u00dfte Problem f\u00fcr unsere Z\u00e4hne. Heute stehen auch Zahnfleischentz\u00fcndungen und Paradontitis im Fokus. Welche Zahnerkrankungen es gibt, wie sie behandelt werden und wie eine sinnvolle Prophylaxe aussieht, dar\u00fcber spricht Ulrich Timm mit Prof. Sebastian Paris, dem Direktor des Instituts f\u00fcr Zahn-, Mund- und Kieferheilkunde der Charit\u00e9 in Berlin. (Senderinfo).", "start_date": "2026-05-02T19:02:00+00:00", "title": "Ulrich Timm im Gespr\u00e4ch"}, {"desc": "Die Zahlen sind alarmierend, rund elf Millionen Menschen in Deutschland leiden an einer schweren Parodontitis \u2013 das wohl bekannteste Fachwort der Zahnheilkunde. Kein Wunder, denn die bakterielle Zahnfleischentz\u00fcndung ist eine Volkskrankheit. Vor allem \u00e4ltere Erwachsene sind zunehmend betroffen. Die Sendung zeigt, welche Auswirkungen die oft untersch\u00e4tze Erkrankung f\u00fcr die Gesundheit hat und was ma", "start_date": "2026-05-02T19:32:00+00:00", "title": "Was Z\u00e4hne brauchen"}, {"desc": "\"Auch Dich kriegt der IS!\" steht auf einer Tafel \u2013 eine Drohung gegen einen Realschullehrer in Bonn, der im Unterricht f\u00fcr religi\u00f6se Toleranz wirbt. Derartige islamistische T\u00f6ne sind in der Schule sicher die Ausnahme. Allerdings berichten auch andere Lehrer von radikalen religi\u00f6sen Einfl\u00fcssen auf Schulh\u00f6fen: \"Da ging es darum, dass Essen auf dem Schulhof verboten wurde von einigen Kindern, weil si", "start_date": "2026-05-02T20:17:00+00:00", "title": "Klar"}, {"desc": "Extra wird t\u00e4glich aktuell im Programm von tagesschau24 eingesetzt. Extra schlie\u00dft L\u00fccken und informiert den Zuschauer in kurzen aktuellen Filmen aus den Bereichen Politik, Wirtschaft und Gesellschaft. Extra gibt es nur bei tagesschau24. (Senderinfo).", "start_date": "2026-05-02T20:47:00+00:00", "title": "Extra"}, {"desc": "Nachrichtenjournal im Ersten, das montags bis donnerstags meist um 22:15 Uhr, freitags um 21:45 Uhr, samstags nach der 20:15-Uhr-Sendung (oftmals eine Show oder ein Spielfilm) und sonntags um 22:45 Uhr ausgestrahlt wird.  Die Sendung dauert in der Regel 30 Minuten, seit dem 3. April 2020 wird auch die bislang 15-min\u00fctige Freitagsausgabe auf 30 Minuten verl\u00e4ngert. Die Tagesschau am Wochenende ist 2", "start_date": "2026-05-02T21:00:00+00:00", "title": "Tagesthemen"}, {"desc": "Ein junger Mann, augenscheinlich obdachlos, wird von einem Mob durch Rostock getrieben. Ein Hamburger filmt Menschen auf der Stra\u00dfe, stellt sie blo\u00df. Auf Social Media bekommt er Likes daf\u00fcr. In Moers pr\u00fcgeln Jugendliche auf zwei Wohnungslose ein. Einer der beiden M\u00e4nner stirbt etwas sp\u00e4ter im Krankenhaus. Es sind nur einige Beispiele von vielen. Die Zahl der wohnungslosen Menschen, die Opfer von G", "start_date": "2026-05-02T21:20:00+00:00", "title": "Panorama _ die Reporter"}, {"desc": "Mit der Tagesschau vor 20 Jahren hat ARD-alpha eine \"Daily.", "start_date": "2026-05-02T21:50:00+00:00", "title": "Tagesschau vor 20 Jahren"}, {"desc": "Karies war fr\u00fcher das gr\u00f6\u00dfte Problem f\u00fcr unsere Z\u00e4hne. Heute stehen auch Zahnfleischentz\u00fcndungen und Paradontitis im Fokus. Welche Zahnerkrankungen es gibt, wie sie behandelt werden und wie eine sinnvolle Prophylaxe aussieht, dar\u00fcber spricht Ulrich Timm mit Prof. Sebastian Paris, dem Direktor des Instituts f\u00fcr Zahn-, Mund- und Kieferheilkunde der Charit\u00e9 in Berlin. (Senderinfo).", "start_date": "2026-05-02T22:05:00+00:00", "title": "Ulrich Timm im Gespr\u00e4ch"}, {"desc": "Sie sind unser Markenzeichen, unser Werkzeug und ein Spiegel unserer Gesundheit: die Z\u00e4hne. Kaum ein anderer Teil des K\u00f6rpers wird so sehr mit Sch\u00f6nheit, Ausstrahlung und Wohlbefinden verbunden. Doch ein strahlendes L\u00e4cheln hat weit mehr Bedeutung als nur Kosmetik. Die Doku zeigt, wie eng Zahngesundheit mit dem gesamten Organismus verwoben ist.\\n\\nOb Fehlstellungen, Entz\u00fcndungen oder Zahnverlust \u2013", "start_date": "2026-05-02T22:35:00+00:00", "title": "Mein K\u00f6rper. Meine Z\u00e4hne"}, {"desc": "Seit 1952 informiert die Tagesschau als Nachrichtensendung in der Hauptsendung um 20.00 Uhr f\u00fcr 15 Minuten oder in k\u00fcrzeren Ausgaben t\u00e4glich \u00fcber den aktuellen Stand in den Bereichen Politik, Wirtschaft, Gesellschaft und Sport. Direkt im Anschluss folgen Prognosen f\u00fcr Deutschland zum Wetter der folgenden Tage und Woche.", "start_date": "2026-05-02T23:20:00+00:00", "title": "Tagesschau"}, {"desc": "Die Zahlen sind alarmierend, rund elf Millionen Menschen in Deutschland leiden an einer schweren Parodontitis \u2013 das wohl bekannteste Fachwort der Zahnheilkunde. Kein Wunder, denn die bakterielle Zahnfleischentz\u00fcndung ist eine Volkskrankheit. Vor allem \u00e4ltere Erwachsene sind zunehmend betroffen. \"odysso\" zeigt, welche Auswirkungen, die oft untersch\u00e4tze Erkrankung f\u00fcr die Gesundheit hat und was man ", "start_date": "2026-05-02T23:25:00+00:00", "title": "Was Z\u00e4hne brauchen"}, {"desc": "17 Stunden Bildschirmzeit, mehrere tausend Euro f\u00fcr Onlinedating und Netflix ist gesichtet: Wie s\u00fcchtig sind viele? Morgens als Erstes checkt man sein Handy und legt es abends als Letztes weg. Das Smartphone kontrolliert das Leben. SWR-Reporterin Jule Kaden will herausfinden, wie abh\u00e4ngig sie selbst von den Sozialen Medien ist und geht f\u00fcr sieben Tage in eine Rehaklinik f\u00fcr Sucht und Psychosomatik", "start_date": "2026-05-03T00:10:00+00:00", "title": "7 Tage ... Handy, Sucht und Klinik"}, {"desc": "Extra wird t\u00e4glich aktuell im Programm von tagesschau24 eingesetzt. Extra schlie\u00dft L\u00fccken und informiert den Zuschauer in kurzen aktuellen Filmen aus den Bereichen Politik, Wirtschaft und Gesellschaft. Extra gibt es nur bei tagesschau24. (Senderinfo).", "start_date": "2026-05-03T00:55:00+00:00", "title": "Extra"}, {"desc": "Das Wichtigste aus Politik, Wirtschaft, Kultur, Sport und Wissenschaft. Korrespondenten der ARD sorgen f\u00fcr schnelle und pr\u00e4zise News. Die Tagesschau-Ausgaben zur vollen Stunde werden teilweise mit Videotext-Untertiteln ausgestrahlt. (Senderinfo).", "start_date": "2026-05-03T01:00:00+00:00", "title": "Tagesschau-Nachrichten"}, {"desc": "Die Aktuelle Stunde ist die wichtigste landesweite Informationssendung des WDR Fernsehens. Ihr Erfolgsrezept ist einfach: schneller, besser, kompetenter und seri\u00f6ser sein als die Mitbewerber*innen. Die Zuschauer*innen k\u00f6nnen sich auf die Aktuelle Stunde verlassen: Berichte und Nachrichten, Informationen zu allen wichtigen Ereignissen und Entwicklungen, praktischer Service und nicht zuletzt unterha", "start_date": "2026-05-03T01:15:00+00:00", "title": "Aktuelle Stunde"}, {"desc": "Jeden Abend gibt es von uns das Wichtigste aus Politik, Kultur, Wirtschaft und Sport, die Szene-Trends und die Kiezgeschichten. Kurz: \"Wir sind ein Berliner\" \u2013 Die rbb24 Abendschau hat den Berlin-Blick: Nah an den Menschen und ihren Geschichten, rau aber herzlich. Immer um 19:30 Uhr. Egal wann etwas passiert, die rbb24 Abendschau ist dabei. (Senderinfo).", "start_date": "2026-05-03T02:00:00+00:00", "title": "rbb24 Abendschau"}, {"desc": "Der Wochenr\u00fcckblick f\u00fcrs Saarland und f\u00fcr die Saar-Lor-Lux-Region mit dem Wichtigsten aus Politik, Wirtschaft, Kultur und Sport. Information kompakt. (Senderinfo).", "start_date": "2026-05-03T02:30:00+00:00", "title": "daten der woche"}, {"desc": "Seit 1952 informiert die Tagesschau als Nachrichtensendung in der Hauptsendung um 20.00 Uhr f\u00fcr 15 Minuten oder in k\u00fcrzeren Ausgaben t\u00e4glich \u00fcber den aktuellen Stand in den Bereichen Politik, Wirtschaft, Gesellschaft und Sport. Direkt im Anschluss folgen Prognosen f\u00fcr Deutschland zum Wetter der folgenden Tage und Woche.", "start_date": "2026-05-03T03:00:00+00:00", "title": "Tagesschau"}, {"desc": "Regionalmagazin im Fernsehen des Hessischen Rundfunks, das t\u00e4glich \u00fcber Aktuelles aus Politik, Wirtschaft, Gesellschaft und Kultur berichtet. Die Hauptausgabe l\u00e4uft um 19.30 Uhr, daneben gibt es seit Oktober 2009 verschiedene Kompaktausgaben. Moderiert wird das Magazin im Wechsel von Andreas Hieke, Daniel Joh\u00e9, H\u00fclya Deyneli und Kristin Gesang (Stand 10/2023).", "start_date": "2026-05-03T03:02:00+00:00", "title": "hessenschau"}, {"desc": "Das bewegt Bremen, Bremerhaven und das Umland \u2013 das Regionalmagazin greift auf, wor\u00fcber die Menschen in der Region sprechen. Kritisch, direkt, ganz nah dran. Hier gibt es Platz f\u00fcr politische Diskussionen, Berichte \u00fcber gesellschaftliche Ereignisse, Reportagen aus dem Leben, kritische Interviews, Kultur und Musik. Auch der Sport kommt nicht zu kurz. Von Montag bis Freitag immer mit der Wochenserie", "start_date": "2026-05-03T03:30:00+00:00", "title": "buten un binnen; regionalmagazin"}, {"desc": "Seit 1952 informiert die Tagesschau als Nachrichtensendung in der Hauptsendung um 20.00 Uhr f\u00fcr 15 Minuten oder in k\u00fcrzeren Ausgaben t\u00e4glich \u00fcber den aktuellen Stand in den Bereichen Politik, Wirtschaft, Gesellschaft und Sport. Direkt im Anschluss folgen Prognosen f\u00fcr Deutschland zum Wetter der folgenden Tage und Woche.", "start_date": "2026-05-03T04:00:00+00:00", "title": "Tagesschau"}, {"desc": "\"Wir sind doch keine Tiere!", "start_date": "2026-05-03T04:02:00+00:00", "title": "Ausgeliefert \u2013 Das Gesch\u00e4ft mit Kurierfahrern"}, {"desc": "Extra wird t\u00e4glich aktuell im Programm von tagesschau24 eingesetzt. Extra schlie\u00dft L\u00fccken und informiert den Zuschauer in kurzen aktuellen Filmen aus den Bereichen Politik, Wirtschaft und Gesellschaft. Extra gibt es nur bei tagesschau24. (Senderinfo).", "start_date": "2026-05-03T04:47:00+00:00", "title": "Extra"}, {"desc": "Kann ich Blockchain-Technologie im Alltag nutzen? Kann KI meinen Job \u00fcbernehmen? Und wie funktioniert Machine Learning? Das und mehr zeigt \"Shift \u2013 Leben in der digitalen Welt\". Die Sendung untersucht ein Thema \u2013 tiefgr\u00fcndig und detailliert. Wir befragen Experten, liefern die wichtigsten Fakten und erkl\u00e4ren Kompliziertes gut verst\u00e4ndlich. Durchblick statt Halbwissen \u2013 mit Shift. (Senderinfo).", "start_date": "2026-05-03T05:00:00+00:00", "title": "Shift"}, {"desc": "Vielf\u00e4ltig und einmalig zugleich \u2013 das ist \"puzzle.", "start_date": "2026-05-03T05:15:00+00:00", "title": "puzzle"}, {"desc": "Seit einem Jahr ist Monika da Silva wieder zur\u00fcck in Litauen \u2013 nach 16 Jahren im Ausland. Ihren alten Arbeitgeber Google hat sie gegen ein kleines Start-up in der Hauptstadt Vilnius getauscht. Der Neustart in der Heimat ist nicht einfach: Monikas Kinder haben oft Heimweh nach Irland, wo sie zuletzt gelebt hat, und die Pendelei ins B\u00fcro ist stressig. Bereut hat sie ihre Entscheidung aber nicht: \"Es", "start_date": "2026-05-03T05:45:00+00:00", "title": "arte Re:"}, {"desc": "Dichter Stra\u00dfenverkehr, riesige Baustellen oder startende Flugzeuge \u00fcber dem Hausdach: L\u00e4rm geh\u00f6rt f\u00fcr viele Menschen zum Alltag. Doch was f\u00fcr die einen blo\u00df ein Hintergrundrauschen ist, bedeutet f\u00fcr andere schlaflose N\u00e4chte, Stress und Angst. In Deutschland ist es nachweislich zu laut, doch die Belastung durch L\u00e4rm ist ungleich verteilt und nicht alle Menschen k\u00f6nnen sich gleicherma\u00dfen sch\u00fctzen. ", "start_date": "2026-05-03T06:15:00+00:00", "title": "NDR Story"}, {"desc": "Das Wichtigste aus Politik, Wirtschaft, Kultur, Sport und Wissenschaft. Korrespondenten der ARD sorgen f\u00fcr schnelle und pr\u00e4zise News. Die Tagesschau-Ausgaben zur vollen Stunde werden teilweise mit Videotext-Untertiteln ausgestrahlt. (Senderinfo).", "start_date": "2026-05-03T07:00:00+00:00", "title": "Tagesschau-Nachrichten"}, {"desc": "Das Wichtigste aus Politik, Wirtschaft, Kultur, Sport und Wissenschaft. Korrespondenten der ARD sorgen f\u00fcr schnelle und pr\u00e4zise News. Die Tagesschau-Ausgaben zur vollen Stunde werden teilweise mit Videotext-Untertiteln ausgestrahlt. (Senderinfo).", "start_date": "2026-05-03T10:00:00+00:00", "title": "Tagesschau-Nachrichten"}, {"desc": "\u201eJeder ist seines Gl\u00fcckes Schmied\u201c \u2013 dieser Leitsatz steht in der modernen Gesellschaft massiv auf dem Pr\u00fcfstand. Die Dokumentation beleuchtet die Realit\u00e4t, dass soziale Mobilit\u00e4t in Deutschland immer schwieriger wird: Der Einfluss des Elternhauses auf das sp\u00e4tere Einkommen hat sich seit den 1970er-Jahren fast verdoppelt. Reporter Manuel Biallas begibt sich auf eine Spurensuche und trifft Menschen", "start_date": "2026-05-03T10:15:00+00:00", "title": "Die L\u00fcge vom sozialen Aufstieg?"}, {"desc": "Das Wichtigste aus Politik, Wirtschaft, Kultur, Sport und Wissenschaft. Korrespondenten der ARD sorgen f\u00fcr schnelle und pr\u00e4zise News. Die Tagesschau-Ausgaben zur vollen Stunde werden teilweise mit Videotext-Untertiteln ausgestrahlt. (Senderinfo).", "start_date": "2026-05-03T11:00:00+00:00", "title": "Tagesschau-Nachrichten"}, {"desc": "Corinna Wolf-Bartens ist vieles: Lehrerin, Quereinsteigerin, promovierte Biologin, Mutter von drei Kindern und Hauptverdienerin der Familie. Jeder Tag Achterbahn. Wie f\u00fchlt sich so ein Tag im Leben der Lehrerin an? Um das erleben zu k\u00f6nnen, tr\u00e4gt sie f\u00fcr ein paar Wochen eine Mini-Action-Kamera auf der Stirn. Eine etwas andere, abenteuerliche NDR Story aus dem Brennglas der Gesellschaft: dem deutsc", "start_date": "2026-05-03T11:15:00+00:00", "title": "Brennpunkt Schule: Tagebuch einer Lehrerin"}, {"desc": "Das Wichtigste aus Politik, Wirtschaft, Kultur, Sport und Wissenschaft. Korrespondenten der ARD sorgen f\u00fcr schnelle und pr\u00e4zise News. Die Tagesschau-Ausgaben zur vollen Stunde werden teilweise mit Videotext-Untertiteln ausgestrahlt. (Senderinfo).", "start_date": "2026-05-03T12:00:00+00:00", "title": "Tagesschau-Nachrichten"}, {"desc": "Der Presseclub ist eine aktuelle Diskussionssendung, in der das jeweils wichtigste politische Thema der Woche aufgearbeitet wird. Journalistinnen und Journalisten mit unterschiedlichen Standpunkten analysieren aus unterschiedlichen Blickwinkeln politische Ereignisse und Entwicklungen. Dabei wird der Hintergrund von Schlagzeilen aufgehellt, und es entsteht im Dialog ein Wettstreit um die Interpreta", "start_date": "2026-05-03T12:15:00+00:00", "title": "Presseclub"}, {"desc": "Das Wichtigste aus Politik, Wirtschaft, Kultur, Sport und Wissenschaft. Korrespondenten der ARD sorgen f\u00fcr schnelle und pr\u00e4zise News. Die Tagesschau-Ausgaben zur vollen Stunde werden teilweise mit Videotext-Untertiteln ausgestrahlt. (Senderinfo).", "start_date": "2026-05-03T13:00:00+00:00", "title": "Tagesschau-Nachrichten"}, {"desc": "Langweilige Eurokraten, staubtrockene Dossiers, nichts als \u00e4ltere Herren in dunklen Anz\u00fcgen? Europa ist ganz anders, auch wenn es sich nicht auf den ersten Blick erschlie\u00dft. Wer bin ich, und wenn ja wie viele, dieser Berliner Sponti-Spruch beschreibt exakt die Herausforderung und die M\u00f6glichkeiten eines geeinten Europa. Diesen Prozess begleiten, fremde Mentalit\u00e4ten und Perspektiven zeigen, will da", "start_date": "2026-05-03T13:30:00+00:00", "title": "Europamagazin"}, {"desc": "Das Wichtigste aus Politik, Wirtschaft, Kultur, Sport und Wissenschaft. Korrespondenten der ARD sorgen f\u00fcr schnelle und pr\u00e4zise News. Die Tagesschau-Ausgaben zur vollen Stunde werden teilweise mit Videotext-Untertiteln ausgestrahlt. (Senderinfo).", "start_date": "2026-05-03T14:00:00+00:00", "title": "Tagesschau-Nachrichten"}, {"desc": "Ohne das sch\u00fctzende Erdmagnetfeld w\u00e4re die Welt, wie wir sie kennen, kaum m\u00f6glich. Polarlichter zeigen die faszinierende Seite dieses unsichtbaren Schutzes vor der Sonne. Doch wie robust ist er? Und welche Folgen h\u00e4tte ein starker Sonnensturm f\u00fcr Satelliten, Navigation und im Extremfall sogar Teile unserer Infrastruktur? Wir zeigen, wie gut wir darauf vorbereitet sind. Und wir zeigen, wie der Magn", "start_date": "2026-05-03T14:30:00+00:00", "title": "Quarks im Ersten"}, {"desc": "Das Wichtigste aus Politik, Wirtschaft, Kultur, Sport und Wissenschaft. Korrespondenten der ARD sorgen f\u00fcr schnelle und pr\u00e4zise News. Die Tagesschau-Ausgaben zur vollen Stunde werden teilweise mit Videotext-Untertiteln ausgestrahlt. (Senderinfo).", "start_date": "2026-05-03T15:00:00+00:00", "title": "Tagesschau-Nachrichten"}, {"desc": "Ein junger Mann, augenscheinlich obdachlos, wird von einem Mob durch Rostock getrieben. Ein Hamburger filmt Menschen auf der Stra\u00dfe, stellt sie blo\u00df. Auf Social Media bekommt er Likes daf\u00fcr. In Moers pr\u00fcgeln Jugendliche auf zwei Wohnungslose ein. Einer der beiden M\u00e4nner stirbt etwas sp\u00e4ter im Krankenhaus. Es sind nur einige Beispiele von vielen. Die Zahl der wohnungslosen Menschen, die Opfer von G", "start_date": "2026-05-03T15:30:00+00:00", "title": "Panorama _ die Reporter"}, {"desc": "Jeden Sonntag erkl\u00e4rt der \"Bericht aus Berlin\" das aktuelle bundespolitische Geschehen. Im Zentrum der Berichterstattung stehen die Folgen und Konsequenzen politischer Entscheidungen f\u00fcr die Zuschauer und Zuschauerinnen.", "start_date": "2026-05-03T16:00:00+00:00", "title": "Bericht aus Berlin"}, {"desc": "Das in Deutschland wohl beliebteste Auslandsmagazin bringt packende Reportagen, die dem Zuschauer nicht zuletzt bei der Orientierung \u00fcber die aktuellen Ereignisse auf dem Globus helfen sollen. (Senderinfo).", "start_date": "2026-05-03T16:30:00+00:00", "title": "Weltspiegel"}, {"desc": "Das Wichtigste aus Politik, Wirtschaft, Kultur, Sport und Wissenschaft. Korrespondenten der ARD sorgen f\u00fcr schnelle und pr\u00e4zise News. Die Tagesschau-Ausgaben zur vollen Stunde werden teilweise mit Videotext-Untertiteln ausgestrahlt. (Senderinfo).", "start_date": "2026-05-03T17:15:00+00:00", "title": "Tagesschau-Nachrichten"}, {"desc": "Seit 1952 informiert die Tagesschau als Nachrichtensendung in der Hauptsendung um 20.00 Uhr f\u00fcr 15 Minuten oder in k\u00fcrzeren Ausgaben t\u00e4glich \u00fcber den aktuellen Stand in den Bereichen Politik, Wirtschaft, Gesellschaft und Sport. Direkt im Anschluss folgen Prognosen f\u00fcr Deutschland zum Wetter der folgenden Tage und Woche.", "start_date": "2026-05-03T18:00:00+00:00", "title": "Tagesschau"}, {"desc": "Als Fotografin f\u00fcr die European Pressphoto Agency (EPA) und sp\u00e4ter Associated Press (AP) wurde Anja Niedringhaus zur Wegbereiterin in einem Beruf, in dem der Frauenanteil bis heute verschwindend gering ist. Den Begriff \"Kriegsfotografin\" lehnte sie f\u00fcr sich ab, richtete stattdessen ihren Blick auf die Folgen f\u00fcr die Menschen und suchte selbst im schlimmsten Grauen nach Inseln der Humanit\u00e4t. Hierf\u00fc", "start_date": "2026-05-03T18:15:00+00:00", "title": "Die Fotografin und der Krieg"}, {"desc": "Seit 1952 informiert die Tagesschau als Nachrichtensendung in der Hauptsendung um 20.00 Uhr f\u00fcr 15 Minuten oder in k\u00fcrzeren Ausgaben t\u00e4glich \u00fcber den aktuellen Stand in den Bereichen Politik, Wirtschaft, Gesellschaft und Sport. Direkt im Anschluss folgen Prognosen f\u00fcr Deutschland zum Wetter der folgenden Tage und Woche.", "start_date": "2026-05-03T19:45:00+00:00", "title": "Tagesschau"}, {"desc": "Jeden Sonntag erkl\u00e4rt der \"Bericht aus Berlin\" das aktuelle bundespolitische Geschehen. Im Zentrum der Berichterstattung stehen die Folgen und Konsequenzen politischer Entscheidungen f\u00fcr die Zuschauer und Zuschauerinnen.", "start_date": "2026-05-03T19:47:00+00:00", "title": "Bericht aus Berlin"}, {"desc": "Der Internist Mohamed Cherbagi aus Syrien pendelt jeden Morgen von Dresden nach Freiberg. Im Kreiskrankenhaus arbeitet er eng mit deutschen und internationalen Kollegen. Anfangs gab es Sprachh\u00fcrden und Vorurteile, heute ist er fester Teil des Teams. Mehr als 50.000 zugewanderte \u00c4rzte st\u00fctzen den medizinischen Betrieb an deutschen Krankenh\u00e4usern. Ihr Einsatz ist l\u00e4ngt unverzichtbar. In Freiberg sta", "start_date": "2026-05-03T20:17:00+00:00", "title": "Heute im Osten _ Reportage"}, {"desc": "Extra wird t\u00e4glich aktuell im Programm von tagesschau24 eingesetzt. Extra schlie\u00dft L\u00fccken und informiert den Zuschauer in kurzen aktuellen Filmen aus den Bereichen Politik, Wirtschaft und Gesellschaft. Extra gibt es nur bei tagesschau24. (Senderinfo).", "start_date": "2026-05-03T20:32:00+00:00", "title": "Extra"}, {"desc": "Nachrichtenjournal im Ersten, das montags bis donnerstags meist um 22:15 Uhr, freitags um 21:45 Uhr, samstags nach der 20:15-Uhr-Sendung (oftmals eine Show oder ein Spielfilm) und sonntags um 22:45 Uhr ausgestrahlt wird.  Die Sendung dauert in der Regel 30 Minuten, seit dem 3. April 2020 wird auch die bislang 15-min\u00fctige Freitagsausgabe auf 30 Minuten verl\u00e4ngert. Die Tagesschau am Wochenende ist 2", "start_date": "2026-05-03T20:45:00+00:00", "title": "Tagesthemen"}, {"desc": "Das in Deutschland wohl beliebteste Auslandsmagazin bringt packende Reportagen, die dem Zuschauer nicht zuletzt bei der Orientierung \u00fcber die aktuellen Ereignisse auf dem Globus helfen sollen. (Senderinfo).", "start_date": "2026-05-03T21:05:00+00:00", "title": "Weltspiegel"}, {"desc": "Mit der Tagesschau vor 20 Jahren hat ARD-alpha eine \"Daily.", "start_date": "2026-05-03T21:50:00+00:00", "title": "Tagesschau vor 20 Jahren"}, {"desc": "Als Fotografin f\u00fcr die European Pressphoto Agency (EPA) und sp\u00e4ter Associated Press (AP) wurde Anja Niedringhaus zur Wegbereiterin in einem Beruf, in dem der Frauenanteil bis heute verschwindend gering ist. Den Begriff \"Kriegsfotografin\" lehnte sie f\u00fcr sich ab, richtete stattdessen ihren Blick auf die Folgen f\u00fcr die Menschen und suchte selbst im schlimmsten Grauen nach Inseln der Humanit\u00e4t. Hierf\u00fc", "start_date": "2026-05-03T22:07:00+00:00", "title": "Die Fotografin und der Krieg"}, {"desc": "Seit 1952 informiert die Tagesschau als Nachrichtensendung in der Hauptsendung um 20.00 Uhr f\u00fcr 15 Minuten oder in k\u00fcrzeren Ausgaben t\u00e4glich \u00fcber den aktuellen Stand in den Bereichen Politik, Wirtschaft, Gesellschaft und Sport. Direkt im Anschluss folgen Prognosen f\u00fcr Deutschland zum Wetter der folgenden Tage und Woche.", "start_date": "2026-05-03T23:38:00+00:00", "title": "Tagesschau"}, {"desc": "Der Presseclub ist eine aktuelle Diskussionssendung, in der das jeweils wichtigste politische Thema der Woche aufgearbeitet wird. Journalistinnen und Journalisten mit unterschiedlichen Standpunkten analysieren aus unterschiedlichen Blickwinkeln politische Ereignisse und Entwicklungen. Dabei wird der Hintergrund von Schlagzeilen aufgehellt, und es entsteht im Dialog ein Wettstreit um die Interpreta", "start_date": "2026-05-03T23:43:00+00:00", "title": "Presseclub"}], "offset": "+00:00", "timezone": "UTC", "error_code": -1, "start_date": "2026-05-02", "icon": ""}